{"id":604770,"date":"2025-12-17T08:08:32","date_gmt":"2025-12-17T08:08:32","guid":{"rendered":"https:\/\/www.europesays.com\/fr\/604770\/"},"modified":"2025-12-17T08:08:32","modified_gmt":"2025-12-17T08:08:32","slug":"grenoble-un-incendie-dorigine-criminelle-dans-une-mosquee-du-quartier-saint-bruno","status":"publish","type":"post","link":"https:\/\/www.europesays.com\/fr\/604770\/","title":{"rendered":"Grenoble : Un incendie d\u2019origine criminelle dans une mosqu\u00e9e du quartier Saint-Bruno"},"content":{"rendered":"<p class=\"mb-4 text-lg md:leading-8 break-words\"><strong>lieu de culte &#8211; Un incendie volontaire a \u00e9t\u00e9 constat\u00e9 dans les parties communes d\u2019un b\u00e2timent de ce lieu saint grenoblois<\/strong><\/p>\n<p class=\"mb-4 text-lg md:leading-8 break-words\">Selon les informations d\u2019<a href=\"https:\/\/actu.fr\/auvergne-rhone-alpes\/grenoble_38185\/grenoble-un-incendie-se-declare-a-l-entree-d-une-mosquee-une-enquete-ouverte_63577748.html?at_medium=RSS%20feed&amp;at_campaign=ynews&amp;utm_source=yahoo&amp;utm_medium=rss&amp;utm_campaign=news_feed&amp;utm_content=in_article_link\" rel=\"nofollow noopener\" target=\"_blank\" data-ylk=\"slk:Actu.fr;elm:context_link;itc:0;sec:content-canvas\" class=\"link \">Actu.fr<\/a>, un incendie d\u2019origine criminelle s\u2019est d\u00e9clench\u00e9 dans la nuit de dimanche \u00e0 lundi, peu avant 2 heures du matin, dans un b\u00e2timent accueillant une mosqu\u00e9e situ\u00e9e rue Abb\u00e9-Gr\u00e9goire, \u00e0 proximit\u00e9 de la place Saint-Bruno, \u00e0 Grenoble (<a href=\"https:\/\/www.20minutes.fr\/societe\/isere\/?at_medium=RSS%20feed&amp;at_campaign=ynews&amp;utm_source=yahoo&amp;utm_medium=rss&amp;utm_campaign=news_feed&amp;utm_content=in_article_link\" rel=\"nofollow noopener\" target=\"_blank\" data-ylk=\"slk:Is\u00e8re;elm:context_link;itc:0;sec:content-canvas\" class=\"link \">Is\u00e8re<\/a>). Selon des sources polici\u00e8res cit\u00e9es par l\u2019AFP, le feu a pris dans les parties communes de l\u2019immeuble, avant d\u2019\u00eatre rapidement ma\u00eetris\u00e9.<\/p>\n<p class=\"mb-4 text-lg md:leading-8 break-words\">Le sinistre a \u00e9t\u00e9 \u00e9teint par un r\u00e9sident, qui a \u00e9vit\u00e9 ainsi toute propagation \u00e0 l\u2019ensemble du b\u00e2timent. <a href=\"https:\/\/www.20minutes.fr\/faits_divers\/4191591-20251215-haute-corse-boite-nuit-ravagee-incendie-bastia?at_medium=RSS%20feed&amp;at_campaign=ynews&amp;utm_source=yahoo&amp;utm_medium=rss&amp;utm_campaign=news_feed&amp;utm_content=in_article_link\" rel=\"nofollow noopener\" target=\"_blank\" data-ylk=\"slk:Les flammes;elm:context_link;itc:0;sec:content-canvas\" class=\"link \">Les flammes<\/a> ont touch\u00e9 un placard \u00e0 chaussures ainsi que des tapis dispos\u00e9s dans le couloir menant \u00e0 la mosqu\u00e9e. Aucun relogement n\u2019a \u00e9t\u00e9 n\u00e9cessaire et les d\u00e9g\u00e2ts mat\u00e9riels sont rest\u00e9s limit\u00e9s.<\/p>\n<p>Une personne incommod\u00e9e et une enqu\u00eate confi\u00e9e \u00e0 la police judiciaire<\/p>\n<p class=\"mb-4 text-lg md:leading-8 break-words\">Une seule personne a \u00e9t\u00e9 prise en charge par les secours. Il s\u2019agit d\u2019un individu qui squattait les lieux et qui a \u00e9t\u00e9 incommod\u00e9 par les fum\u00e9es. Transport\u00e9 \u00e0 l\u2019h\u00f4pital par mesure de pr\u00e9caution, il ne pr\u00e9sentait pas de <a href=\"https:\/\/www.20minutes.fr\/politique\/4095193-20240607-loi-fin-vie-pronostic-vital-engage-revient-criteres-aide-mourir?at_medium=RSS%20feed&amp;at_campaign=ynews&amp;utm_source=yahoo&amp;utm_medium=rss&amp;utm_campaign=news_feed&amp;utm_content=in_article_link\" rel=\"nofollow noopener\" target=\"_blank\" data-ylk=\"slk:pronostic vital engag\u00e9;elm:context_link;itc:0;sec:content-canvas\" class=\"link \">pronostic vital engag\u00e9<\/a>, ont pr\u00e9cis\u00e9 les autorit\u00e9s.<\/p>\n<p class=\"mb-4 text-lg md:leading-8 break-words\">L\u2019origine criminelle du d\u00e9part de feu ne fait pas de doute \u00e0 ce stade. Une enqu\u00eate a \u00e9t\u00e9 confi\u00e9e \u00e0 la police judiciaire afin de d\u00e9terminer les circonstances exactes de l\u2019incendie et d\u2019identifier le ou les auteurs. Les investigations devront notamment \u00e9tablir comment le feu a pu \u00eatre d\u00e9clench\u00e9 dans cet espace librement accessible.<\/p>\n<p class=\"mb-4 text-lg md:leading-8 break-words\"><a href=\"https:\/\/www.20minutes.fr\/faits_divers\/4191779-20251216-grenoble-incendie-origine-criminelle-mosquee-quartier-saint-bruno?at_medium=RSS%20feed&amp;at_campaign=ynews&amp;utm_source=yahoo&amp;utm_medium=rss&amp;utm_campaign=news_feed&amp;utm_content=read_more_link&quot;\" rel=\"nofollow noopener\" target=\"_blank\" data-ylk=\"slk:Lire la suite sur 20minutes;elm:context_link;itc:0;sec:content-canvas\" class=\"link \">Lire la suite sur 20minutes<\/a><\/p>\n<p>\u00c0 lire aussi :<br \/><a href=\"https:\/\/www.20minutes.fr\/faits_divers\/faits-divers-bordeaux\/4176350-20251001-gironde-chatelaine-retrouvee-morte-manoir-incendie-enquete-criminelle-ouverte?at_medium=RSS%20feed&amp;at_campaign=ynews&amp;utm_source=yahoo&amp;utm_medium=rss&amp;utm_campaign=news_feed&amp;utm_content=related_content_link\" rel=\"nofollow noopener\" target=\"_blank\" data-ylk=\"slk:Gironde : Une ch\u00e2telaine retrouv\u00e9e morte dans son manoir incendi\u00e9, une enqu\u00eate criminelle ouverte;elm:context_link;itc:0;sec:content-canvas\" class=\"link \">Gironde : Une ch\u00e2telaine retrouv\u00e9e morte dans son manoir incendi\u00e9, une enqu\u00eate criminelle ouverte<\/a><br \/><a href=\"https:\/\/www.20minutes.fr\/faits_divers\/4185525-20251113-marseille-incendie-concession-tesla-pennes-mirabeau-piste-criminelle-envisagee?at_medium=RSS%20feed&amp;at_campaign=ynews&amp;utm_source=yahoo&amp;utm_medium=rss&amp;utm_campaign=news_feed&amp;utm_content=related_content_link\" rel=\"nofollow noopener\" target=\"_blank\" data-ylk=\"slk:Marseille : Incendie dans une concession Tesla \u00e0 Pennes-Mirabeau, la piste criminelle envisag\u00e9e;elm:context_link;itc:0;sec:content-canvas\" class=\"link \">Marseille : Incendie dans une concession Tesla \u00e0 Pennes-Mirabeau, la piste criminelle envisag\u00e9e<\/a><\/p>\n","protected":false},"excerpt":{"rendered":"lieu de culte &#8211; Un incendie volontaire a \u00e9t\u00e9 constat\u00e9 dans les parties communes d\u2019un b\u00e2timent de ce&hellip;\n","protected":false},"author":2,"featured_media":604771,"comment_status":"","ping_status":"","sticky":false,"template":"","format":"standard","meta":{"footnotes":""},"categories":[9566],"tags":[1111,11,2430,1777,674,1011,27,2731,58349,16780,12,71655,25],"class_list":{"0":"post-604770","1":"post","2":"type-post","3":"status-publish","4":"format-standard","5":"has-post-thumbnail","7":"category-grenoble","8":"tag-actu","9":"tag-actualites","10":"tag-auvergne-rhone-alpes","11":"tag-eu","12":"tag-europe","13":"tag-fr","14":"tag-france","15":"tag-grenoble","16":"tag-incendie-volontaire","17":"tag-la-mosquee","18":"tag-news","19":"tag-parties-communes","20":"tag-republique-francaise"},"share_on_mastodon":{"url":"https:\/\/pubeurope.com\/@fr\/115733889228857708","error":""},"_links":{"self":[{"href":"https:\/\/www.europesays.com\/fr\/wp-json\/wp\/v2\/posts\/604770","targetHints":{"allow":["GET"]}}],"collection":[{"href":"https:\/\/www.europesays.com\/fr\/wp-json\/wp\/v2\/posts"}],"about":[{"href":"https:\/\/www.europesays.com\/fr\/wp-json\/wp\/v2\/types\/post"}],"author":[{"embeddable":true,"href":"https:\/\/www.europesays.com\/fr\/wp-json\/wp\/v2\/users\/2"}],"replies":[{"embeddable":true,"href":"https:\/\/www.europesays.com\/fr\/wp-json\/wp\/v2\/comments?post=604770"}],"version-history":[{"count":0,"href":"https:\/\/www.europesays.com\/fr\/wp-json\/wp\/v2\/posts\/604770\/revisions"}],"wp:featuredmedia":[{"embeddable":true,"href":"https:\/\/www.europesays.com\/fr\/wp-json\/wp\/v2\/media\/604771"}],"wp:attachment":[{"href":"https:\/\/www.europesays.com\/fr\/wp-json\/wp\/v2\/media?parent=604770"}],"wp:term":[{"taxonomy":"category","embeddable":true,"href":"https:\/\/www.europesays.com\/fr\/wp-json\/wp\/v2\/categories?post=604770"},{"taxonomy":"post_tag","embeddable":true,"href":"https:\/\/www.europesays.com\/fr\/wp-json\/wp\/v2\/tags?post=604770"}],"curies":[{"name":"wp","href":"https:\/\/api.w.org\/{rel}","templated":true}]}}