{"id":604775,"date":"2025-12-17T08:12:38","date_gmt":"2025-12-17T08:12:38","guid":{"rendered":"https:\/\/www.europesays.com\/fr\/604775\/"},"modified":"2025-12-17T08:12:38","modified_gmt":"2025-12-17T08:12:38","slug":"le-marche-off-de-strasbourg-bastion-des-petits-artisans-et-des-producteurs","status":"publish","type":"post","link":"https:\/\/www.europesays.com\/fr\/604775\/","title":{"rendered":"le March\u00e9 Off de Strasbourg, bastion des petits artisans et des producteurs"},"content":{"rendered":"<p>\u00ab\u00a0C\u2019est tr\u00e8s joli, c\u2019est vous qui l\u2019avez fabriqu\u00e9\u00a0?\u00a0\u00bb, interroge une visiteuse, une th\u00e9i\u00e8re en c\u00e9ramique \u00e0 la main. \u00ab\u00a0Je suis \u00e0 la recherche de cadeaux de No\u00ebl responsables, \u00e9colos et locaux\u00a0\u00bb, affirme-t-elle. Pour trouver son bonheur, elle a jet\u00e9 son d\u00e9volu sur le March\u00e9 Off, ce lieu alternatif strasbourgeois install\u00e9 sur la place Grimmeissen. <a href=\"https:\/\/www.dna.fr\/culture-loisirs\/2025\/11\/27\/dix-ans-de-souvenirs-au-marche-off-avant-la-fete-de-samedi-29-novembre\" target=\"_blank\" rel=\"noopener\"> Depuis dix ans, il accueille des acteurs de l\u2019\u00e9conomie sociale et solidaire<\/a> afin de proposer une mani\u00e8re plus \u00e9thique de c\u00e9l\u00e9brer No\u00ebl.<\/p>\n<p>Install\u00e9s dans des conteneurs am\u00e9nag\u00e9s ou des d\u00f4mes, une trentaine de structures locales, d\u2019artisans, de commerces \u00e9quitables et biologiques proposent jusqu\u2019au 24\u00a0d\u00e9cembre une offre gourmande ainsi que des cadeaux \u00e9thiques et accessibles (v\u00eatements de seconde main, meubles vintage, vins bio, bijoux, c\u00e9ramiques faites mains\u2026).<\/p>\n<p>Des&#8230;                        <\/p>\n","protected":false},"excerpt":{"rendered":"\u00ab\u00a0C\u2019est tr\u00e8s joli, c\u2019est vous qui l\u2019avez fabriqu\u00e9\u00a0?\u00a0\u00bb, interroge une visiteuse, une th\u00e9i\u00e8re en c\u00e9ramique \u00e0 la main.&hellip;\n","protected":false},"author":2,"featured_media":604776,"comment_status":"","ping_status":"","sticky":false,"template":"","format":"standard","meta":{"footnotes":""},"categories":[2820],"tags":[1111,11,2389,2649,2880,436,1777,674,107,1011,27,775,9588,12,25,640,2879],"class_list":{"0":"post-604775","1":"post","2":"type-post","3":"status-publish","4":"format-standard","5":"has-post-thumbnail","7":"category-strasbourg","8":"tag-actu","9":"tag-actualites","10":"tag-alsace","11":"tag-bas-rhin","12":"tag-edition-strasbourg","13":"tag-environnement","14":"tag-eu","15":"tag-europe","16":"tag-fil-info","17":"tag-fr","18":"tag-france","19":"tag-grand-est","20":"tag-ici-on-agit","21":"tag-news","22":"tag-republique-francaise","23":"tag-strasbourg","24":"tag-strasbourg-ville"},"share_on_mastodon":{"url":"https:\/\/pubeurope.com\/@fr\/115733904958271629","error":""},"_links":{"self":[{"href":"https:\/\/www.europesays.com\/fr\/wp-json\/wp\/v2\/posts\/604775","targetHints":{"allow":["GET"]}}],"collection":[{"href":"https:\/\/www.europesays.com\/fr\/wp-json\/wp\/v2\/posts"}],"about":[{"href":"https:\/\/www.europesays.com\/fr\/wp-json\/wp\/v2\/types\/post"}],"author":[{"embeddable":true,"href":"https:\/\/www.europesays.com\/fr\/wp-json\/wp\/v2\/users\/2"}],"replies":[{"embeddable":true,"href":"https:\/\/www.europesays.com\/fr\/wp-json\/wp\/v2\/comments?post=604775"}],"version-history":[{"count":0,"href":"https:\/\/www.europesays.com\/fr\/wp-json\/wp\/v2\/posts\/604775\/revisions"}],"wp:featuredmedia":[{"embeddable":true,"href":"https:\/\/www.europesays.com\/fr\/wp-json\/wp\/v2\/media\/604776"}],"wp:attachment":[{"href":"https:\/\/www.europesays.com\/fr\/wp-json\/wp\/v2\/media?parent=604775"}],"wp:term":[{"taxonomy":"category","embeddable":true,"href":"https:\/\/www.europesays.com\/fr\/wp-json\/wp\/v2\/categories?post=604775"},{"taxonomy":"post_tag","embeddable":true,"href":"https:\/\/www.europesays.com\/fr\/wp-json\/wp\/v2\/tags?post=604775"}],"curies":[{"name":"wp","href":"https:\/\/api.w.org\/{rel}","templated":true}]}}