{"id":604777,"date":"2025-12-17T08:14:23","date_gmt":"2025-12-17T08:14:23","guid":{"rendered":"https:\/\/www.europesays.com\/fr\/604777\/"},"modified":"2025-12-17T08:14:23","modified_gmt":"2025-12-17T08:14:23","slug":"le-marche-off-de-strasbourg-bastion-des-artisans-et-producteurs","status":"publish","type":"post","link":"https:\/\/www.europesays.com\/fr\/604777\/","title":{"rendered":"le March\u00e9 Off de Strasbourg, bastion des artisans et producteurs"},"content":{"rendered":"<p>\u00ab\u200aC\u2019est tr\u00e8s joli, c\u2019est vous qui l\u2019avez fabriqu\u00e9\u200a?\u200a\u00bb, interroge une visiteuse, une th\u00e9i\u00e8re en c\u00e9ramique \u00e0 la main. \u00ab\u200aJe suis \u00e0 la recherche de cadeaux de No\u00ebl responsables, \u00e9colos et locaux\u200a\u00bb, affirme-t-elle. Pour trouver son bonheur, elle a jet\u00e9 son d\u00e9volu sur le March\u00e9 Off, ce lieu alternatif strasbourgeois install\u00e9 sur la place Grimmeissen. Depuis dix ans, il accueille des acteurs de l\u2019\u00e9conomie sociale et solidaire afin de proposer une mani\u00e8re plus \u00e9thique de c\u00e9l\u00e9brer No\u00ebl.<\/p>\n<p>Des cadeaux \u00e9thiques, durables et uniques<\/p>\n<p>Install\u00e9s dans des conteneurs am\u00e9nag\u00e9s ou des d\u00f4mes, une trentaine de&#8230;<\/p>\n","protected":false},"excerpt":{"rendered":"\u00ab\u200aC\u2019est tr\u00e8s joli, c\u2019est vous qui l\u2019avez fabriqu\u00e9\u200a?\u200a\u00bb, interroge une visiteuse, une th\u00e9i\u00e8re en c\u00e9ramique \u00e0 la main.&hellip;\n","protected":false},"author":2,"featured_media":604778,"comment_status":"","ping_status":"","sticky":false,"template":"","format":"standard","meta":{"footnotes":""},"categories":[2820],"tags":[1111,11,130,436,1777,674,1011,27,775,9588,12,25,640],"class_list":{"0":"post-604777","1":"post","2":"type-post","3":"status-publish","4":"format-standard","5":"has-post-thumbnail","7":"category-strasbourg","8":"tag-actu","9":"tag-actualites","10":"tag-consommation","11":"tag-environnement","12":"tag-eu","13":"tag-europe","14":"tag-fr","15":"tag-france","16":"tag-grand-est","17":"tag-ici-on-agit","18":"tag-news","19":"tag-republique-francaise","20":"tag-strasbourg"},"share_on_mastodon":{"url":"https:\/\/pubeurope.com\/@fr\/115733912926942615","error":""},"_links":{"self":[{"href":"https:\/\/www.europesays.com\/fr\/wp-json\/wp\/v2\/posts\/604777","targetHints":{"allow":["GET"]}}],"collection":[{"href":"https:\/\/www.europesays.com\/fr\/wp-json\/wp\/v2\/posts"}],"about":[{"href":"https:\/\/www.europesays.com\/fr\/wp-json\/wp\/v2\/types\/post"}],"author":[{"embeddable":true,"href":"https:\/\/www.europesays.com\/fr\/wp-json\/wp\/v2\/users\/2"}],"replies":[{"embeddable":true,"href":"https:\/\/www.europesays.com\/fr\/wp-json\/wp\/v2\/comments?post=604777"}],"version-history":[{"count":0,"href":"https:\/\/www.europesays.com\/fr\/wp-json\/wp\/v2\/posts\/604777\/revisions"}],"wp:featuredmedia":[{"embeddable":true,"href":"https:\/\/www.europesays.com\/fr\/wp-json\/wp\/v2\/media\/604778"}],"wp:attachment":[{"href":"https:\/\/www.europesays.com\/fr\/wp-json\/wp\/v2\/media?parent=604777"}],"wp:term":[{"taxonomy":"category","embeddable":true,"href":"https:\/\/www.europesays.com\/fr\/wp-json\/wp\/v2\/categories?post=604777"},{"taxonomy":"post_tag","embeddable":true,"href":"https:\/\/www.europesays.com\/fr\/wp-json\/wp\/v2\/tags?post=604777"}],"curies":[{"name":"wp","href":"https:\/\/api.w.org\/{rel}","templated":true}]}}