{"id":604783,"date":"2025-12-17T08:18:22","date_gmt":"2025-12-17T08:18:22","guid":{"rendered":"https:\/\/www.europesays.com\/fr\/604783\/"},"modified":"2025-12-17T08:18:22","modified_gmt":"2025-12-17T08:18:22","slug":"ils-ouvrent-un-deuxieme-espace-entierement-dedie-au-karaoke-en-loire-atlantique","status":"publish","type":"post","link":"https:\/\/www.europesays.com\/fr\/604783\/","title":{"rendered":"Ils ouvrent un deuxi\u00e8me espace enti\u00e8rement d\u00e9di\u00e9 au karaok\u00e9 en Loire-Atlantique"},"content":{"rendered":"<p>                    Par<br \/>\n        <strong><br \/>\n            <a href=\"https:\/\/actu.fr\/auteur\/journaliste-sm\" title=\"Consulter tous les articles de R\u00e9daction Clisson\" target=\"_blank\" rel=\"noopener\">R\u00e9daction Clisson<\/a><br \/>\n                    <\/strong><\/p>\n<p>        Publi\u00e9 le<\/p>\n<p>            16 d\u00e9c. 2025 \u00e0 21h03        <\/p>\n<p>Les premiers \u00e9chos sont positifs. <b>Beaucoup y voient une occasion de passer du bon temps <\/b>avec une nouvelle activit\u00e9 <b>sans devoir aller sur Nantes<\/b>. Dans la <a href=\"https:\/\/www.google.com\/maps\/place\/Rue+de+la+Pasti%C3%A8re,+44115+Haute-Goulaine\/@47.1795855,-1.4083859,641m\/data=!3m2!1e3!4b1!4m6!3m5!1s0x4805e6c5bc8fc971:0xc10d98723dade46d!8m2!3d47.179582!4d-1.403515!16s%2Fg%2F11w9fc51m_?entry=ttu&amp;g_ep=EgoyMDI1MTIwOS4wIKXMDSoKLDEwMDc5MjA2OUgBUAM%3D\" target=\"_blank\" rel=\"noopener\">zone commerciale de la Braudi\u00e8re<\/a>, route de la Chapelle-Heulin (pr\u00e8s de Tournebride), \u00e0 <a href=\"https:\/\/actu.fr\/pays-de-la-loire\/haute-goulaine_44071\" target=\"_blank\" rel=\"noopener\"><b>Haute-Goulaine<\/b><\/a>, un <b>espace totalement d\u00e9di\u00e9 au karaok\u00e9 a ouvert<\/b>. C\u2019est le deuxi\u00e8me sous le nom <a href=\"https:\/\/www.kox-karaoke.fr\/\" target=\"_blank\" rel=\"noopener\">Kox Karaok\u00e9<\/a>.<\/p>\n<p class=\" wall-content\">Derri\u00e8re cette enseigne,<b> un couple. Alice et Andrew Green<\/b>. Elle est <b>chanteuse amateure<\/b>. Ayant donn\u00e9 de la voix pour de multiples formations et groupes r\u00e9gionaux. Sans passer le cap du professionnalisme. A cette caution artistique, son mari a apport\u00e9 <b>son envie entrepreneuriale<\/b>. Longtemps salari\u00e9 dans l\u2019outillage pneumatique pour l\u2019a\u00e9ronautique, celui qui a \u00e9t\u00e9 <b>amen\u00e9 \u00e0 r\u00e9guli\u00e8rement se d\u00e9placer \u00e0 l\u2019\u00e9tranger<\/b>, et m\u00eame \u00e0 vivre, pendant trois ans, \u00e0 Seattle, a ramen\u00e9 dans ses valises cette envie d\u2019avoir sa propre affaire. Et un concept.<\/p>\n<blockquote class=\"ac-article-quote wall-content\">\n<p>Quand on est revenu en France en 2016, on a cherch\u00e9 \u00e0 travailler sur un projet. Ouvrir des salles de karaok\u00e9 fut presque naturel. On en avait fr\u00e9quent\u00e9 aux \u00c9tats-Unis et surtout mon mari en avait vu beaucoup en Asie (Japon, Cor\u00e9e\u2026). \u00e7a fonctionnait bien.<\/p>\n<p>Alice Green.<\/p><\/blockquote>\n<p class=\" wall-content\">Une <b>culture qui existe moins en France.<\/b><\/p>\n<blockquote class=\"ac-article-quote wall-content\">\n<p>En 2019, il existait peu de sites d\u00e9di\u00e9s. Sauf \u00e0 Paris, Bordeaux\u2026<\/p>\n<\/blockquote>\n<p>Vid\u00e9os : en ce moment sur Actu<\/p>\n<p class=\" wall-content\">Mais pas \u00e0 Nantes. C\u2019est pourquoi, ils ont <b>d\u00e9cid\u00e9 de cr\u00e9er un premier espace,<\/b> pr\u00e8s de la<a href=\"https:\/\/www.atlantis-nantes.com\/\" target=\"_blank\" rel=\"noopener\"> zone commerciale Atlantis<\/a> \u00e0<b> Saint-Herblain<\/b>. <b>Six ans et des milliers de chansons fredonn\u00e9es plus tard,<\/b> la musique est bonne pour la Kox. Elle a m\u00eame <b>parasit\u00e9 la crise sanitaire.<\/b><\/p>\n<p>Votre r\u00e9gion, votre actu !<\/p>\n<p>Recevez chaque jour les infos qui comptent pour vous.<\/p>\n<p>\t<a href=\"https:\/\/actu.fr\/newsletter\" class=\"ac-btn ac-btn--corner ac-btn--medium ac-btn--blue800\" target=\"_blank\" rel=\"noopener\">S&rsquo;incrire<\/a><\/p>\n<blockquote class=\"ac-article-quote wall-content\">\n<p>M\u00eame si ce n\u2019est pas mirobolant, nous arrivons \u00e0 nous d\u00e9gager des salaires. Vivre de ce projet \u00e9tait l\u2019objectif. Nous sommes contents. Et heureux de faire plaisir aux gens. Qui passent un bon moment. Dans un contexte, o\u00f9 on en a tous besoin. Surtout en ce moment. On s\u2019est aussi adapt\u00e9 \u00e0 ce que souhaitaient les clients. C\u2019est pourquoi, on a fait un tarif individuel qui revient \u00e0 10\u00a0euros de l\u2019heure. Ce qui ne se fait pas ailleurs. Souvent les salles sont lou\u00e9es \u00e0 un tarif quel que soit le nombre de participants.<\/p>\n<\/blockquote>\n<p class=\" wall-content\">Le couple a eu du flair. <b>Depuis 2021,<a href=\"https:\/\/modelesdebusinessplan.com\/blogs\/infos\/marche-karaoke#:~:text=Le%20march%C3%A9%20fran%C3%A7ais%20des%20karaok%C3%A9s,%2B50%25%20en%20quatre%20ans.\" target=\"_blank\" rel=\"noopener\"> le march\u00e9 des karaok\u00e9s en France<\/a> repr\u00e9sente un secteur en pleine croissance.<\/b> Ce loisir s\u00e9duit les Fran\u00e7ais de toutes les g\u00e9n\u00e9rations. Jug\u00e9 un peu kitsch, le <b>ph\u00e9nom\u00e8ne karaok\u00e9 est redevenu \u00e0 la mode<\/b>, en partie gr\u00e2ce aux r\u00e9seaux sociaux et \u00e0 la cr\u00e9ation de salons priv\u00e9s.<\/p>\n<blockquote class=\"ac-article-quote wall-content\">\n<p>Ce sont des lieux s\u00fbrs. O\u00f9 on peut se laisser aller en famille, entre copains, entre coll\u00e8gues. Sans avoir \u00e0 chanter devant toute une salle enti\u00e8rement remplie. Car c\u2019\u00e9tait souvent le cas\u2009; le karaok\u00e9, c\u2019\u00e9tait dans des bars ou des restaurants. Il faut oser. Dans notre concept, on peut se laisser aller. Sans g\u00eane.<\/p>\n<p>Alice Green<\/p><\/blockquote>\n<p class=\" wall-content\">Pas \u00e9tonnant que <b>les enterrements de vie de jeunes filles<\/b>, les <b>sorties de personnes en situation de handicap<\/b> et les <b>anniversaires d\u2019enfants<\/b> fassent partie des groupes les plus re\u00e7us.<\/p>\n<p>    <img   decoding=\"async\" loading=\"lazy\" class=\"size-large\" src=\"https:\/\/www.europesays.com\/fr\/wp-content\/uploads\/2025\/12\/f19b64df0b296e59b64df0b29d99b6v-960x640.jpg\" alt=\"L'entr\u00e9e de Kox Karaok\u00e9.\" width=\"960\" height=\"640\"\/><br \/>\n    L\u2019entr\u00e9e de Kox Karaok\u00e9 de la Braudi\u00e8re. \u00a9Kox Karaok\u00e9<\/p>\n<p class=\" wall-content\">Le principe est simple. Les gens r\u00e9servent sur le site internet. Et viennent deux heures ou plus au cr\u00e9neau bloqu\u00e9. <b>Les dirigeants ont investi dans le confort des salons et dans la performance du mat\u00e9riel<\/b> (sono professionnelle, \u00e9clairage d\u2019ambiance, micros sans fil et \u00e9cran XXL).<\/p>\n<blockquote class=\"ac-article-quote wall-content\">\n<p>L\u00e0, o\u00f9 ceux qui proposent le karaok\u00e9 \u00e0 c\u00f4t\u00e9 d\u2019escape game, de laser game, bowling et autres, l\u2019insonorisation est souvent critiqu\u00e9e.<\/p>\n<p>Alice Green<\/p><\/blockquote>\n<p class=\" wall-content\">Cette premi\u00e8re exp\u00e9rience r\u00e9ussie en nord Loire a <b>pouss\u00e9 le couple \u00e0 cr\u00e9er un second lieu<\/b>. Leur fils Julien, et son associ\u00e9, Sylvain, ont pris les r\u00eanes cette autre soci\u00e9t\u00e9.<\/p>\n<blockquote class=\"ac-article-quote wall-content\">\n<p>Une partie de notre client\u00e8le venait d\u00e9j\u00e0 du sud Loire. On s\u2019est dit qu\u2019il y avait un potentiel.<\/p>\n<\/blockquote>\n<p class=\" wall-content\">Le duo a trouv\u00e9 <b>ce b\u00e2timent de 200\u00a0m2,<\/b> occup\u00e9 auparavant par <b>un boucher, un poissonnier et un primeu<\/b>r (Au plaisir des saveurs). Pour le transformer en<b> 6 salons pouvant recevoir 2 \u00e0 6\u00a0personnes pour les petits<\/b>, et<b> jusqu\u2019\u00e0 15 ou plus pour les grand<\/b>s. Un copier-coller de ce qui existe \u00e0 Saint-Herblain.<\/p>\n<p>    <a href=\"https:\/\/www.facebook.com\/plugins\/video.php?height=476&amp;href=https%3A%2F%2Fwww.facebook.com%2Freel%2F910823821606183%2F&amp;show_text=false&amp;width=350&amp;t=0\" title=\"Ouvrie le lien\" target=\"_blank\" rel=\"noopener\">Cliquez ici pour visualiser le contenu<\/a><\/p>\n<p class=\" wall-content\">Dans chaque salle, une tablette permet de <b>cr\u00e9er sa playlist.<\/b> Le <b>catalogue musical offre un choix parmi des milliers de chansons<\/b> en plusieurs langues (fran\u00e7ais, anglais, japonais, cor\u00e9en\u2026), dans<b> tous les styles et toutes les \u00e9poques<\/b>. Sur place, il est possible de commander boissons et planches ap\u00e9ro \u00e0 partager. Que les deux g\u00e9rants apporteront. Des produits (bi\u00e8res, charcuterie\u2026) essentiellement locaux.<\/p>\n<p>Kox karaok\u00e9, 35 Rte de la Chapelle-Heulin. Contact\u2009: 06\u200987\u200961\u200969\u200930. Ouverture du mardi au samedi soir (mercredi, vendredi et samedi en apr\u00e8s-midi). Renseignements sur kox-karaoke.fr. Ferm\u00e9 du 20 d\u00e9cembre au 2 janvier.<\/p>\n<p class=\" wall-content\">Personnalisez votre actualit\u00e9 en ajoutant vos villes et m\u00e9dias en favori avec <a href=\"https:\/\/moncompte.actu.fr\" title=\"D\u00e9couvez Mon Actu\" rel=\"nofollow noopener\" data-trk=\"{&quot;cta&quot;:{&quot;action&quot;:&quot;https:\\\/\\\/moncompte.actu.fr&quot;,&quot;category&quot;:&quot;mon compte&quot;,&quot;from&quot;:&quot;article footer&quot;,&quot;name&quot;:&quot;Mon actu&quot;,&quot;type&quot;:&quot;cta&quot;}}\" target=\"_blank\">Mon Actu<\/a>.<\/p>\n","protected":false},"excerpt":{"rendered":"Par R\u00e9daction Clisson Publi\u00e9 le 16 d\u00e9c. 2025 \u00e0 21h03 Les premiers \u00e9chos sont positifs. Beaucoup y voient&hellip;\n","protected":false},"author":2,"featured_media":604784,"comment_status":"","ping_status":"","sticky":false,"template":"","format":"standard","meta":{"footnotes":""},"categories":[2818],"tags":[1111,11,1695,1777,674,1011,27,766,12,2636,25,104,2900],"class_list":{"0":"post-604783","1":"post","2":"type-post","3":"status-publish","4":"format-standard","5":"has-post-thumbnail","7":"category-nantes","8":"tag-actu","9":"tag-actualites","10":"tag-chanson","11":"tag-eu","12":"tag-europe","13":"tag-fr","14":"tag-france","15":"tag-nantes","16":"tag-news","17":"tag-pays-de-la-loire","18":"tag-republique-francaise","19":"tag-societe","20":"tag-vignoble-nantais"},"share_on_mastodon":{"url":"https:\/\/pubeurope.com\/@fr\/115733929711479490","error":""},"_links":{"self":[{"href":"https:\/\/www.europesays.com\/fr\/wp-json\/wp\/v2\/posts\/604783","targetHints":{"allow":["GET"]}}],"collection":[{"href":"https:\/\/www.europesays.com\/fr\/wp-json\/wp\/v2\/posts"}],"about":[{"href":"https:\/\/www.europesays.com\/fr\/wp-json\/wp\/v2\/types\/post"}],"author":[{"embeddable":true,"href":"https:\/\/www.europesays.com\/fr\/wp-json\/wp\/v2\/users\/2"}],"replies":[{"embeddable":true,"href":"https:\/\/www.europesays.com\/fr\/wp-json\/wp\/v2\/comments?post=604783"}],"version-history":[{"count":0,"href":"https:\/\/www.europesays.com\/fr\/wp-json\/wp\/v2\/posts\/604783\/revisions"}],"wp:featuredmedia":[{"embeddable":true,"href":"https:\/\/www.europesays.com\/fr\/wp-json\/wp\/v2\/media\/604784"}],"wp:attachment":[{"href":"https:\/\/www.europesays.com\/fr\/wp-json\/wp\/v2\/media?parent=604783"}],"wp:term":[{"taxonomy":"category","embeddable":true,"href":"https:\/\/www.europesays.com\/fr\/wp-json\/wp\/v2\/categories?post=604783"},{"taxonomy":"post_tag","embeddable":true,"href":"https:\/\/www.europesays.com\/fr\/wp-json\/wp\/v2\/tags?post=604783"}],"curies":[{"name":"wp","href":"https:\/\/api.w.org\/{rel}","templated":true}]}}