{"id":604785,"date":"2025-12-17T08:19:26","date_gmt":"2025-12-17T08:19:26","guid":{"rendered":"https:\/\/www.europesays.com\/fr\/604785\/"},"modified":"2025-12-17T08:19:26","modified_gmt":"2025-12-17T08:19:26","slug":"agressions-sexuelles-en-maternelle-pres-de-nantes-face-aux-familles-en-larmes-lex-animateur-a-nie-jusquau-bout","status":"publish","type":"post","link":"https:\/\/www.europesays.com\/fr\/604785\/","title":{"rendered":"Agressions sexuelles en maternelle\u00a0pr\u00e8s de Nantes\u00a0: face aux familles en larmes, l\u2019ex-animateur a ni\u00e9 jusqu\u2019au bout"},"content":{"rendered":"<p class=\"\">Car si c\u2019est bien Laure, cette petite fille de 4 ans \u00e0 l\u2019\u00e9poque qui est reconnue parmi <a href=\"https:\/\/www.leparisien.fr\/faits-divers\/je-ne-suis-pas-responsable-a-nantes-lanimateur-accuse-de-13-agressions-sexuelles-continue-a-nier-15-12-2025-NIN35OWMERBJPLEJC2HH6RXIGY.php\" target=\"_self\" rel=\"noopener\">les victimes dans ce dossier,<\/a> Gaspard, son fr\u00e8re, est une victime \u00ab par ricochet \u00bb, comme l\u2019\u00e9voque sa m\u00e8re. Il avait 9 ans quand il a vu le comportement de sa petite s\u0153ur alors scolaris\u00e9 en moyenne section \u00e0 l\u2019\u00e9cole Ouche-Dinier \u00e0 Rez\u00e9, changer. Il a assist\u00e9 \u00e0 ses crises de col\u00e8re, \u00e0 ses terreurs, \u00e0 son hypersexualisation. \u00ab Elle parlait souvent du sexe de son fr\u00e8re, le comparait \u00bb, raconte la m\u00e8re de Laure. \u00ab On a essay\u00e9 de discuter avec l\u2019\u00e9cole pour comprendre, mais on est rentr\u00e9 dans une relation conflictuelle. \u00bb<\/p>\n","protected":false},"excerpt":{"rendered":"Car si c\u2019est bien Laure, cette petite fille de 4 ans \u00e0 l\u2019\u00e9poque qui est reconnue parmi les&hellip;\n","protected":false},"author":2,"featured_media":604786,"comment_status":"","ping_status":"","sticky":false,"template":"","format":"standard","meta":{"footnotes":""},"categories":[2818],"tags":[1111,11,459,1777,674,118,1011,27,766,12,2636,25],"class_list":{"0":"post-604785","1":"post","2":"type-post","3":"status-publish","4":"format-standard","5":"has-post-thumbnail","7":"category-nantes","8":"tag-actu","9":"tag-actualites","10":"tag-departements-horsidfo","11":"tag-eu","12":"tag-europe","13":"tag-faits-divers","14":"tag-fr","15":"tag-france","16":"tag-nantes","17":"tag-news","18":"tag-pays-de-la-loire","19":"tag-republique-francaise"},"share_on_mastodon":{"url":"https:\/\/pubeurope.com\/@fr\/115733932650902382","error":""},"_links":{"self":[{"href":"https:\/\/www.europesays.com\/fr\/wp-json\/wp\/v2\/posts\/604785","targetHints":{"allow":["GET"]}}],"collection":[{"href":"https:\/\/www.europesays.com\/fr\/wp-json\/wp\/v2\/posts"}],"about":[{"href":"https:\/\/www.europesays.com\/fr\/wp-json\/wp\/v2\/types\/post"}],"author":[{"embeddable":true,"href":"https:\/\/www.europesays.com\/fr\/wp-json\/wp\/v2\/users\/2"}],"replies":[{"embeddable":true,"href":"https:\/\/www.europesays.com\/fr\/wp-json\/wp\/v2\/comments?post=604785"}],"version-history":[{"count":0,"href":"https:\/\/www.europesays.com\/fr\/wp-json\/wp\/v2\/posts\/604785\/revisions"}],"wp:featuredmedia":[{"embeddable":true,"href":"https:\/\/www.europesays.com\/fr\/wp-json\/wp\/v2\/media\/604786"}],"wp:attachment":[{"href":"https:\/\/www.europesays.com\/fr\/wp-json\/wp\/v2\/media?parent=604785"}],"wp:term":[{"taxonomy":"category","embeddable":true,"href":"https:\/\/www.europesays.com\/fr\/wp-json\/wp\/v2\/categories?post=604785"},{"taxonomy":"post_tag","embeddable":true,"href":"https:\/\/www.europesays.com\/fr\/wp-json\/wp\/v2\/tags?post=604785"}],"curies":[{"name":"wp","href":"https:\/\/api.w.org\/{rel}","templated":true}]}}