{"id":604797,"date":"2025-12-17T08:27:12","date_gmt":"2025-12-17T08:27:12","guid":{"rendered":"https:\/\/www.europesays.com\/fr\/604797\/"},"modified":"2025-12-17T08:27:12","modified_gmt":"2025-12-17T08:27:12","slug":"soutien-aux-educateurs-et-aux-jeunes-de-la-mecs-bois-fleuri","status":"publish","type":"post","link":"https:\/\/www.europesays.com\/fr\/604797\/","title":{"rendered":"Soutien aux \u00e9ducateurs et aux jeunes de la Mecs Bois Fleuri"},"content":{"rendered":"\n<p>Dix-huit jeunes majeurs et huit tout-petits sont concern\u00e9s par cet arr\u00eat\u00e9 qui met brutalement fin \u00e0 leur h\u00e9bergement par l\u2019association. Une d\u00e9cision prise par le D\u00e9partement suite \u00e0 de graves dysfonctionnements au sein des services, mais qui est v\u00e9cue comme une injustice par les jeunes et leurs \u00e9ducateurs.<\/p>\n<p>Sensible \u00e0 leur situation, l\u2019Union locale CGT Timone Capelette se mobilise ce mercredi 17\u00a0d\u00e9cembre devant les grilles de la Maison d\u2019enfants \u00e0 caract\u00e8re social (Mecs), au 290 rue Pierre-Doize. Un rassemblement destin\u00e9 \u00e0 \u00ab\u00a0exprimer son soutien aux salari\u00e9s et aux enfants, exiger des solutions respectueuses des droits des jeunes et des conditions de travail et pr\u00e9parer ensemble les actions \u00e0 venir pour d\u00e9fendre la protection de l\u2019enfance et les emplois\u00a0\u00bb, a pr\u00e9cis\u00e9 le syndicat.<\/p>\n<p> L\u2019appel des jeunes\n              <\/p>\n<p>Si personne ne conteste qu\u2019une mesure devait \u00eatre prise pour rem\u00e9dier aux probl\u00e8mes de la Mecs, \u00ab\u00a0nous refusons que des enfants d\u00e9j\u00e0 fragilis\u00e9s soient d\u00e9plac\u00e9s comme des colis, consid\u00e8re l\u2019UL CGT, les salari\u00e9s travaillent dans des conditions difficiles avec des moyens insuffisants\u00a0\u00bb.<\/p>\n<p>R\u00e9unis mardi dans un des 13\u00a0appartements qui doit fermer, les jeunes pr\u00e9cisent quant \u00e0 eux qu\u2019ils \u00ab\u00a0refusent en bloc la d\u00e9cision\u00a0\u00bb. Si le D\u00e9partement a indiqu\u00e9, le 11\u00a0d\u00e9cembre qu\u2019\u00ab\u00a0\u00e0 l\u2019heure actuelle, les enfants sont pris en charge\u00a0\u00bb, une large majorit\u00e9 des jeunes du service autonomie n\u2019avait pas \u00e9t\u00e9 inform\u00e9e \u00ab\u00a0sur la structure, voire l\u2019h\u00f4tel\u00a0\u00bb o\u00f9 ils seront \u00ab\u00a0recas\u00e9s\u00a0\u00bb. \u00ab\u00a0On nous a juste dit de faire nos valises, qu\u2019on n\u2019avait pas le choix, sinon c\u2019\u00e9tait la rue\u00a0\u00bb, confient-ils. Depuis l\u2019annonce de la d\u00e9cision qui leur a \u00e9t\u00e9 faite jeudi, ils ont d\u00e9cid\u00e9 de s\u2019organiser pour alerter et s\u2019exprimer sur les raisons de leur refus d\u2019un nouvel \u00e9v\u00e9nement brutal dans leur vie&#8230; et commencent \u00e0 s\u2019emparer des r\u00e9seaux sociaux.<\/p>\n","protected":false},"excerpt":{"rendered":"Dix-huit jeunes majeurs et huit tout-petits sont concern\u00e9s par cet arr\u00eat\u00e9 qui met brutalement fin \u00e0 leur h\u00e9bergement&hellip;\n","protected":false},"author":2,"featured_media":604798,"comment_status":"","ping_status":"","sticky":false,"template":"","format":"standard","meta":{"footnotes":""},"categories":[2814],"tags":[1111,11,1777,674,1011,27,884,4801,12,882,25],"class_list":{"0":"post-604797","1":"post","2":"type-post","3":"status-publish","4":"format-standard","5":"has-post-thumbnail","7":"category-marseille","8":"tag-actu","9":"tag-actualites","10":"tag-eu","11":"tag-europe","12":"tag-fr","13":"tag-france","14":"tag-marseille","15":"tag-myriam-guillaume","16":"tag-news","17":"tag-provence-alpes-cote-dazur","18":"tag-republique-francaise"},"share_on_mastodon":{"url":"https:\/\/pubeurope.com\/@fr\/115733964093895494","error":""},"_links":{"self":[{"href":"https:\/\/www.europesays.com\/fr\/wp-json\/wp\/v2\/posts\/604797","targetHints":{"allow":["GET"]}}],"collection":[{"href":"https:\/\/www.europesays.com\/fr\/wp-json\/wp\/v2\/posts"}],"about":[{"href":"https:\/\/www.europesays.com\/fr\/wp-json\/wp\/v2\/types\/post"}],"author":[{"embeddable":true,"href":"https:\/\/www.europesays.com\/fr\/wp-json\/wp\/v2\/users\/2"}],"replies":[{"embeddable":true,"href":"https:\/\/www.europesays.com\/fr\/wp-json\/wp\/v2\/comments?post=604797"}],"version-history":[{"count":0,"href":"https:\/\/www.europesays.com\/fr\/wp-json\/wp\/v2\/posts\/604797\/revisions"}],"wp:featuredmedia":[{"embeddable":true,"href":"https:\/\/www.europesays.com\/fr\/wp-json\/wp\/v2\/media\/604798"}],"wp:attachment":[{"href":"https:\/\/www.europesays.com\/fr\/wp-json\/wp\/v2\/media?parent=604797"}],"wp:term":[{"taxonomy":"category","embeddable":true,"href":"https:\/\/www.europesays.com\/fr\/wp-json\/wp\/v2\/categories?post=604797"},{"taxonomy":"post_tag","embeddable":true,"href":"https:\/\/www.europesays.com\/fr\/wp-json\/wp\/v2\/tags?post=604797"}],"curies":[{"name":"wp","href":"https:\/\/api.w.org\/{rel}","templated":true}]}}