{"id":604801,"date":"2025-12-17T08:29:10","date_gmt":"2025-12-17T08:29:10","guid":{"rendered":"https:\/\/www.europesays.com\/fr\/604801\/"},"modified":"2025-12-17T08:29:10","modified_gmt":"2025-12-17T08:29:10","slug":"ils-tirent-a-17-reprises-sur-une-maison-a-meyzieu","status":"publish","type":"post","link":"https:\/\/www.europesays.com\/fr\/604801\/","title":{"rendered":"ils tirent \u00e0 17 reprises sur une maison \u00e0 Meyzieu"},"content":{"rendered":"<p itemprop=\"description\"><strong>Dans la nuit de vendredi \u00e0 samedi, la tranquillit\u00e9 de ce quartier r\u00e9sidentiel de Meyzieu a \u00e9t\u00e9 perturb\u00e9e par des tirs d&rsquo;arme \u00e0 feu.<\/strong><\/p>\n<p>Au moins 17 au total, puisque c&rsquo;est le nombre d&rsquo;impacts de balles retrouv\u00e9s sur une maison de la rue du 24 Avril 1915.<\/p>\n<p>Les faits se sont d\u00e9roul\u00e9s vers 3h du matin.<\/p>\n<p>Pour une raison encore inconnue mais qui pourrait \u00eatre li\u00e9e au trafic de drogue, un ou plusieurs individus se sont approch\u00e9s de ce logement et ont ouvert le feu sur la porte. Plusieurs projectiles ont travers\u00e9 pour se loger dans le domicile qui \u00e9tait habit\u00e9 au moment des faits.<\/p>\n<p>Les enqu\u00eateurs privil\u00e9gient pour le moment la piste du r\u00e8glement de comptes ou de l&rsquo;intimidation, l&rsquo;un des occupants du logement serait r\u00e9cemment sorti de prison o\u00f9 il purgeait une peine li\u00e9e \u00e0 une affaire de stups.<\/p>\n","protected":false},"excerpt":{"rendered":"Dans la nuit de vendredi \u00e0 samedi, la tranquillit\u00e9 de ce quartier r\u00e9sidentiel de Meyzieu a \u00e9t\u00e9 perturb\u00e9e&hellip;\n","protected":false},"author":2,"featured_media":604802,"comment_status":"","ping_status":"","sticky":false,"template":"","format":"standard","meta":{"footnotes":""},"categories":[1889],"tags":[1111,11,2813,2190,2430,1109,251,1112,2811,1777,674,118,1011,27,1922,1110,1114,2428,2810,12,241,316,25,2812,517,800],"class_list":{"0":"post-604801","1":"post","2":"type-post","3":"status-publish","4":"format-standard","5":"has-post-thumbnail","7":"category-lyon","8":"tag-actu","9":"tag-actualites","10":"tag-article","11":"tag-asvel","12":"tag-auvergne-rhone-alpes","13":"tag-breves","14":"tag-culture","15":"tag-depeches","16":"tag-economique","17":"tag-eu","18":"tag-europe","19":"tag-faits-divers","20":"tag-fr","21":"tag-france","22":"tag-info","23":"tag-informations","24":"tag-infos","25":"tag-lyon","26":"tag-lyonmag","27":"tag-news","28":"tag-ol","29":"tag-politique","30":"tag-republique-francaise","31":"tag-sociale","32":"tag-sport","33":"tag-transports"},"share_on_mastodon":{"url":"https:\/\/pubeurope.com\/@fr\/115733971974977734","error":""},"_links":{"self":[{"href":"https:\/\/www.europesays.com\/fr\/wp-json\/wp\/v2\/posts\/604801","targetHints":{"allow":["GET"]}}],"collection":[{"href":"https:\/\/www.europesays.com\/fr\/wp-json\/wp\/v2\/posts"}],"about":[{"href":"https:\/\/www.europesays.com\/fr\/wp-json\/wp\/v2\/types\/post"}],"author":[{"embeddable":true,"href":"https:\/\/www.europesays.com\/fr\/wp-json\/wp\/v2\/users\/2"}],"replies":[{"embeddable":true,"href":"https:\/\/www.europesays.com\/fr\/wp-json\/wp\/v2\/comments?post=604801"}],"version-history":[{"count":0,"href":"https:\/\/www.europesays.com\/fr\/wp-json\/wp\/v2\/posts\/604801\/revisions"}],"wp:featuredmedia":[{"embeddable":true,"href":"https:\/\/www.europesays.com\/fr\/wp-json\/wp\/v2\/media\/604802"}],"wp:attachment":[{"href":"https:\/\/www.europesays.com\/fr\/wp-json\/wp\/v2\/media?parent=604801"}],"wp:term":[{"taxonomy":"category","embeddable":true,"href":"https:\/\/www.europesays.com\/fr\/wp-json\/wp\/v2\/categories?post=604801"},{"taxonomy":"post_tag","embeddable":true,"href":"https:\/\/www.europesays.com\/fr\/wp-json\/wp\/v2\/tags?post=604801"}],"curies":[{"name":"wp","href":"https:\/\/api.w.org\/{rel}","templated":true}]}}