{"id":604808,"date":"2025-12-17T08:36:22","date_gmt":"2025-12-17T08:36:22","guid":{"rendered":"https:\/\/www.europesays.com\/fr\/604808\/"},"modified":"2025-12-17T08:36:22","modified_gmt":"2025-12-17T08:36:22","slug":"pour-les-municipales-a-paris-la-gauche-hors-lfi-officialise-son-alliance-au-premier-tour","status":"publish","type":"post","link":"https:\/\/www.europesays.com\/fr\/604808\/","title":{"rendered":"Pour les municipales \u00e0 Paris : La gauche hors LFI officialise son alliance au premier tour"},"content":{"rendered":"<p class=\"mb-4 text-lg md:leading-8 break-words\">\u00ab\u00a0C\u2019est historique pour nous\u00a0\u00bb, a reconnu l\u2019\u00e9lu \u00e9cologiste <a href=\"https:\/\/fr.news.yahoo.com\/david-belliard-choisi-%C3%A9colos-candidat-201510018.html\" data-ylk=\"slk:David Belliard;elm:context_link;itc:0;sec:content-canvas;outcm:mb_qualified_link;_E:mb_qualified_link;ct:story;\" class=\"link  yahoo-link\" target=\"_blank\" rel=\"noopener\">David Belliard<\/a> au micro de franceinfo, ce mercredi 17\u00a0d\u00e9cembre peu apr\u00e8s 8h20. Dans la soir\u00e9e, la veille, son parti a enfin r\u00e9ussi \u00e0 se mettre d\u2019accord avec les socialistes pour rallier une liste d\u2019union d\u00e8s le premier tour, lors <a href=\"https:\/\/fr.news.yahoo.com\/municipales-2026-r%C3%A9v%C3%A8le-strat%C3%A9gie-tr%C3%A8s-060018093.html\" data-ylk=\"slk:des municipales \u00e0 Paris;elm:context_link;itc:0;sec:content-canvas;outcm:mb_qualified_link;_E:mb_qualified_link;ct:story;\" class=\"link  yahoo-link\" target=\"_blank\" rel=\"noopener\">des municipales \u00e0 Paris<\/a>. Une liste commune dans laquelle seront \u00e9galement pr\u00e9sents les communistes et qui se fera derri\u00e8re la t\u00eate de liste du PS, <a href=\"https:\/\/fr.news.yahoo.com\/municipales-2026-parc-princes-devenu-080014352.html\" data-ylk=\"slk:Emmanuel Gr\u00e9goire;elm:context_link;itc:0;sec:content-canvas;outcm:mb_qualified_link;_E:mb_qualified_link;ct:story;\" class=\"link  yahoo-link\" target=\"_blank\" rel=\"noopener\">Emmanuel Gr\u00e9goire<\/a>.<\/p>\n<p class=\"mb-4 text-lg md:leading-8 break-words\">Rappelant que c\u2019est la premi\u00e8re fois que les \u00e9cologistes ne seront pas pr\u00e9sents en leur nom propre au premier tout, David Belliard \u00e9voque le besoin d\u2019une \u00ab\u00a0forme de responsabilit\u00e9\u00a0\u00bb. \u00ab\u00a0M\u00eame si nous sommes haut dans les sondages, je ne suis pas le mieux plac\u00e9, \u00e0 date, pour porter cette alliance\u00a0\u00bb, reconna\u00eet-il \u00e9galement dans <a href=\"https:\/\/www.liberation.fr\/politique\/a-paris-lecologiste-david-belliard-se-rallie-aux-socialistes-en-vue-des-municipales-je-ne-suis-pas-le-mieux-place-a-date-pour-porter-cette-alliance-20251217_ALRP7DI6LJFCLGLUNDUDW7RHJM\/?redirected=1\" rel=\"nofollow noopener\" target=\"_blank\" data-ylk=\"slk:Lib\u00e9ration;elm:context_link;itc:0;sec:content-canvas\" class=\"link \">Lib\u00e9ration<\/a>.<\/p>\n<p class=\"mb-4 text-lg md:leading-8 break-words\"><a href=\"https:\/\/www.huffingtonpost.fr\/faire-un-don\" rel=\"nofollow noopener\" target=\"_blank\" data-ylk=\"slk:Faire un don d\u00e9fiscalis\u00e9 ponctuel ou r\u00e9gulier;elm:context_link;itc:0;sec:content-canvas\" class=\"link \"> Faire un don d\u00e9fiscalis\u00e9 ponctuel ou r\u00e9gulier <\/a><\/p>\n<p class=\"mb-4 text-lg md:leading-8 break-words\">Il reste toutefois une derri\u00e8re \u00e9tape avant que cette union d\u00e8s le premier tour soit ent\u00e9rin\u00e9e\u00a0: le vote des adh\u00e9rents. Les \u00e9cologistes seront sollicit\u00e9s d\u00e8s aujourd\u2019hui pour valider cette strat\u00e9gie, le r\u00e9sultat devrait \u00eatre connu dans la nuit.<\/p>\n<p class=\"mb-4 text-lg md:leading-8 break-words\">David Belliard continue par ailleurs de pousser vers un ralliement avec la liste de l\u2019insoumise Sophia Chikirou pour mieux barrer la route \u00e0 Rachida Dati (soutenue par LR et le MoDem), Pierre-Yves Bournazel (Renaissance et Horizons), ou encore Sarah Knafo (Reconqu\u00eate) et Thierry Mariani (RN) qui aligneront tous des listes au premier tour. Il pourra notamment compter sur le communiste Ian Brossat \u00e9galement partisan d\u2019une large union \u00e0 gauche. \u00ab\u00a0Le risque c\u2019est que Paris tombe dans l\u2019escarcelle d\u2019une droite extr\u00e9mis\u00e9e\u00a0\u00bb a pr\u00e9venu sur Ici Paris, Ian Brossat, mettant en garde contre un rapprochement entre Rachida Dati et Sarah Knafo.<\/p>\n<p class=\"mb-4 text-lg md:leading-8 break-words\">Nul doute que le sondage <a href=\"https:\/\/www.20minutes.fr\/dossier\/ipsos\" rel=\"nofollow noopener\" target=\"_blank\" data-ylk=\"slk:Ipsos;elm:context_link;itc:0;sec:content-canvas\" class=\"link \">Ipsos<\/a> pour\u00a0Le Parisien, publi\u00e9 dans le week-end, aura pes\u00e9 dans les derni\u00e8res tractations de la gauche. Selon les chiffres, seule une liste d\u2019union de la gauche conduite par le socialiste Emmanuel Gr\u00e9goire, sans LFI, arriverait en t\u00eate du premier tour (32%), devant celle de la droite men\u00e9e par Rachida Dati (27%),<\/p>\n<p class=\"mb-4 text-lg md:leading-8 break-words\"><a href=\"https:\/\/huffpost.sirius.press\/articles\/258301\" rel=\"nofollow noopener\" target=\"_blank\" data-ylk=\"slk:La visite d\u2019Emmanuel Macron \u00e0 Marseille a eu une lourde cons\u00e9quence pour les Restos du c\u0153ur;elm:context_link;itc:0;sec:content-canvas\" class=\"link \"> La visite d\u2019Emmanuel Macron \u00e0 Marseille a eu une lourde cons\u00e9quence pour les Restos du c\u0153ur <\/a><\/p>\n<p class=\"mb-4 text-lg md:leading-8 break-words\"><a href=\"https:\/\/fr.news.yahoo.com\/budget-s%C3%A9curit%C3%A9-sociale-adopt%C3%A9-principales-173004341.html\" data-ylk=\"slk:Le budget de la S\u00e9curit\u00e9 sociale adopt\u00e9, voici les principales mesures qui vous concernent;elm:context_link;itc:0;sec:content-canvas;outcm:mb_qualified_link;_E:mb_qualified_link;ct:story;\" class=\"link  yahoo-link\" target=\"_blank\" rel=\"noopener\"> Le budget de la S\u00e9curit\u00e9 sociale adopt\u00e9, voici les principales mesures qui vous concernent <\/a><\/p>\n","protected":false},"excerpt":{"rendered":"\u00ab\u00a0C\u2019est historique pour nous\u00a0\u00bb, a reconnu l\u2019\u00e9lu \u00e9cologiste David Belliard au micro de franceinfo, ce mercredi 17\u00a0d\u00e9cembre peu&hellip;\n","protected":false},"author":2,"featured_media":604809,"comment_status":"","ping_status":"","sticky":false,"template":"","format":"standard","meta":{"footnotes":""},"categories":[1888],"tags":[1111,1928,11,1927,30253,8186,1777,674,1011,27,71656,12,1926,626,1925,417,25],"class_list":{"0":"post-604808","1":"post","2":"type-post","3":"status-publish","4":"format-standard","5":"has-post-thumbnail","7":"category-paris","8":"tag-actu","9":"tag-actu-paris","10":"tag-actualites","11":"tag-actualites-paris","12":"tag-david-belliard","13":"tag-emmanuel-gregoire","14":"tag-eu","15":"tag-europe","16":"tag-fr","17":"tag-france","18":"tag-les-communistes","19":"tag-news","20":"tag-news-paris","21":"tag-paris","22":"tag-paris-news","23":"tag-rachida-dati","24":"tag-republique-francaise"},"share_on_mastodon":{"url":"https:\/\/pubeurope.com\/@fr\/115733999474361222","error":""},"_links":{"self":[{"href":"https:\/\/www.europesays.com\/fr\/wp-json\/wp\/v2\/posts\/604808","targetHints":{"allow":["GET"]}}],"collection":[{"href":"https:\/\/www.europesays.com\/fr\/wp-json\/wp\/v2\/posts"}],"about":[{"href":"https:\/\/www.europesays.com\/fr\/wp-json\/wp\/v2\/types\/post"}],"author":[{"embeddable":true,"href":"https:\/\/www.europesays.com\/fr\/wp-json\/wp\/v2\/users\/2"}],"replies":[{"embeddable":true,"href":"https:\/\/www.europesays.com\/fr\/wp-json\/wp\/v2\/comments?post=604808"}],"version-history":[{"count":0,"href":"https:\/\/www.europesays.com\/fr\/wp-json\/wp\/v2\/posts\/604808\/revisions"}],"wp:featuredmedia":[{"embeddable":true,"href":"https:\/\/www.europesays.com\/fr\/wp-json\/wp\/v2\/media\/604809"}],"wp:attachment":[{"href":"https:\/\/www.europesays.com\/fr\/wp-json\/wp\/v2\/media?parent=604808"}],"wp:term":[{"taxonomy":"category","embeddable":true,"href":"https:\/\/www.europesays.com\/fr\/wp-json\/wp\/v2\/categories?post=604808"},{"taxonomy":"post_tag","embeddable":true,"href":"https:\/\/www.europesays.com\/fr\/wp-json\/wp\/v2\/tags?post=604808"}],"curies":[{"name":"wp","href":"https:\/\/api.w.org\/{rel}","templated":true}]}}