{"id":604810,"date":"2025-12-17T08:37:11","date_gmt":"2025-12-17T08:37:11","guid":{"rendered":"https:\/\/www.europesays.com\/fr\/604810\/"},"modified":"2025-12-17T08:37:11","modified_gmt":"2025-12-17T08:37:11","slug":"fontenay-sous-bois-ginette-92-ans-lachee-par-certains-soignants-a-cause-dune-invasion-de-punaises-de-lit","status":"publish","type":"post","link":"https:\/\/www.europesays.com\/fr\/604810\/","title":{"rendered":"Fontenay-sous-Bois\u00a0: Ginette, 92\u00a0ans, l\u00e2ch\u00e9e par certains soignants \u00e0 cause d\u2019une invasion de punaises de lit"},"content":{"rendered":"<p class=\"paragraph text_align_left lp-f-body-02\">\u00ab J\u2019en ai tu\u00e9 une sur elle ce matin, pleine de sang \u00bb. Fran\u00e7oise vient de descendre les escaliers qui m\u00e8nent jusqu\u2019au logement de Ginette Silniki, \u00e0 <a href=\"https:\/\/www.leparisien.fr\/val-de-marne-94\/fontenay-sous-bois-94120\/\" target=\"_self\" rel=\"noopener\">Fontenay-sous-Bois<\/a>. Une r\u00e9sidence en briques rouges \u00e0 taille humaine, g\u00e9r\u00e9e par le bailleur CDC Habitat. Depuis lundi, cette femme qui s\u2019investissait d\u00e9j\u00e0 aupr\u00e8s de Ginette comme b\u00e9n\u00e9vole, pour l\u2019aider sur le plan administratif notamment, \u00e9cope d\u00e9sormais d\u2019une autre mission. Remplacer l\u2019auxiliaire de vie de cette femme qui f\u00eatera d\u00e9but janvier ses 93 ans.<\/p>\n<p class=\"\">\u00ab Elle ne viendra plus. Elle ne veut pas prendre de risque \u00e0 cause des punaises et on la comprend \u00bb, explique Fran\u00e7oise. La kin\u00e9 de Ginette a \u00e9galement fait savoir que dans les conditions actuelles, elle ne se rendrait plus \u00e0 son domicile.<\/p>\n","protected":false},"excerpt":{"rendered":"\u00ab J\u2019en ai tu\u00e9 une sur elle ce matin, pleine de sang \u00bb. Fran\u00e7oise vient de descendre les&hellip;\n","protected":false},"author":2,"featured_media":604811,"comment_status":"","ping_status":"","sticky":false,"template":"","format":"standard","meta":{"footnotes":""},"categories":[1888],"tags":[11,1777,674,1011,27,1944,12,626,25,1125],"class_list":{"0":"post-604810","1":"post","2":"type-post","3":"status-publish","4":"format-standard","5":"has-post-thumbnail","7":"category-paris","8":"tag-actualites","9":"tag-eu","10":"tag-europe","11":"tag-fr","12":"tag-france","13":"tag-ma-ville","14":"tag-news","15":"tag-paris","16":"tag-republique-francaise","17":"tag-val-de-marne"},"share_on_mastodon":{"url":"https:\/\/pubeurope.com\/@fr\/115734003399465298","error":""},"_links":{"self":[{"href":"https:\/\/www.europesays.com\/fr\/wp-json\/wp\/v2\/posts\/604810","targetHints":{"allow":["GET"]}}],"collection":[{"href":"https:\/\/www.europesays.com\/fr\/wp-json\/wp\/v2\/posts"}],"about":[{"href":"https:\/\/www.europesays.com\/fr\/wp-json\/wp\/v2\/types\/post"}],"author":[{"embeddable":true,"href":"https:\/\/www.europesays.com\/fr\/wp-json\/wp\/v2\/users\/2"}],"replies":[{"embeddable":true,"href":"https:\/\/www.europesays.com\/fr\/wp-json\/wp\/v2\/comments?post=604810"}],"version-history":[{"count":0,"href":"https:\/\/www.europesays.com\/fr\/wp-json\/wp\/v2\/posts\/604810\/revisions"}],"wp:featuredmedia":[{"embeddable":true,"href":"https:\/\/www.europesays.com\/fr\/wp-json\/wp\/v2\/media\/604811"}],"wp:attachment":[{"href":"https:\/\/www.europesays.com\/fr\/wp-json\/wp\/v2\/media?parent=604810"}],"wp:term":[{"taxonomy":"category","embeddable":true,"href":"https:\/\/www.europesays.com\/fr\/wp-json\/wp\/v2\/categories?post=604810"},{"taxonomy":"post_tag","embeddable":true,"href":"https:\/\/www.europesays.com\/fr\/wp-json\/wp\/v2\/tags?post=604810"}],"curies":[{"name":"wp","href":"https:\/\/api.w.org\/{rel}","templated":true}]}}