{"id":604814,"date":"2025-12-17T08:39:17","date_gmt":"2025-12-17T08:39:17","guid":{"rendered":"https:\/\/www.europesays.com\/fr\/604814\/"},"modified":"2025-12-17T08:39:17","modified_gmt":"2025-12-17T08:39:17","slug":"kiev-detruit-un-sous-marin-russe-avec-une-technique-inedite-dans-le-conflit","status":"publish","type":"post","link":"https:\/\/www.europesays.com\/fr\/604814\/","title":{"rendered":"Kiev d\u00e9truit un sous-marin russe avec une technique in\u00e9dite dans le conflit"},"content":{"rendered":"<p>      lire plus tard<\/p>\n<p id=\"dialog__title\" class=\"dialog__title\">Pour sauvegarder cet article, connectez-vous ou cr\u00e9ez un compte franceinfo<\/p>\n<p class=\"dialog__description\">Sans paiement. Sans abonnement.<\/p>\n<p>        Fermer la fen\u00eatre d\u2019activation des notifications France Info<\/p>\n<p>      cr\u00e9er votre compte<\/p>\n<p>      se connecter<\/p>\n<p>      :<\/p>\n<p>        Fermer la fen\u00eatre de pr\u00e9sentation<\/p>\n<p>    Publi\u00e9 le 17\/12\/2025 08:33<\/p>\n<p>        Temps de lecture : 1min &#8211; vid\u00e9o : 2min<\/p>\n<p>    <img decoding=\"async\" class=\"francetv-player-wrapper__image\" alt=\"C'est un terrible coup port\u00e9 \u00e0 la flotte russe. Les Ukrainiens ont frapp\u00e9 un sous-marin russe lors d'une attaque en mer Noire gr\u00e2ce \u00e0 des drones navals sans pilote. Une tactique in\u00e9dite depuis le d\u00e9but de la guerre.\"  width=\"432\" height=\"243\" src=\"https:\/\/www.europesays.com\/fr\/wp-content\/uploads\/2025\/12\/l-ukraine-affirme-avoir-detruit-un-sous-marin-russe-copie-69425721cec8b194317424.jpg\" fetchpriority=\"high\"\/><\/p>\n<p>              C&rsquo;est un terrible coup port\u00e9 \u00e0 la flotte russe. Les Ukrainiens ont frapp\u00e9 un sous-marin russe lors d&rsquo;une attaque en mer Noire gr\u00e2ce \u00e0 des drones navals sans pilote. Une tactique in\u00e9dite depuis le d\u00e9but de la guerre.<br \/>\n                    (franceinfo)<\/p>\n<p>      2min<\/p>\n<p>\n  C&rsquo;est un terrible coup port\u00e9 \u00e0 la flotte russe. Les Ukrainiens ont frapp\u00e9 un sous-marin russe lors d&rsquo;une attaque en mer Noire gr\u00e2ce \u00e0 des drones navals sans pilote. Une tactique in\u00e9dite depuis le d\u00e9but de la guerre.\n<\/p>\n<p><strong>Ce texte correspond \u00e0 une partie de la retranscription du reportage ci-dessus. Cliquez sur la vid\u00e9o pour le regarder en int\u00e9gralit\u00e9.<\/strong><\/p>\n<p>Une explosion spectaculaire dans un port de <a href=\"https:\/\/www.franceinfo.fr\/monde\/europe\/manifestations-en-ukraine\/direct-guerre-en-ukraine-l-envoye-special-americain-steve-witkoff-va-rencontrer-volodymyr-zelensky-et-des-dirigeants-europeens-a-berlin-ce-week-end_7676704.html\" target=\"_blank\" rel=\"noopener\">la mer Noire<\/a>. L&rsquo;arm\u00e9e ukrainienne, qui fournit ces images, affirme avoir vis\u00e9 un sous-marin russe. Cette vid\u00e9o, apr\u00e8s recherches, a bien \u00e9t\u00e9 film\u00e9e dans le port russe de Novorossiysk. Un port qui abrite habituellement deux sous-marins.<\/p>\n<p>Pour mener cette attaque, les Ukrainiens disent avoir utilis\u00e9 un drone naval de ce type. Ce serait la premi\u00e8re fois qu&rsquo;ils parviennent \u00e0 toucher un sous-marin. Mais cela fait plus de deux ans que l&rsquo;Ukraine utilise cette technologie contre des navires. Pour atteindre Novorossiysk, le drone aurait parcouru au moins 650 km sans \u00eatre d\u00e9tect\u00e9. Surtout, il lui a fallu franchir les protections mises \u00e0 l&rsquo;entr\u00e9e du port.<\/p>\n<p>Alors ? Quels d\u00e9g\u00e2ts a provoqu\u00e9 l&rsquo;explosion ? Les Ukrainiens disent avoir endommag\u00e9 le sous-marin. Les Russes reconnaissent l&rsquo;explosion mais affirment, en diffusant ces images, qu&rsquo;il n&rsquo;y aurait aucun dommage. \u00ab\u00a0Aucun navire ni sous-marin stationn\u00e9 dans la baie de Novorossiysk, ni leur \u00e9quipage, n&rsquo;ont \u00e9t\u00e9 endommag\u00e9s \u00e0 la suite du sabotage. Ils continuent de servir normalement\u00a0\u00bb, a expliqu\u00e9 le porte-parole de la flotte russe en mer Noire.<\/p>\n<p>Nous n&rsquo;avons pas pu dater ces images. Mais cette photo satellite prise aujourd&rsquo;hui montre des d\u00e9g\u00e2ts sur le quai et deux sous-marins, impossibles d&rsquo;\u00e9valuer leur \u00e9tat. \u00ab\u00a0Ce qu&rsquo;on ne voit pas, ce sont tous les dommages sous la ligne de flottaison qui peuvent \u00eatre importants, mais qui mettront du temps avant d&rsquo;\u00eatre v\u00e9rifi\u00e9s\u00a0\u00bb, indique un chercheur \u00e0 l&rsquo;Institut d&rsquo;\u00c9tudes de Strat\u00e9gie et D\u00e9fense, Yohann Michel. Il y a un mois, des drones ukrainiens avaient attaqu\u00e9 des p\u00e9troliers au large du terminal de Novorossiysk.<\/p>\n","protected":false},"excerpt":{"rendered":"lire plus tard Pour sauvegarder cet article, connectez-vous ou cr\u00e9ez un compte franceinfo Sans paiement. Sans abonnement. Fermer&hellip;\n","protected":false},"author":2,"featured_media":604815,"comment_status":"","ping_status":"","sticky":false,"template":"","format":"standard","meta":{"footnotes":""},"categories":[1591],"tags":[11,1887,12,1885,1886,132],"class_list":{"0":"post-604814","1":"post","2":"type-post","3":"status-publish","4":"format-standard","5":"has-post-thumbnail","7":"category-russie","8":"tag-actualites","9":"tag-federation-de-russie","10":"tag-news","11":"tag-russia","12":"tag-russian-federation","13":"tag-russie"},"share_on_mastodon":{"url":"https:\/\/pubeurope.com\/@fr\/115734012157243228","error":""},"_links":{"self":[{"href":"https:\/\/www.europesays.com\/fr\/wp-json\/wp\/v2\/posts\/604814","targetHints":{"allow":["GET"]}}],"collection":[{"href":"https:\/\/www.europesays.com\/fr\/wp-json\/wp\/v2\/posts"}],"about":[{"href":"https:\/\/www.europesays.com\/fr\/wp-json\/wp\/v2\/types\/post"}],"author":[{"embeddable":true,"href":"https:\/\/www.europesays.com\/fr\/wp-json\/wp\/v2\/users\/2"}],"replies":[{"embeddable":true,"href":"https:\/\/www.europesays.com\/fr\/wp-json\/wp\/v2\/comments?post=604814"}],"version-history":[{"count":0,"href":"https:\/\/www.europesays.com\/fr\/wp-json\/wp\/v2\/posts\/604814\/revisions"}],"wp:featuredmedia":[{"embeddable":true,"href":"https:\/\/www.europesays.com\/fr\/wp-json\/wp\/v2\/media\/604815"}],"wp:attachment":[{"href":"https:\/\/www.europesays.com\/fr\/wp-json\/wp\/v2\/media?parent=604814"}],"wp:term":[{"taxonomy":"category","embeddable":true,"href":"https:\/\/www.europesays.com\/fr\/wp-json\/wp\/v2\/categories?post=604814"},{"taxonomy":"post_tag","embeddable":true,"href":"https:\/\/www.europesays.com\/fr\/wp-json\/wp\/v2\/tags?post=604814"}],"curies":[{"name":"wp","href":"https:\/\/api.w.org\/{rel}","templated":true}]}}