{"id":604818,"date":"2025-12-17T08:41:15","date_gmt":"2025-12-17T08:41:15","guid":{"rendered":"https:\/\/www.europesays.com\/fr\/604818\/"},"modified":"2025-12-17T08:41:15","modified_gmt":"2025-12-17T08:41:15","slug":"trump-etend-linterdiction-de-voyager-et-les-restrictions-a-20-nouveaux-pays","status":"publish","type":"post","link":"https:\/\/www.europesays.com\/fr\/604818\/","title":{"rendered":"Trump \u00e9tend l&rsquo;interdiction de voyager et les restrictions \u00e0 20 nouveaux pays"},"content":{"rendered":"<p class=\"mb-4 text-lg md:leading-8 break-words\">Les \u00c9tats-Unis ont ajout\u00e9 cinq pays suppl\u00e9mentaires ainsi que les personnes voyageant avec des documents d\u00e9livr\u00e9s par l&rsquo;Autorit\u00e9 palestinienne \u00e0 la liste des pays faisant l&rsquo;objet d&rsquo;une interdiction totale et a impos\u00e9 de nouvelles limites \u00e0 15 autres pays.<\/p>\n<p class=\"mb-4 text-lg md:leading-8 break-words\">En juin, le pr\u00e9sident Trump avait d\u00e9j\u00e0 annonc\u00e9 que les citoyens de 12 pays seraient interdits de s\u00e9jour aux \u00c9tats-Unis et que ceux de sept autres pays feraient l&rsquo;objet de restrictions.<\/p>\n<p class=\"mb-4 text-lg md:leading-8 break-words\"><b class=\"c-widget-related__title__text\">Related<\/b><\/p>\n<p class=\"mb-4 text-lg md:leading-8 break-words\">\u00c0 l&rsquo;\u00e9poque, l&rsquo;interdiction incluait l&rsquo;<strong>Afghanistan, le Myanmar, le Tchad, la R\u00e9publique du Congo, la Guin\u00e9e \u00e9quatoriale, l&rsquo;\u00c9rythr\u00e9e, Ha\u00efti, l&rsquo;Iran, la Libye, la Somalie, le Soudan et le Y\u00e9men, et renfor\u00e7ait les restrictions impos\u00e9es aux visiteurs du Burundi, de Cuba, du Laos, de la Sierra Leone, du Togo, du Turkm\u00e9nistan et du Venezuela.<\/strong><\/p>\n<p class=\"mb-4 text-lg md:leading-8 break-words\">Ce mardi, l&rsquo;administration r\u00e9publicaine a annonc\u00e9 qu&rsquo;elle \u00e9tendait la liste des pays dont les ressortissants sont <strong>interdits d&rsquo;entr\u00e9e<\/strong> aux \u00c9tats-Unis au <strong>Burkina Faso, au Mali, au Niger, au Sud-Soudan et \u00e0 la Syrie.<\/strong><\/p>\n<p class=\"mb-4 text-lg md:leading-8 break-words\">Les 15 pays suppl\u00e9mentaires faisant l&rsquo;objet de restrictions partielles sont les suivants : <strong>Angola, Antigua-et-Barbuda, B\u00e9nin, C\u00f4te d&rsquo;Ivoire, Dominique, Gabon, Gambie, Malawi, Mauritanie, Nigeria, S\u00e9n\u00e9gal, Tanzanie, Tonga, Zambie et Zimbabwe.<\/strong><\/p>\n<p class=\"mb-4 text-lg md:leading-8 break-words\">Les restrictions s&rsquo;appliquent aux personnes souhaitant se rendre aux \u00c9tats-Unis en tant que visiteurs ou qui veulent y \u00e9migrer.<\/p>\n<p class=\"mb-4 text-lg md:leading-8 break-words\">Les personnes qui ont d\u00e9j\u00e0 un visa, qui sont des r\u00e9sidents permanents l\u00e9gaux des \u00c9tats-Unis ou qui poss\u00e8dent certaines cat\u00e9gories de visa, comme les diplomates ou les athl\u00e8tes, ou dont l&rsquo;entr\u00e9e dans le pays est cens\u00e9e servir les int\u00e9r\u00eats des \u00c9tats-Unis, sont toutes exempt\u00e9es de ces restrictions. <strong>Ces changements entreront en vigueur le 1er janvier.<\/strong><\/p>\n<p class=\"mb-4 text-lg md:leading-8 break-words\"><b class=\"c-widget-related__title__text\">Related<\/b><\/p>\n<p class=\"mb-4 text-lg md:leading-8 break-words\">Les nouvelles restrictions impos\u00e9es aux Palestiniens interviennent plusieurs mois apr\u00e8s que l&rsquo;administration a impos\u00e9 des limites qui font qu&rsquo;il est pratiquement impossible pour quiconque d\u00e9tient un passeport de l&rsquo;Autorit\u00e9 palestinienne de recevoir des documents de voyage pour se rendre aux \u00c9tats-Unis \u00e0 des fins professionnelles, de travail, d&rsquo;agr\u00e9ment ou d&rsquo;\u00e9ducation. L&rsquo;annonce faite mardi va plus loin, puisqu&rsquo;elle interdit aux d\u00e9tenteurs de passeports de l&rsquo;Autorit\u00e9 palestinienne d&rsquo;\u00e9migrer aux \u00c9tats-Unis.<\/p>\n<p><strong>Les pays \u00e9valuent les restrictions<\/strong><\/p>\n<p class=\"mb-4 text-lg md:leading-8 break-words\">L&rsquo;administration Trump a indiqu\u00e9 dans son communiqu\u00e9 que de nombreux pays en provenance desquels elle restreignait les voyages pr\u00e9sentaient \u00ab\u00a0une corruption g\u00e9n\u00e9ralis\u00e9e, des documents civils frauduleux ou non fiables et des casiers judiciaires\u00a0\u00bb qui rendaient difficile l&rsquo;examen de leurs citoyens en vue d&rsquo;un voyage aux \u00c9tats-Unis.<\/p>\n<p class=\"mb-4 text-lg md:leading-8 break-words\">La Commission a \u00e9galement indiqu\u00e9 que certains pays pr\u00e9sentaient un taux \u00e9lev\u00e9 de personnes d\u00e9passant la dur\u00e9e de validit\u00e9 de leur visa, refusaient de reprendre les citoyens que les \u00c9tats-Unis souhaitaient expulser ou pr\u00e9sentaient un \u00ab\u00a0manque g\u00e9n\u00e9ral de stabilit\u00e9 et de contr\u00f4le gouvernemental\u00a0\u00bb, ce qui rendait difficile la v\u00e9rification des ant\u00e9c\u00e9dents. Les \u00c9tats-Unis ont \u00e9galement justifi\u00e9 leur d\u00e9cision par des pr\u00e9occupations li\u00e9es \u00e0 l&rsquo;<strong>application de la l\u00e9gislation sur l&rsquo;immigration<\/strong>, <strong>\u00e0 la politique \u00e9trang\u00e8re et \u00e0 la s\u00e9curit\u00e9 nationale.<\/strong><\/p>\n<p><img alt=\"Des contr\u00f4leurs et des passagers \u00e0 l'a\u00e9roport de Denver\" loading=\"lazy\" width=\"808\" height=\"539\" decoding=\"async\" data-nimg=\"1\" class=\"rounded-lg\" style=\"color:transparent\" src=\"https:\/\/www.europesays.com\/fr\/wp-content\/uploads\/2025\/12\/5ca6cc9dc977d4305e8b07ff68e18ffe.jpeg\"\/><\/p>\n<p> Des contr\u00f4leurs et des passagers \u00e0 l&rsquo;a\u00e9roport de Denver   &#8211; AP Photo <\/p>\n<p class=\"mb-4 text-lg md:leading-8 break-words\">La nouvelle de l&rsquo;\u00e9largissement de l&rsquo;interdiction de voyager risque de se heurter \u00e0 une vive opposition de la part des d\u00e9tracteurs de l&rsquo;administration, qui estiment que celle-ci se sert des questions de s\u00e9curit\u00e9 nationale pour interdire collectivement l&rsquo;acc\u00e8s \u00e0 un grand nombre de pays.<\/p>\n<p class=\"mb-4 text-lg md:leading-8 break-words\">\u00ab\u00a0Cette interdiction \u00e9largie n&rsquo;a rien \u00e0 voir avec la s\u00e9curit\u00e9 nationale. Il s&rsquo;agit au contraire d&rsquo;une nouvelle tentative honteuse de diaboliser des personnes simplement en raison de leur origine\u00a0\u00bb, a d\u00e9clar\u00e9 <strong>Laurie Ball Cooper<\/strong>, vice-pr\u00e9sidente des programmes juridiques am\u00e9ricains de l&rsquo;International Refugee Assistance Project (Projet international d&rsquo;aide aux r\u00e9fugi\u00e9s).<\/p>\n<p class=\"mb-4 text-lg md:leading-8 break-words\">Les d\u00e9fenseurs des Afghans <strong>qui ont soutenu la guerre men\u00e9e par les \u00c9tats-Unis<\/strong> pendant deux d\u00e9cennies en Afghanistan ont \u00e9galement tir\u00e9 la sonnette d&rsquo;alarme mardi, affirmant que la nouvelle interdiction de voyager ne contient plus d&rsquo;exception pour les Afghans qui remplissent les conditions requises pour obtenir un visa sp\u00e9cial d&rsquo;immigrant. Il s&rsquo;agit d&rsquo;une cat\u00e9gorie de visas destin\u00e9e sp\u00e9cifiquement aux Afghans qui ont particip\u00e9 de pr\u00e8s \u00e0 l&rsquo;effort de guerre des \u00c9tats-Unis, au p\u00e9ril de leur vie.<\/p>\n<p class=\"mb-4 text-lg md:leading-8 break-words\"><b class=\"c-widget-related__title__text\">Related<\/b><\/p>\n<p class=\"mb-4 text-lg md:leading-8 break-words\">Les pays nouvellement inscrits sur la liste des pays interdits ou soumis \u00e0 des restrictions ont d\u00e9clar\u00e9 mardi en fin de journ\u00e9e qu&rsquo;ils \u00e9valuaient la nouvelle.<\/p>\n<p class=\"mb-4 text-lg md:leading-8 break-words\">L&rsquo;administration Trump a \u00e9galement renforc\u00e9 les restrictions concernant certains pays &#8211; le Laos et la Sierra Leone qui figuraient auparavant sur la liste des pays soumis \u00e0 des restrictions partielles et, dans un ca, le Turkm\u00e9nistan, a d\u00e9clar\u00e9 que le pays s&rsquo;\u00e9tait suffisamment am\u00e9lior\u00e9 pour justifier l&rsquo;assouplissement de certaines restrictions impos\u00e9es aux voyageurs en provenance de ce pays.<\/p>\n<p class=\"mb-4 text-lg md:leading-8 break-words\">Toutes les autres restrictions de voyage annonc\u00e9es en juin restent en place, a pr\u00e9cis\u00e9 l&rsquo;administration.<\/p>\n","protected":false},"excerpt":{"rendered":"Les \u00c9tats-Unis ont ajout\u00e9 cinq pays suppl\u00e9mentaires ainsi que les personnes voyageant avec des documents d\u00e9livr\u00e9s par l&rsquo;Autorit\u00e9&hellip;\n","protected":false},"author":2,"featured_media":604819,"comment_status":"","ping_status":"","sticky":false,"template":"","format":"standard","meta":{"footnotes":""},"categories":[1589],"tags":[11,73,1866,23800,12,1864,1865,1863,308,71657],"class_list":{"0":"post-604818","1":"post","2":"type-post","3":"status-publish","4":"format-standard","5":"has-post-thumbnail","7":"category-etats-unis","8":"tag-actualites","9":"tag-etats-unis","10":"tag-etats-unis-damerique","11":"tag-le-pays","12":"tag-news","13":"tag-united-states","14":"tag-united-states-of-america","15":"tag-us","16":"tag-usa","17":"tag-voyage-aux-etats-unis"},"share_on_mastodon":{"url":"https:\/\/pubeurope.com\/@fr\/115734019106149650","error":""},"_links":{"self":[{"href":"https:\/\/www.europesays.com\/fr\/wp-json\/wp\/v2\/posts\/604818","targetHints":{"allow":["GET"]}}],"collection":[{"href":"https:\/\/www.europesays.com\/fr\/wp-json\/wp\/v2\/posts"}],"about":[{"href":"https:\/\/www.europesays.com\/fr\/wp-json\/wp\/v2\/types\/post"}],"author":[{"embeddable":true,"href":"https:\/\/www.europesays.com\/fr\/wp-json\/wp\/v2\/users\/2"}],"replies":[{"embeddable":true,"href":"https:\/\/www.europesays.com\/fr\/wp-json\/wp\/v2\/comments?post=604818"}],"version-history":[{"count":0,"href":"https:\/\/www.europesays.com\/fr\/wp-json\/wp\/v2\/posts\/604818\/revisions"}],"wp:featuredmedia":[{"embeddable":true,"href":"https:\/\/www.europesays.com\/fr\/wp-json\/wp\/v2\/media\/604819"}],"wp:attachment":[{"href":"https:\/\/www.europesays.com\/fr\/wp-json\/wp\/v2\/media?parent=604818"}],"wp:term":[{"taxonomy":"category","embeddable":true,"href":"https:\/\/www.europesays.com\/fr\/wp-json\/wp\/v2\/categories?post=604818"},{"taxonomy":"post_tag","embeddable":true,"href":"https:\/\/www.europesays.com\/fr\/wp-json\/wp\/v2\/tags?post=604818"}],"curies":[{"name":"wp","href":"https:\/\/api.w.org\/{rel}","templated":true}]}}