{"id":604822,"date":"2025-12-17T08:43:13","date_gmt":"2025-12-17T08:43:13","guid":{"rendered":"https:\/\/www.europesays.com\/fr\/604822\/"},"modified":"2025-12-17T08:43:13","modified_gmt":"2025-12-17T08:43:13","slug":"reclame-par-la-hongrie-le-militant-antifasciste-gino-arrete-en-france-a-la-demande-de-lallemagne","status":"publish","type":"post","link":"https:\/\/www.europesays.com\/fr\/604822\/","title":{"rendered":"R\u00e9clam\u00e9 par la Hongrie, le militant antifasciste Gino arr\u00eat\u00e9 en France \u00e0 la demande de l\u2019Allemagne"},"content":{"rendered":"<p>L\u2019Allemagne a jou\u00e9 l\u2019interm\u00e9diaire. A sa demande, la France a remis un militant antifasciste \u00e0 la <a href=\"https:\/\/www.20minutes.fr\/dossier\/hongrie\" class=\"c-link c-link--is-underlined\" target=\"_blank\" rel=\"noopener\">Hongrie<\/a>, alors qu\u2019elle avait refus\u00e9 de le faire en avril par crainte de violation de ses droits fondamentaux. Rexhino Abazaj, dit Gino, a \u00e9t\u00e9 arr\u00eat\u00e9 mardi en r\u00e9gion parisienne sur mandat d\u2019arr\u00eat allemand, a-t-on appris aupr\u00e8s de son avocat.<\/p>\n<p>\u00ab\u00a0Cette arrestation\u00a0\u00bb par la <a href=\"https:\/\/www.20minutes.fr\/cinema\/4003681-20221005-novembre-course-contre-montre-raconte-ancienne-policiere-sdat\" class=\"c-link c-link--is-underlined\" target=\"_blank\" rel=\"noopener\">sous-direction antiterroriste de la police judiciaire<\/a> (Sdat) \u00ab\u00a0est tr\u00e8s \u00e9tonnante. Il se serait rendu s\u2019il avait \u00e9t\u00e9 convoqu\u00e9\u00a0\u00bb, a d\u00e9clar\u00e9 \u00e0 l\u2019AFP Me Youri Krassoulia.<\/p>\n<p>Attaque de n\u00e9onazis<\/p>\n<p>Militant pour le droit au logement, Gino, est accus\u00e9 par la Hongrie, comme une dizaine d\u2019autres personnes, d\u2019avoir \u00ab\u00a0brutalement attaqu\u00e9 des <a href=\"https:\/\/www.20minutes.fr\/high-tech\/4113067-20241001-neonazis-utilisent-ia-remettre-adolf-hitler-gout-jour\" class=\"c-link c-link--is-underlined\" target=\"_blank\" rel=\"noopener\">n\u00e9onazis<\/a>\u00a0\u00bb \u00e0 Budapest en f\u00e9vrier\u00a02023.<\/p>\n<\/p>\n<p>La Hongrie avait ensuite \u00e9mis, en novembre\u00a02023, un mandat d\u2019arr\u00eat europ\u00e9en \u00e0 l\u2019encontre de ce ressortissant albanais. Arr\u00eat\u00e9 \u00e0 Paris en novembre\u00a02024, Gino avait \u00e9t\u00e9 incarc\u00e9r\u00e9 puis remis en libert\u00e9 sous contr\u00f4le judiciaire le 26\u00a0mars.<\/p>\n<p>Mais il avait finalement obtenu en avril la lev\u00e9e de tout contr\u00f4le judiciaire, la France refusant de le remettre \u00e0 Budapest en invoquant \u00ab\u00a0des risques\u00a0\u00bb d\u2019un \u00ab\u00a0traitement inhumain\u00a0\u00bb en prison et l\u2019incertitude de lui garantir un proc\u00e8s \u00e9quitable dans ce pays de l\u2019<a href=\"https:\/\/www.20minutes.fr\/dossier\/ue\" class=\"c-link c-link--is-underlined\" target=\"_blank\" rel=\"noopener\">Union europ\u00e9enne<\/a>.<\/p>\n<p>Eventuelle extradition vers l\u2019Allemagne<\/p>\n<p>Plac\u00e9 en r\u00e9tention \u00e0 la Sdat, il doit \u00eatre pr\u00e9sent\u00e9 mercredi \u00e0 un juge de la cour d\u2019appel de Paris, qui d\u00e9cidera de le laisser libre ou non jusqu\u2019\u00e0 l\u2019audience sur son \u00e9ventuelle extradition en Allemagne, le 24\u00a0d\u00e9cembre, a-t-il ajout\u00e9.<\/p>\n<p>Ses soutiens, qui appellent \u00e0 un rassemblement mercredi devant la cour d\u2019appel, craignent qu\u2019il ne soit dans un deuxi\u00e8me temps transf\u00e9r\u00e9 d\u2019Allemagne en Hongrie.<\/p>\n<p>D\u2019autres militants avaient \u00e9t\u00e9 arr\u00eat\u00e9s en f\u00e9vrier\u00a02023. Contrairement \u00e0 l\u2019Italie, qui a refus\u00e9 de remettre l\u2019un de ses ressortissants \u00e0 la Hongrie, l\u2019Allemagne, elle, a remis l\u2019un des activistes, de nationalit\u00e9 allemande, \u00e0 Budapest \u00e0 l\u2019\u00e9t\u00e9\u00a02024.<\/p>\n","protected":false},"excerpt":{"rendered":"L\u2019Allemagne a jou\u00e9 l\u2019interm\u00e9diaire. A sa demande, la France a remis un militant antifasciste \u00e0 la Hongrie, alors&hellip;\n","protected":false},"author":2,"featured_media":604823,"comment_status":"","ping_status":"","sticky":false,"template":"","format":"standard","meta":{"footnotes":""},"categories":[1587],"tags":[47,11,672,20427,22519,1804,1805,1803,1067,1777,674,1801,804,303,41172,12,1072,1802],"class_list":{"0":"post-604822","1":"post","2":"type-post","3":"status-publish","4":"format-standard","5":"has-post-thumbnail","7":"category-allemagne","8":"tag-actualite","9":"tag-actualites","10":"tag-allemagne","11":"tag-antifa","12":"tag-budapest","13":"tag-bundesrepublik-deutschland","14":"tag-de","15":"tag-deutschland","16":"tag-enquete","17":"tag-eu","18":"tag-europe","19":"tag-germany","20":"tag-hongrie","21":"tag-justice","22":"tag-neonazi","23":"tag-news","24":"tag-police","25":"tag-republique-federale-dallemagne"},"share_on_mastodon":{"url":"https:\/\/pubeurope.com\/@fr\/115734026957258481","error":""},"_links":{"self":[{"href":"https:\/\/www.europesays.com\/fr\/wp-json\/wp\/v2\/posts\/604822","targetHints":{"allow":["GET"]}}],"collection":[{"href":"https:\/\/www.europesays.com\/fr\/wp-json\/wp\/v2\/posts"}],"about":[{"href":"https:\/\/www.europesays.com\/fr\/wp-json\/wp\/v2\/types\/post"}],"author":[{"embeddable":true,"href":"https:\/\/www.europesays.com\/fr\/wp-json\/wp\/v2\/users\/2"}],"replies":[{"embeddable":true,"href":"https:\/\/www.europesays.com\/fr\/wp-json\/wp\/v2\/comments?post=604822"}],"version-history":[{"count":0,"href":"https:\/\/www.europesays.com\/fr\/wp-json\/wp\/v2\/posts\/604822\/revisions"}],"wp:featuredmedia":[{"embeddable":true,"href":"https:\/\/www.europesays.com\/fr\/wp-json\/wp\/v2\/media\/604823"}],"wp:attachment":[{"href":"https:\/\/www.europesays.com\/fr\/wp-json\/wp\/v2\/media?parent=604822"}],"wp:term":[{"taxonomy":"category","embeddable":true,"href":"https:\/\/www.europesays.com\/fr\/wp-json\/wp\/v2\/categories?post=604822"},{"taxonomy":"post_tag","embeddable":true,"href":"https:\/\/www.europesays.com\/fr\/wp-json\/wp\/v2\/tags?post=604822"}],"curies":[{"name":"wp","href":"https:\/\/api.w.org\/{rel}","templated":true}]}}