{"id":604824,"date":"2025-12-17T08:44:14","date_gmt":"2025-12-17T08:44:14","guid":{"rendered":"https:\/\/www.europesays.com\/fr\/604824\/"},"modified":"2025-12-17T08:44:14","modified_gmt":"2025-12-17T08:44:14","slug":"les-etats-unis-menacent-leurope-de-represailles-a-cause-de-sa-lutte-contre-les-contenus-illegaux","status":"publish","type":"post","link":"https:\/\/www.europesays.com\/fr\/604824\/","title":{"rendered":"Les \u00c9tats-Unis menacent l\u2019Europe de repr\u00e9sailles \u00e0 cause de sa lutte contre les contenus ill\u00e9gaux"},"content":{"rendered":"<p>Les \u00c9tats-Unis ne sont pas contents apr\u00e8s nous. Mardi, ils ont menac\u00e9 l\u2019Union europ\u00e9enne de repr\u00e9sailles en raison de la r\u00e9gulation du num\u00e9rique impos\u00e9e par les Etats membres aux g\u00e9ants am\u00e9ricains. Une r\u00e9gulation <a href=\"https:\/\/www.20minutes.fr\/monde\/etats-unis\/4140857-20250226-etats-unis-ue-concue-emmerder-etats-unis-affirme-trump\" class=\"c-link c-link--is-underlined\" target=\"_blank\" rel=\"noopener\">jug\u00e9e \u00ab\u00a0discriminatoire\u00a0\u00bb par les USA<\/a>, qui estiment que ces mesures visent \u00e0 \u00ab\u00a0restreindre, limiter et d\u00e9courager\u00a0\u00bb l\u2019activit\u00e9 de leurs entreprises. Le r\u00e8glement europ\u00e9en sur les services num\u00e9riques (DSA) entr\u00e9 en vigueur il y a deux ans est notamment dans leur viseur. Ce texte a notamment pour but de lutter contre les contenus ill\u00e9gaux et dangereux en ligne. <a href=\"https:\/\/www.20minutes.fr\/monde\/3259611-20220325-gafam-accord-transferts-donnees-personnelles-entre-ue-etats-unis\" class=\"c-link c-link--is-underlined\" target=\"_blank\" rel=\"noopener\">Il impose des obligations renforc\u00e9es<\/a> aux plus grandes plateformes actives dans l\u2019Union. Et \u00e7a, \u00e7a ne pla\u00eet pas aux Am\u00e9ricains.<\/p>\n<p>Dans un message diffus\u00e9 sur X, le bureau du repr\u00e9sentant de la Maison-Blanche pour le Commerce (USTR) a d\u00e9nonc\u00e9 une \u00ab\u00a0approche discriminatoire\u00a0\u00bb et m\u00eame \u00ab\u00a0un harc\u00e8lement\u00a0\u00bb, citant des proc\u00e8s, des imp\u00f4ts et des amendes dirig\u00e9s contre des fournisseurs am\u00e9ricains. \u00ab\u00a0S\u2019ils persistent, les Etats-Unis n\u2019auront d\u2019autre choix que d\u2019utiliser tous les outils \u00e0 disposition pour contrer ces mesures d\u00e9raisonnables\u00a0\u00bb, pr\u00e9vient l\u2019administration.<\/p>\n<\/p>\n<p>Quand la Maison-Blanche \u00e9voque des amendes, elle pense par exemple <a href=\"https:\/\/www.20minutes.fr\/arts-stars\/culture\/4189927-20251205-union-europeenne-inflige-amende-120-millions-euros-x-reseau-social-elon-musk\" class=\"c-link c-link--is-underlined\" target=\"_blank\" rel=\"noopener\">celle de 120\u00a0millions inflig\u00e9e d\u00e9but d\u00e9cembre<\/a> au r\u00e9seau social X, propri\u00e9t\u00e9 du milliardaire Elon Musk, <a href=\"https:\/\/www.20minutes.fr\/monde\/diaporama-4157288-ente-elon-musk-donald-trump-images-bromance-acheve-fracas\" class=\"c-link c-link--is-underlined\" target=\"_blank\" rel=\"noopener\">alli\u00e9 du pr\u00e9sident am\u00e9ricain Donald Trump<\/a>. La plateforme est accus\u00e9e de \u00ab\u00a0ne pas respecter le r\u00e8glement europ\u00e9en sur les services num\u00e9riques\u00a0\u00bb. Depuis quelques ann\u00e9es, plusieurs milliards d\u2019euros d\u2019amendes ont \u00e9t\u00e9 ainsi dress\u00e9es.<\/p>\n<p>L\u2019Union europ\u00e9enne ne veut pas plier<\/p>\n<p>Pas vraiment intimid\u00e9e par ces menaces de repr\u00e9sailles, l\u2019Europe a assur\u00e9 qu\u2019elle allait continuer \u00e0 r\u00e9guler le secteur du num\u00e9rique \u00ab\u00a0\u00e9quitablement\u00a0\u00bb malgr\u00e9 les menaces am\u00e9ricaines, assurant appliquer ses r\u00e9glementations \u00ab\u00a0sans discrimination\u00a0\u00bb. \u00ab\u00a0Comme nous l\u2019avons expliqu\u00e9 \u00e0 de nombreuses reprises, nos r\u00e8gles s\u2019appliquent de mani\u00e8re \u00e9gale et \u00e9quitable \u00e0 toutes les entreprises op\u00e9rant dans l\u2019UE\u00a0\u00bb, a d\u00e9clar\u00e9 Thomas Regnier, porte-parole de la Commission europ\u00e9enne.<\/p>\n","protected":false},"excerpt":{"rendered":"Les \u00c9tats-Unis ne sont pas contents apr\u00e8s nous. Mardi, ils ont menac\u00e9 l\u2019Union europ\u00e9enne de repr\u00e9sailles en raison&hellip;\n","protected":false},"author":2,"featured_media":604825,"comment_status":"","ping_status":"","sticky":false,"template":"","format":"standard","meta":{"footnotes":""},"categories":[1586],"tags":[47,11,2196,75,46,73,1777,674,1011,27,4124,74,12,4125,32329,9235,25,938,555],"class_list":{"0":"post-604824","1":"post","2":"type-post","3":"status-publish","4":"format-standard","5":"has-post-thumbnail","7":"category-europe","8":"tag-actualite","9":"tag-actualites","10":"tag-commission-europeenne","11":"tag-donald-trump","12":"tag-elon-musk","13":"tag-etats-unis","14":"tag-eu","15":"tag-europe","16":"tag-fr","17":"tag-france","18":"tag-gafa","19":"tag-monde","20":"tag-news","21":"tag-numerique","22":"tag-pedopornographie","23":"tag-regulation","24":"tag-republique-francaise","25":"tag-reseaux-sociaux","26":"tag-union-europeenne-ue"},"share_on_mastodon":{"url":"https:\/\/pubeurope.com\/@fr\/115734031057959183","error":""},"_links":{"self":[{"href":"https:\/\/www.europesays.com\/fr\/wp-json\/wp\/v2\/posts\/604824","targetHints":{"allow":["GET"]}}],"collection":[{"href":"https:\/\/www.europesays.com\/fr\/wp-json\/wp\/v2\/posts"}],"about":[{"href":"https:\/\/www.europesays.com\/fr\/wp-json\/wp\/v2\/types\/post"}],"author":[{"embeddable":true,"href":"https:\/\/www.europesays.com\/fr\/wp-json\/wp\/v2\/users\/2"}],"replies":[{"embeddable":true,"href":"https:\/\/www.europesays.com\/fr\/wp-json\/wp\/v2\/comments?post=604824"}],"version-history":[{"count":0,"href":"https:\/\/www.europesays.com\/fr\/wp-json\/wp\/v2\/posts\/604824\/revisions"}],"wp:featuredmedia":[{"embeddable":true,"href":"https:\/\/www.europesays.com\/fr\/wp-json\/wp\/v2\/media\/604825"}],"wp:attachment":[{"href":"https:\/\/www.europesays.com\/fr\/wp-json\/wp\/v2\/media?parent=604824"}],"wp:term":[{"taxonomy":"category","embeddable":true,"href":"https:\/\/www.europesays.com\/fr\/wp-json\/wp\/v2\/categories?post=604824"},{"taxonomy":"post_tag","embeddable":true,"href":"https:\/\/www.europesays.com\/fr\/wp-json\/wp\/v2\/tags?post=604824"}],"curies":[{"name":"wp","href":"https:\/\/api.w.org\/{rel}","templated":true}]}}