{"id":604830,"date":"2025-12-17T08:47:16","date_gmt":"2025-12-17T08:47:16","guid":{"rendered":"https:\/\/www.europesays.com\/fr\/604830\/"},"modified":"2025-12-17T08:47:16","modified_gmt":"2025-12-17T08:47:16","slug":"que-sait-on-de-la-cyberattaque-tres-grave-contre-le-ministere-de-linterieur-liberation","status":"publish","type":"post","link":"https:\/\/www.europesays.com\/fr\/604830\/","title":{"rendered":"Que sait-on de la cyberattaque \u00abtr\u00e8s grave\u00bb contre le minist\u00e8re de l\u2019Int\u00e9rieur\u00a0? \u2013 Lib\u00e9ration"},"content":{"rendered":"<p class=\"sc-cPiKLX AiZTS text-element\">Un piratage dont l\u2019impact pourrait \u00eatre \u00absans pr\u00e9c\u00e9dent pour la France\u00bb, comme l\u2019affirment ses auteurs autoproclam\u00e9s ? En tout cas, une \u00abattaque tr\u00e8s grave\u00bb, trait\u00e9e \u00abavec la plus haute vigilance et au plus haut niveau\u00bb, selon le minist\u00e8re de l\u2019Int\u00e9rieur, contact\u00e9 ce mardi 16 d\u00e9cembre par CheckNews.<\/p>\n<p class=\"sc-cPiKLX AiZTS text-element\">Il y a cinq jours, <a href=\"https:\/\/www.bfmtv.com\/police-justice\/info-bfmtv-des-activites-suspectes-forcent-le-ministere-de-l-interieur-a-renforcer-sa-cybersecurite-pour-circonscrire-la-menace_AN-202512110893.html\" target=\"_blank\" rel=\"noopener\">BFMTV r\u00e9v\u00e9lait<\/a> que la place Beauvau avait d\u00e9couvert l\u2019existence d\u2019\u00abactivit\u00e9s suspectes\u00bb visant ses serveurs de messagerie. Une enqu\u00eate a \u00e9t\u00e9 ouverte le 11 d\u00e9cembre par la section de lutte contre la cybercriminalit\u00e9 du parquet de Paris, et confi\u00e9e \u00e0 l\u2019Office anti-cybercriminalit\u00e9 de la police nationale. La Commission nationale de l\u2019informatique et des libert\u00e9s a \u00e9t\u00e9 notifi\u00e9e.<\/p>\n<p class=\"sc-cPiKLX AiZTS text-element\">\u00abLes premi\u00e8res investigations techniques, conduites par le centre de cyberd\u00e9fense du minist\u00e8re en lien \u00e9troit avec l\u2019Agence nationale de la s\u00e9curit\u00e9 des syst\u00e8mes d\u2019information (Anssi), ont \u00e9tabli qu\u2019un acc\u00e8s non autoris\u00e9 a permis \u00e0 un attaquant de consulter un nombre limit\u00e9 de bo\u00eetes de messagerie professionnelle\u00bb, indique la place Beauvau. Via cette premi\u00e8re intrusion, le ou les pirates informatiques ont r\u00e9cup\u00e9r\u00e9 des \u00ab\u00e9l\u00e9ments d\u2019identification\u00bb \u00e0 m\u00eame de leur ouvrir l\u2019\u00abacc\u00e8s \u00e0 des applicatifs m\u00e9tiers\u00bb. Autrement dit, <\/p>\n","protected":false},"excerpt":{"rendered":"Un piratage dont l\u2019impact pourrait \u00eatre \u00absans pr\u00e9c\u00e9dent pour la France\u00bb, comme l\u2019affirment ses auteurs autoproclam\u00e9s ? En&hellip;\n","protected":false},"author":2,"featured_media":604831,"comment_status":"","ping_status":"","sticky":false,"template":"","format":"standard","meta":{"footnotes":""},"categories":[2],"tags":[11,16968,1011,27,12538,12,25],"class_list":{"0":"post-604830","1":"post","2":"type-post","3":"status-publish","4":"format-standard","5":"has-post-thumbnail","7":"category-actualites","8":"tag-actualites","9":"tag-cybercriminalite","10":"tag-fr","11":"tag-france","12":"tag-ministere-de-l-interieur","13":"tag-news","14":"tag-republique-francaise"},"share_on_mastodon":{"url":"https:\/\/pubeurope.com\/@fr\/115734042674386596","error":""},"_links":{"self":[{"href":"https:\/\/www.europesays.com\/fr\/wp-json\/wp\/v2\/posts\/604830","targetHints":{"allow":["GET"]}}],"collection":[{"href":"https:\/\/www.europesays.com\/fr\/wp-json\/wp\/v2\/posts"}],"about":[{"href":"https:\/\/www.europesays.com\/fr\/wp-json\/wp\/v2\/types\/post"}],"author":[{"embeddable":true,"href":"https:\/\/www.europesays.com\/fr\/wp-json\/wp\/v2\/users\/2"}],"replies":[{"embeddable":true,"href":"https:\/\/www.europesays.com\/fr\/wp-json\/wp\/v2\/comments?post=604830"}],"version-history":[{"count":0,"href":"https:\/\/www.europesays.com\/fr\/wp-json\/wp\/v2\/posts\/604830\/revisions"}],"wp:featuredmedia":[{"embeddable":true,"href":"https:\/\/www.europesays.com\/fr\/wp-json\/wp\/v2\/media\/604831"}],"wp:attachment":[{"href":"https:\/\/www.europesays.com\/fr\/wp-json\/wp\/v2\/media?parent=604830"}],"wp:term":[{"taxonomy":"category","embeddable":true,"href":"https:\/\/www.europesays.com\/fr\/wp-json\/wp\/v2\/categories?post=604830"},{"taxonomy":"post_tag","embeddable":true,"href":"https:\/\/www.europesays.com\/fr\/wp-json\/wp\/v2\/tags?post=604830"}],"curies":[{"name":"wp","href":"https:\/\/api.w.org\/{rel}","templated":true}]}}