{"id":604836,"date":"2025-12-17T08:50:14","date_gmt":"2025-12-17T08:50:14","guid":{"rendered":"https:\/\/www.europesays.com\/fr\/604836\/"},"modified":"2025-12-17T08:50:14","modified_gmt":"2025-12-17T08:50:14","slug":"lalterna-stade-poitevin-quitte-la-coupe-de-france-par-la-petite-porte","status":"publish","type":"post","link":"https:\/\/www.europesays.com\/fr\/604836\/","title":{"rendered":"L\u2019Alterna Stade Poitevin quitte la Coupe de France par la petite porte"},"content":{"rendered":"<p><strong>Paris\u00a0&#8211; Alterna Stade Poitevin\u00a0: 3-0<\/strong><\/p>\n<p>L&rsquo;Alterna Stade Poitevin n\u2019int\u00e9grera pas le dernier carr\u00e9 de la Coupe de France cette saison. Tout simplement parce que ce mardi 16\u00a0d\u00e9cembre 2025, Dan Lewis et ses prot\u00e9g\u00e9s ne s\u2019en sont pas assez donn\u00e9 les moyens, trois jours apr\u00e8s s\u2019\u00eatre inclin\u00e9s \u00e0 domicile contre Nice (2-3), alors que dans le m\u00eame temps, Paris se relan\u00e7ait \u00e0 Saint-Nazaire (0-3). Deux trajectoires oppos\u00e9es qui se sont malheureusement confirm\u00e9es dans le XIIIe arrondissement. Priv\u00e9s de Maase (\u00e9paule), les Poitevins ont rapidement montr\u00e9 leurs limites salle Charpy.<\/p>\n<p>D\u2019entr\u00e9e, ils devaient se remettre du d\u00e9part tambour battant des Parisiens (5-1), s\u00fbrement revanchards apr\u00e8s <a target=\"_self\" href=\"https:\/\/www.lanouvellerepublique.fr\/poitiers\/msl-l-alterna-stade-poitevin-se-relance-a-paris-1765046039\" rel=\"noopener\">la gifle que Franco Massimino et ses partenaires leur avaient inflig\u00e9e dix jours auparavant en championnat (0-3).<\/a> La feinte de Gill, les aces de Pujol et l\u2019attaque de Magnin, entre autres, remettaient progressivement les Stadistes sur de bons rails (10-6 puis 17-15). Moins solides au service, les Poitevins laissent toutefois les Parisiens s\u2019offrir deux balles de set. D\u2019une attaque surpuissante, Kobrine effa\u00e7ait la premi\u00e8re mais pas la deuxi\u00e8me et Paris prenait les commandes de la rencontre (25-23)&#8230;. <\/p>\n<p>    Cet article a \u00e9t\u00e9 tronqu\u00e9. Abonnez-vous pour lire l&rsquo;article complet sur notre site.<\/p>\n<p style=\"margin: 0 !important; padding: 0 !important; font-size: 12px !important;\">Cet article a \u00e9t\u00e9 tronqu\u00e9. Abonnez-vous pour lire l&rsquo;article complet.<\/p>\n<p>    <a href=\"https:\/\/www.lanouvellerepublique.fr\/abonnements\" style=\"display: inline-block; margin-top: 5px !important; padding: 6px 12px !important; background: #cb1c27; color: white; text-decoration: none; border-radius: 4px; font-size: 12px !important;\" target=\"_blank\" rel=\"noopener\"><br \/>\n      S&rsquo;abonner<br \/>\n    <\/a><\/p>\n","protected":false},"excerpt":{"rendered":"Paris\u00a0&#8211; Alterna Stade Poitevin\u00a0: 3-0 L&rsquo;Alterna Stade Poitevin n\u2019int\u00e9grera pas le dernier carr\u00e9 de la Coupe de France&hellip;\n","protected":false},"author":2,"featured_media":604837,"comment_status":"","ping_status":"","sticky":false,"template":"","format":"standard","meta":{"footnotes":""},"categories":[1417],"tags":[1392,1654,19740,1011,27,1655,1653,60,1584,1470,1469],"class_list":{"0":"post-604836","1":"post","2":"type-post","3":"status-publish","4":"format-standard","5":"has-post-thumbnail","7":"category-volley","8":"tag-a-la-une-local","9":"tag-alterna-stade-poitevin-volley-ball","10":"tag-coupe-de-france-volley","11":"tag-fr","12":"tag-france","13":"tag-ligue-a","14":"tag-poitiers","15":"tag-sports","16":"tag-vienne","17":"tag-volley","18":"tag-volleyball"},"share_on_mastodon":{"url":"https:\/\/pubeurope.com\/@fr\/115734054493291621","error":""},"_links":{"self":[{"href":"https:\/\/www.europesays.com\/fr\/wp-json\/wp\/v2\/posts\/604836","targetHints":{"allow":["GET"]}}],"collection":[{"href":"https:\/\/www.europesays.com\/fr\/wp-json\/wp\/v2\/posts"}],"about":[{"href":"https:\/\/www.europesays.com\/fr\/wp-json\/wp\/v2\/types\/post"}],"author":[{"embeddable":true,"href":"https:\/\/www.europesays.com\/fr\/wp-json\/wp\/v2\/users\/2"}],"replies":[{"embeddable":true,"href":"https:\/\/www.europesays.com\/fr\/wp-json\/wp\/v2\/comments?post=604836"}],"version-history":[{"count":0,"href":"https:\/\/www.europesays.com\/fr\/wp-json\/wp\/v2\/posts\/604836\/revisions"}],"wp:featuredmedia":[{"embeddable":true,"href":"https:\/\/www.europesays.com\/fr\/wp-json\/wp\/v2\/media\/604837"}],"wp:attachment":[{"href":"https:\/\/www.europesays.com\/fr\/wp-json\/wp\/v2\/media?parent=604836"}],"wp:term":[{"taxonomy":"category","embeddable":true,"href":"https:\/\/www.europesays.com\/fr\/wp-json\/wp\/v2\/categories?post=604836"},{"taxonomy":"post_tag","embeddable":true,"href":"https:\/\/www.europesays.com\/fr\/wp-json\/wp\/v2\/tags?post=604836"}],"curies":[{"name":"wp","href":"https:\/\/api.w.org\/{rel}","templated":true}]}}