{"id":604838,"date":"2025-12-17T08:51:11","date_gmt":"2025-12-17T08:51:11","guid":{"rendered":"https:\/\/www.europesays.com\/fr\/604838\/"},"modified":"2025-12-17T08:51:11","modified_gmt":"2025-12-17T08:51:11","slug":"je-ne-pense-pas-que-je-pourrais-jouer-dans-le-rugby-actuel","status":"publish","type":"post","link":"https:\/\/www.europesays.com\/fr\/604838\/","title":{"rendered":"Je ne pense pas que je pourrais jouer dans le rugby actuel !"},"content":{"rendered":"<p>                    Par<br \/>\n        <strong><br \/>\n            <a href=\"https:\/\/actu.fr\/auteur\/emilie-dudonfournier\" title=\"Consulter tous les articles de Emilie Dudon-Fournier\" target=\"_blank\" rel=\"noopener\">Emilie Dudon-Fournier<\/a><br \/>\n                    <\/strong><\/p>\n<p>        Publi\u00e9 le<\/p>\n<p>            17 d\u00e9c. 2025 \u00e0 6h30        <\/p>\n<p><a href=\"https:\/\/actu.fr\/rugby\/\" target=\"_blank\" rel=\"noopener\">Actu Rugby <\/a>a rencontr\u00e9 <strong>Martin Castroggiovani<\/strong> \u00e0 l\u2019occasion de son passage \u00e0 Toulouse pour un shooting du livre<a href=\"https:\/\/www.instagram.com\/gueulesdurugby\/\" target=\"_blank\" rel=\"noopener\"> Gueules du Rugby<\/a>, et a pris de ses nouvelles. On parie que vous n\u2019avez pas oubli\u00e9 sa <strong>chevelure hirsute<\/strong> sur les terrains, sa force hercul\u00e9enne en <strong>m\u00eal\u00e9e ferm\u00e9e<\/strong> et son activit\u00e9 dans le jeu, impressionnante pour un joueur de son gabarit.\u00a0Ses <strong>frasques<\/strong> non plus peut-\u00eatre\u2026<\/p>\n<p class=\" wall-content\">Avec, par exemple, sa participation \u00e0 la version italienne de \u00ab\u00a0<strong>Danse avec les stars<\/strong>\u00a0\u00bb en 2021. Ou, moins dr\u00f4le, sa <strong>mise \u00e0 pied du Racing 92<\/strong> pour avoir rat\u00e9 une demi-finale de Coupe d\u2019Europe : il avait \u00e9voqu\u00e9 des raisons personnelles alors qu\u2019il \u00e9tait all\u00e9 faire la f\u00eate \u00e0 Las Vegas avec les joueurs du PSG.<\/p>\n<p>Martin Castrogiovanni pr\u00e9sentateur d\u2019un jeu t\u00e9l\u00e9<\/p>\n<p class=\" wall-content\">9 ans apr\u00e8s avoir raccroch\u00e9 les crampons, Martin Castrogiovanni a toujours ses longs cheveux, son grand sourire et la m\u00eame gouaille. Et sachez-le : l\u2019ancien pilier aux 119 s\u00e9lections avec la Squadra Azzurra est<strong> le m\u00eame trublion<\/strong> dans son apr\u00e8s-carri\u00e8re qu\u2019il l\u2019\u00e9tait sur le terrain.<\/p>\n<p class=\" wall-content\">L\u2019ex-joueur de Leicester, Toulon et le Racing 92 est aujourd\u2019hui le <strong>co-pr\u00e9sentateur d\u2019une \u00e9mission<\/strong> \u00e0 la t\u00e9l\u00e9vision italienne : \u00ab\u00a0Tu si que vales\u00a0\u00bb (\u00ab\u00a0C\u2019est toi qui as du talent\u00a0\u00bb en fran\u00e7ais). \u00ab\u00a0Rien \u00e0 voir avec le rugby, c\u2019est uniquement du divertissement. \u00c7a ressemble un peu \u00e0 \u2018La France a un incroyable talent&rsquo;\u00a0\u00bb, nous a-t-il expliqu\u00e9. \u00ab\u00a0\u00c9videmment, c\u2019est tr\u00e8s diff\u00e9rent de ce que je faisais en tant que joueur de rugby. Mais \u00e7a fait 8 ans que je fais \u00e7a et <strong>j\u2019adore \u00e7a<\/strong>.\u00a0\u00bb<\/p>\n<p class=\" wall-content\"><a href=\"https:\/\/www.instagram.com\/p\/DPbVqgdCC0g\/embed\" title=\"Ouvrir le lien sur Instagram\" target=\"_blank\" rel=\"noopener\">Visualiser le contenu sur Instagram<\/a><\/p>\n<p class=\" wall-content\">Comment s\u2019est-il retrouv\u00e9 l\u00e0 ? \u00ab\u00a0<strong>Aucune id\u00e9e<\/strong>\u2026 De la m\u00eame mani\u00e8re que je suis devenu un joueur de rugby je suppose : je ne sais pas !\u00a0\u00bb Martin Castrogiovanni avait en effet d\u00e9but\u00e9 le rugby \u00e0 18 ans seulement et quitt\u00e9 son Argentine natale \u00e0 20 ans pour devenir professionnel \u00e0 Calvisano.<\/p>\n<p class=\" wall-content\">S\u00e9lectionnable via<strong> un arri\u00e8re-grand-p\u00e8re italien,<\/strong> il a \u00e9t\u00e9 l\u2019un des plus embl\u00e9matiques et performants joueurs de l\u2019\u00e9quipe transalpine durant 14 ans. Une fois sa carri\u00e8re termin\u00e9e, \u00e0 35 ans, il s\u2019est mis \u00e0 \u00ab\u00a0faire des trucs \u00e0 droite \u00e0 gauche. Et puis, ils m\u2019ont appel\u00e9. C\u2019est une bonne \u00e9mission, elle est tr\u00e8s regard\u00e9e en Italie. Je me suis dit \u2018pourquoi pas ?&rsquo;\u00a0\u00bb<\/p>\n<p>Castrogiovanni : \u00ab\u00a0Je serais foutu dehors toutes les 5 minutes\u00a0\u00bb<\/p>\n<p class=\" wall-content\">Aujourd\u2019hui, l\u2019ancien Toulonnais s\u2019\u00e9clate \u00e0 la t\u00e9l\u00e9 autant qu\u2019il s\u2019\u00e9clatait sur un terrain. Amoureux de la f\u00eate, <strong>habitu\u00e9 \u00e0 la lumi\u00e8re<\/strong>, il l\u00e2che un grand \u00ab\u00a0nan\u00a0\u00bb quand on lui demande si la c\u00e9l\u00e9brit\u00e9 n\u2019est pas dure \u00e0 g\u00e9rer.<\/p>\n<p>Votre r\u00e9gion, votre actu !<\/p>\n<p>Recevez chaque jour les infos qui comptent pour vous.<\/p>\n<p>\t<a href=\"https:\/\/actu.fr\/newsletter\" class=\"ac-btn ac-btn--corner ac-btn--medium ac-btn--blue800\" target=\"_blank\" rel=\"noopener\">S&rsquo;incrire<\/a><\/p>\n<p class=\" wall-content\">\u00ab\u00a0Pour moi, ce n\u2019est pas diff\u00e9rent de quand je jouais au rugby. J\u2019aime ce genre de boulot. C\u2019est juste autre chose. Et \u00e7a m\u2019a forc\u00e9 \u00e0 travailler sur moi, car je n\u2019y connaissais rien. C\u2019\u00e9tait un vrai challenge et<strong> j\u2019adore les challenges<\/strong>\u00ab\u00a0.<\/p>\n<p class=\" wall-content\">Plus de rugby, donc, ou quasiment, dans la vie de Martin Castrogiovanni. Il garde un pied dedans avec<strong> la \u00ab\u00a0Castro Rugby Academy\u00a0\u00bb<\/strong>, qui organise des stages aux jeunes de 7 \u00e0 17 ans.<\/p>\n<p class=\" wall-content\">Mis \u00e0 part cela, il se tient assez loin du rugby, pro notamment : \u00ab\u00a0Je me suis vraiment \u00e9loign\u00e9 du rugby pendant quelques ann\u00e9es et puis petit \u00e0 petit, je commence \u00e0 en regarder \u00e0 nouveau. Je pr\u00e9f\u00e8re rester o\u00f9 je suis actuellement. J\u2019aime ce que je fais alors \u00e7a me va. <strong>Le rugby a chang\u00e9<\/strong>, vous savez\u00a0\u00bb.<\/p>\n<p class=\" wall-content\">Tant que \u00e7a ? \u00ab\u00a0Oui, <strong>il y a trop de r\u00e8gles<\/strong> maintenant\u00a0\u00bb, lance-t-il dans ce sourire qu\u2019on lui connait bien. \u00ab\u00a0Je ne pense pas que je pourrais jouer dans le rugby actuel, je serais foutu dehors toutes les 5 minutes !\u00a0\u00bb<\/p>\n<p class=\" wall-content\"><a href=\"https:\/\/www.instagram.com\/reel\/DLu20WiIDGZ\/embed\" title=\"Ouvrir le lien sur Instagram\" target=\"_blank\" rel=\"noopener\">Visualiser le contenu sur Instagram<\/a><\/p>\n<p class=\" wall-content\">Personnalisez votre actualit\u00e9 en ajoutant vos villes et m\u00e9dias en favori avec <a href=\"https:\/\/moncompte.actu.fr\" title=\"D\u00e9couvez Mon Actu\" rel=\"nofollow noopener\" data-trk=\"{&quot;cta&quot;:{&quot;action&quot;:&quot;https:\\\/\\\/moncompte.actu.fr&quot;,&quot;category&quot;:&quot;mon compte&quot;,&quot;from&quot;:&quot;article footer&quot;,&quot;name&quot;:&quot;Mon actu&quot;,&quot;type&quot;:&quot;cta&quot;}}\" target=\"_blank\">Mon Actu<\/a>.<\/p>\n<p>                    <script async src=\"\/\/www.instagram.com\/embed.js\"><\/script><\/p>\n","protected":false},"excerpt":{"rendered":"Par Emilie Dudon-Fournier Publi\u00e9 le 17 d\u00e9c. 2025 \u00e0 6h30 Actu Rugby a rencontr\u00e9 Martin Castroggiovani \u00e0 l\u2019occasion&hellip;\n","protected":false},"author":2,"featured_media":604839,"comment_status":"","ping_status":"","sticky":false,"template":"","format":"standard","meta":{"footnotes":""},"categories":[1416],"tags":[1011,27,3788,479,1468,60],"class_list":{"0":"post-604838","1":"post","2":"type-post","3":"status-publish","4":"format-standard","5":"has-post-thumbnail","7":"category-rugby","8":"tag-fr","9":"tag-france","10":"tag-pro","11":"tag-rugby","12":"tag-rugby-football","13":"tag-sports"},"share_on_mastodon":{"url":"https:\/\/pubeurope.com\/@fr\/115734058399105896","error":""},"_links":{"self":[{"href":"https:\/\/www.europesays.com\/fr\/wp-json\/wp\/v2\/posts\/604838","targetHints":{"allow":["GET"]}}],"collection":[{"href":"https:\/\/www.europesays.com\/fr\/wp-json\/wp\/v2\/posts"}],"about":[{"href":"https:\/\/www.europesays.com\/fr\/wp-json\/wp\/v2\/types\/post"}],"author":[{"embeddable":true,"href":"https:\/\/www.europesays.com\/fr\/wp-json\/wp\/v2\/users\/2"}],"replies":[{"embeddable":true,"href":"https:\/\/www.europesays.com\/fr\/wp-json\/wp\/v2\/comments?post=604838"}],"version-history":[{"count":0,"href":"https:\/\/www.europesays.com\/fr\/wp-json\/wp\/v2\/posts\/604838\/revisions"}],"wp:featuredmedia":[{"embeddable":true,"href":"https:\/\/www.europesays.com\/fr\/wp-json\/wp\/v2\/media\/604839"}],"wp:attachment":[{"href":"https:\/\/www.europesays.com\/fr\/wp-json\/wp\/v2\/media?parent=604838"}],"wp:term":[{"taxonomy":"category","embeddable":true,"href":"https:\/\/www.europesays.com\/fr\/wp-json\/wp\/v2\/categories?post=604838"},{"taxonomy":"post_tag","embeddable":true,"href":"https:\/\/www.europesays.com\/fr\/wp-json\/wp\/v2\/tags?post=604838"}],"curies":[{"name":"wp","href":"https:\/\/api.w.org\/{rel}","templated":true}]}}