{"id":604850,"date":"2025-12-17T09:01:14","date_gmt":"2025-12-17T09:01:14","guid":{"rendered":"https:\/\/www.europesays.com\/fr\/604850\/"},"modified":"2025-12-17T09:01:14","modified_gmt":"2025-12-17T09:01:14","slug":"mimie-mathy-a-pris-la-parole-comme-rarement-sur-les-30-ans-a-venir-de-josephine-ange-gardien-la-fin-programmee","status":"publish","type":"post","link":"https:\/\/www.europesays.com\/fr\/604850\/","title":{"rendered":"Mimie Mathy a pris la parole comme rarement sur les 30 ans \u00e0 venir de Jos\u00e9phine, ange gardien : la fin programm\u00e9e ?"},"content":{"rendered":"<p>Bonne nouvelle pour les fans de <strong>Jos\u00e9phine, ange gardien<\/strong>. Jos\u00e9phine Delamarre s&rsquo;appr\u00eate \u00e0 reprendre du service !<\/p>\n<p>Apr\u00e8s deux ans d&rsquo;absence,\u00a0<a href=\"https:\/\/www.public.fr\/mimie-mathy-enfin-de-retour-sur-tf1\" target=\"_blank\" rel=\"noopener\"><strong>TF1<\/strong> relance en effet sa s\u00e9rie embl\u00e9matique<\/a>\u00a0avec <strong>un in\u00e9dit baptis\u00e9\u00a0Les sir\u00e8nes. <\/strong><\/p>\n<p><a href=\"https:\/\/www.public.fr\/tag\/mimie-mathy\" target=\"_blank\" rel=\"noopener\">Mimie Mathy<\/a>\u00a0devrait y retrouver le r\u00f4le qui a fait d&rsquo;elle l&rsquo;ange pr\u00e9f\u00e9r\u00e9 des Fran\u00e7ais, aux c\u00f4t\u00e9s de Jennifer Lauret, pour une soir\u00e9e \u00e9v\u00e9nement programm\u00e9e le\u00a0<strong>lundi 29 d\u00e9cembre 2025 en prime time<\/strong>.<\/p>\n<p>Mimie Mathy : \u00ab\u00a0L&rsquo;id\u00e9e c&rsquo;est d&rsquo;aller jusqu&rsquo;aux 30 ans de Jos\u00e9phine, ange gardien\u00a0\u00bb<\/p>\n<p>\u00c0 l&rsquo;approche de la diffusion du prochain \u00e9pisode de Jos\u00e9phine, ange gardien, Mimie Mathy a accord\u00e9 une longue interview \u00e0 nos confr\u00e8res du Figaro. <\/p>\n<p>Au cours de cet entretien, la com\u00e9dienne de 68 ans a \u00e9voqu\u00e9 <strong>l&rsquo;avenir de la s\u00e9rie<\/strong>. Et selon ses informations, la cha\u00eene travaillerait d\u00e9j\u00e0 \u00e0 d&rsquo;autres in\u00e9dits. <\/p>\n<p>\u00ab\u00a0Je sais qu&rsquo;<strong>ils sont en train d&rsquo;\u00e9crire pour l&rsquo;ann\u00e9e prochaine<\/strong>\u00ab\u00a0, a-t-elle r\u00e9v\u00e9l\u00e9. \u00ab\u00a0L<strong>&lsquo;id\u00e9e c&rsquo;est d&rsquo;aller jusqu&rsquo;aux 30 ans de Jos\u00e9phine, ange gardien<\/strong>. C&rsquo;est rare des s\u00e9ries fran\u00e7aises avec une telle long\u00e9vit\u00e9. Je serais ravie de f\u00eater les 30 ans.\u00a0\u00bb<\/p>\n<p>Ces confidences annoncent-elles la fin de Jos\u00e9phine, ange gardien en 2027 ? Pour l&rsquo;instant, rien n&rsquo;est confirm\u00e9, mais les d\u00e9clarations de la com\u00e9dienne et les projets d\u00e9j\u00e0 en cours laissent entrevoir que la s\u00e9rie pourrait encore nous r\u00e9server quelques surprises.<\/p>\n<p>\u00ab\u00a0Il y a une fin \u00e0 tout\u00a0\u00bb<\/p>\n<p>Ce n&rsquo;est pas la premi\u00e8re fois que <a href=\"https:\/\/www.public.fr\/il-y-a-toujours-une-fin-a-tout-mimie-mathy-vient-elle-d-annoncer-la-fin-de-josephine-ange-gardien\" target=\"_blank\" rel=\"noopener\">Mimie Mathy \u00e9voque la possible fin de la s\u00e9rie<\/a>. En d\u00e9cembre 2021, c&rsquo;est lors d&rsquo;une interview avec Cin\u00e9 T\u00e9l\u00e9 Revue qu&rsquo;elle avait reconnu\u00a0: \u00ab\u00a0<strong>Il y a une fin \u00e0 tout<\/strong>\u00ab\u00a0. <\/p>\n<p>\u00ab\u00a0<strong>Pour l&rsquo;instant on continue.<\/strong> On en tourne encore deux l&rsquo;ann\u00e9e prochaine. M\u00eame si on ne fait plus les scores d&rsquo;il y a dix ans, c&rsquo;est une s\u00e9rie qui a encore sa place et je pense que TF1 y trouve son compte. Tant que le public sera au rendez-vous et qu&rsquo;on s&rsquo;amusera \u00e0 tourner, je suis partante\u00a0\u00bb, avait-elle ajout\u00e9. <\/p>\n<p>Et de vanter la diversit\u00e9 des sujets abord\u00e9s dans Jos\u00e9phine, ange gardien : \u00ab\u00a0<strong>La s\u00e9rie est ancr\u00e9e dans son \u00e9poque et aborde des sujets de soci\u00e9t\u00e9<\/strong>. Durant les premi\u00e8res ann\u00e9es, on a parl\u00e9 de l&rsquo;homosexualit\u00e9. C&rsquo;\u00e9tait r\u00e9volutionnaire d&rsquo;aborder \u00e7a dans une s\u00e9rie il y a 23 ans. On a \u00e9voqu\u00e9 le ch\u00f4mage, l&rsquo;\u00e9chec scolaire, le handicap, la prostitution, l&rsquo;adoption, etc\u2026 La diff\u00e9rence avec la vraie vie, c&rsquo;est que \u00e7a se termine toujours bien\u00a0\u00bb. <\/p>\n<p>\n          Hits &amp; People en continu\n        <\/p>\n<p>\n          Public Radio\n        <\/p>\n<p>      Mentionn\u00e9s dans cet article<\/p>\n<p>      Sur le m\u00eame sujet<\/p>\n","protected":false},"excerpt":{"rendered":"Bonne nouvelle pour les fans de Jos\u00e9phine, ange gardien. Jos\u00e9phine Delamarre s&rsquo;appr\u00eate \u00e0 reprendre du service ! Apr\u00e8s&hellip;\n","protected":false},"author":2,"featured_media":604851,"comment_status":"","ping_status":"","sticky":false,"template":"","format":"standard","meta":{"footnotes":""},"categories":[1356],"tags":[71659,58,59,1011,27,71658,7253,252,199,1364],"class_list":{"0":"post-604850","1":"post","2":"type-post","3":"status-publish","4":"format-standard","5":"has-post-thumbnail","7":"category-television","8":"tag-ange-gardien","9":"tag-divertissement","10":"tag-entertainment","11":"tag-fr","12":"tag-france","13":"tag-josephine","14":"tag-mimie-mathy","15":"tag-television","16":"tag-tf1","17":"tag-tv"},"share_on_mastodon":{"url":"https:\/\/pubeurope.com\/@fr\/115734097892828843","error":""},"_links":{"self":[{"href":"https:\/\/www.europesays.com\/fr\/wp-json\/wp\/v2\/posts\/604850","targetHints":{"allow":["GET"]}}],"collection":[{"href":"https:\/\/www.europesays.com\/fr\/wp-json\/wp\/v2\/posts"}],"about":[{"href":"https:\/\/www.europesays.com\/fr\/wp-json\/wp\/v2\/types\/post"}],"author":[{"embeddable":true,"href":"https:\/\/www.europesays.com\/fr\/wp-json\/wp\/v2\/users\/2"}],"replies":[{"embeddable":true,"href":"https:\/\/www.europesays.com\/fr\/wp-json\/wp\/v2\/comments?post=604850"}],"version-history":[{"count":0,"href":"https:\/\/www.europesays.com\/fr\/wp-json\/wp\/v2\/posts\/604850\/revisions"}],"wp:featuredmedia":[{"embeddable":true,"href":"https:\/\/www.europesays.com\/fr\/wp-json\/wp\/v2\/media\/604851"}],"wp:attachment":[{"href":"https:\/\/www.europesays.com\/fr\/wp-json\/wp\/v2\/media?parent=604850"}],"wp:term":[{"taxonomy":"category","embeddable":true,"href":"https:\/\/www.europesays.com\/fr\/wp-json\/wp\/v2\/categories?post=604850"},{"taxonomy":"post_tag","embeddable":true,"href":"https:\/\/www.europesays.com\/fr\/wp-json\/wp\/v2\/tags?post=604850"}],"curies":[{"name":"wp","href":"https:\/\/api.w.org\/{rel}","templated":true}]}}