{"id":604865,"date":"2025-12-17T09:09:10","date_gmt":"2025-12-17T09:09:10","guid":{"rendered":"https:\/\/www.europesays.com\/fr\/604865\/"},"modified":"2025-12-17T09:09:10","modified_gmt":"2025-12-17T09:09:10","slug":"attentat-en-australie-lassaillant-inculpe-pour-terrorisme-et-15-chefs-daccusation-de-meurtre-le-monde-fr","status":"publish","type":"post","link":"https:\/\/www.europesays.com\/fr\/604865\/","title":{"rendered":"Attentat en Australie : l\u2019assaillant inculp\u00e9 pour terrorisme et 15 chefs d\u2019accusation de meurtre &#8211; Le Monde.fr"},"content":{"rendered":"<ol>\n<li><a href=\"https:\/\/news.google.com\/rss\/articles\/CBMi-AFBVV95cUxNZTJVUEpTSlM1WE8xNHp3VDdOSHAxM3Nub2lESTFfcHhlWk0xaHZQN1Q4Y3M3SlhFOC1EbldJQjNibEkzRExDMmIwMGNQRkZ6ZG5meUpTZGRiMlExWTVieUdGY1dsaV9MYWxSTmhGZ3k4S0hLbm5XMHFqZExrZm9wempNZkNGcmo0LVBEVV9ZMWtmUDYyeWlDZ2VCOFZfOTNjWHl0VEdWelRIeWZ5YkU0WjhUbU5Ed3dTa2Jycm1vLWdpZERBWFVYV3VHVENkR2djTmFBZEZhODJFa2VJcV9kakU0VGxaUDcyVHpuenF5OTJTUUdzZHZtYQ?oc=5\" target=\"_blank\" rel=\"noopener\">Attentat en Australie : l\u2019assaillant inculp\u00e9 pour terrorisme et 15 chefs d\u2019accusation de meurtre<\/a>&nbsp;&nbsp;Le Monde.fr<\/li>\n<li><a href=\"https:\/\/news.google.com\/rss\/articles\/CBMipwJBVV95cUxQckZ6ZzA1MXh3VndfT21pTlBFTFExR05CX0dlMmVBY1N4R2RPYmdSTWNtVHlVWl9Na0hZcjFvNk9HcVJxSnNkX1BBMDdEVFQ1U213dGdscm5YOUlYSUZnbjVXOWhFMWhpT3ZxcHhMRGVSdWE3eUZBVlJyVDJmbm8wODBrUmktMTVmNnExbnIyaEI4a2llTnlTbHEyWVZKRzE2N3pwYkVCdHV5LUZaN1JCT24wb0EwaG5IMWpVdEVNVVcybk9Lby1OQ2J4MFlyanV6VTVwUGx3NVdIeDBrXzR4dkZUTlhSYW5KYVBTVmtJbkFrLUt4RVNOMjROTkMtajI1S2oyQWcyQzhHT0hyaEZfa095OGVsVlc2UWgxZ0k1Ym1xTW5JeTNF?oc=5\" target=\"_blank\" rel=\"noopener\">Attentat de Sydney : le seul survivant parmi les deux assaillants a \u00e9t\u00e9 inculp\u00e9 pour terrorisme et pour 15 meurtres<\/a>&nbsp;&nbsp;Franceinfo<\/li>\n<li><a href=\"https:\/\/news.google.com\/rss\/articles\/CBMi3wFBVV95cUxNS2NnNXpVMXVYaW1TTDhHUUZlZDRLblVmR2xUbTM3b2FxdE05NmdNWnJ1cGx5N1pFcVNjQTktM3hidlVGZkVldThWT3ZrenBEeER3ZXpfXzdkMGxGVEhDeFNpeWRRMHB6QWk3Vldnd1VFeHY0VXhCRnZGaTMzOU9aRUdKR3puRVh6ejRBc2VPbUJiWDJfQzBIU3BtMnVxU1BvZTYya1RxT0dKYVJqUlp4NEdGNGRhbzdOaWxIblJxLWl6SGoyWXhhaEE0V0tJeVBTRFlWNHBRR1dEdmk5bGFr?oc=5\" target=\"_blank\" rel=\"noopener\">Les images d\u00e9chirantes des fun\u00e9railles du rabbin Eli Schlanger, victime de l\u2019attentat de Sydney<\/a>&nbsp;&nbsp;parismatch.com<\/li>\n<li><a href=\"https:\/\/news.google.com\/rss\/articles\/CBMixgFBVV95cUxQUkR2NmRlb1B1QkhXeTB3eWZFVFdYWklSUTg5eTNPZ0lnMW42Z2RVeU1UQTU0N01MbWhMSjdLMjc3SWJxWGZ4c2lnSmJpRnkzYy04X1VWcTIxbmd6WjI2RmhiSTF1VWpJNk1SU2FTMmxXV3lYbGp3MjJoSFFZWVk3OGxPNXFCalNxR3gwLWdUVTFqcURyVzlPSGxkcnFoQkczVHNrLUJwaVF3VDNnNUd4NHkyVl84TlpKSEJaQ2tqNE50X1FjTnc?oc=5\" target=\"_blank\" rel=\"noopener\">Un des terroristes de l\u2019attaque \u00e0 Sydney abattu par un tir \u00e0 40 m de distance<\/a>&nbsp;&nbsp;20 Minutes<\/li>\n<li><a href=\"https:\/\/news.google.com\/rss\/articles\/CBMi7AFBVV95cUxQQzNtQ3ZWdVNqN2FRVXdxR1ZYXy1sOE9taWVPdzNlT195OGx0LTFOZVl4b0I5MEV6U3dBMU1QX19wS0wxZkVHT3M0d0Z1RmVPYUV0X2k4WTBEYUFzd1duOE5aYVRkN2dTcE9VZGQxUW50VlBqTGpzUGVpSGZPeF9ibHZzdDk4cFVFaDF0T256QmJzZlp4a3lLTW5QMDFLalFnWE1FZ0RpbXI5Tl9wejJzeGU3YVNQVzM2VEJ4N2VfTC1MdlU0WHNJWW8wYmhfdFVoUHBMVlk2R3pFeHF2ak4yOWR1NHFtNlZ1STdjUg?oc=5\" target=\"_blank\" rel=\"noopener\">Attentats de Sydney et Palmyre : Daech a-t-il retrouv\u00e9 ses capacit\u00e9s d\u2019action ?<\/a>&nbsp;&nbsp;Le Parisien<\/li>\n<\/ol>\n","protected":false},"excerpt":{"rendered":"Attentat en Australie : l\u2019assaillant inculp\u00e9 pour terrorisme et 15 chefs d\u2019accusation de meurtre&nbsp;&nbsp;Le Monde.fr Attentat de Sydney&hellip;\n","protected":false},"author":2,"featured_media":395849,"comment_status":"","ping_status":"","sticky":false,"template":"","format":"standard","meta":{"footnotes":""},"categories":[5],"tags":[11,1011,27,14,12,28],"class_list":{"0":"post-604865","1":"post","2":"type-post","3":"status-publish","4":"format-standard","5":"has-post-thumbnail","7":"category-international","8":"tag-actualites","9":"tag-fr","10":"tag-france","11":"tag-international","12":"tag-news","13":"tag-world"},"share_on_mastodon":{"url":"https:\/\/pubeurope.com\/@fr\/115734129212521981","error":""},"_links":{"self":[{"href":"https:\/\/www.europesays.com\/fr\/wp-json\/wp\/v2\/posts\/604865","targetHints":{"allow":["GET"]}}],"collection":[{"href":"https:\/\/www.europesays.com\/fr\/wp-json\/wp\/v2\/posts"}],"about":[{"href":"https:\/\/www.europesays.com\/fr\/wp-json\/wp\/v2\/types\/post"}],"author":[{"embeddable":true,"href":"https:\/\/www.europesays.com\/fr\/wp-json\/wp\/v2\/users\/2"}],"replies":[{"embeddable":true,"href":"https:\/\/www.europesays.com\/fr\/wp-json\/wp\/v2\/comments?post=604865"}],"version-history":[{"count":0,"href":"https:\/\/www.europesays.com\/fr\/wp-json\/wp\/v2\/posts\/604865\/revisions"}],"wp:featuredmedia":[{"embeddable":true,"href":"https:\/\/www.europesays.com\/fr\/wp-json\/wp\/v2\/media\/395849"}],"wp:attachment":[{"href":"https:\/\/www.europesays.com\/fr\/wp-json\/wp\/v2\/media?parent=604865"}],"wp:term":[{"taxonomy":"category","embeddable":true,"href":"https:\/\/www.europesays.com\/fr\/wp-json\/wp\/v2\/categories?post=604865"},{"taxonomy":"post_tag","embeddable":true,"href":"https:\/\/www.europesays.com\/fr\/wp-json\/wp\/v2\/tags?post=604865"}],"curies":[{"name":"wp","href":"https:\/\/api.w.org\/{rel}","templated":true}]}}