{"id":604879,"date":"2025-12-17T09:22:30","date_gmt":"2025-12-17T09:22:30","guid":{"rendered":"https:\/\/www.europesays.com\/fr\/604879\/"},"modified":"2025-12-17T09:22:30","modified_gmt":"2025-12-17T09:22:30","slug":"spectacle-theatre-a-roumare-a-rouen-billets-reservations-dates","status":"publish","type":"post","link":"https:\/\/www.europesays.com\/fr\/604879\/","title":{"rendered":"Spectacle Th\u00e9\u00e2tre \u00e0 Roumare \u00e0 Rouen, : billets, r\u00e9servations, dates"},"content":{"rendered":"<p class=\"fw-bold font-size-16 my-1\"> Le 27\/12\/2025<\/p>\n<p class=\"fw-bold font-size-16 my-1\"> Salle polyvalente,<br \/>\nPlace de la Libert\u00e9 | <a href=\"https:\/\/www.jds.fr\/rouen\/roumare-31437_V\" target=\"_blank\" rel=\"noopener\">Roumare<\/a><\/p>\n<p class=\"fw-bold font-size-16 my-1\"> NC <\/p>\n<p>Vous pourrez assister, pendant les vacances de No\u00ebl, \u00e0 un vaudeville ensoleill\u00e9 et irr\u00e9sistible en Normandie, dans le Caux-Vexin\u00a0!<\/p>\n<p>La commune de Roumare accueillera une pi\u00e8ce de th\u00e9\u00e2tre intitul\u00e9e 29 degr\u00e9s \u00e0 l\u2019ombre dans sa salle polyvalente communale.<\/p>\n<p>Il s\u2019agit d\u2019une com\u00e9die en un acte d\u2019Eug\u00e8ne Labiche, qui fut repr\u00e9sent\u00e9e pour la premi\u00e8re fois \u00e0 Paris, au th\u00e9\u00e2tre du Palais-Royal, le 9 avril 1873. Cette fois, elle sera jou\u00e9e par la compagnie rouennaise\u00a0\u00ab La Compagnie des Enfants R\u00eaveurs\u00a0\u00bb.<\/p>\n<p><strong>Synopsis\u00a0:<\/strong><br \/>Quand la temp\u00e9rature monte, les esprits s\u2019\u00e9chauffent et les nerfs l\u00e2chent\u00a0! Monsieur Pomadour, bourgeois respectable, se retrouve pris au pi\u00e8ge d\u2019une journ\u00e9e o\u00f9 tout lui \u00e9chappe. Entre une chaleur \u00e9touffante, une \u00e9pouse soup\u00e7onneuse et un rival insistant, il tente tant bien que mal de garder son sang-froid. Mais les quiproquos s\u2019accumulent, les portes claquent et les situations d\u00e9rapent dans un tourbillon de malentendus et d\u2019humour absurde.<\/p>\n<p><strong>R\u00e9servez vos places sur la billetterie en ligne d\u00e8s que possible\u00a0!<\/strong><\/p>\n<p class=\"text-italic font-size-12\">Cet \u00e9v\u00e9nement a \u00e9t\u00e9 renseign\u00e9 par un organisme institutionnel (Office de Tourisme Normandie Caux Vexin). Date de derni\u00e8re mise \u00e0 jour le 17\/12\/2025.<\/p>\n<p>            Renseignements<\/p>\n<p><strong class=\"font-size-18\">O\u00f9\u00a0:<\/strong><br \/> Salle polyvalente,<br \/>\nPlace de la Libert\u00e9<a class=\"mt-1 d-block ps-4\" href=\"https:\/\/www.jds.fr\/rouen\/roumare-31437_V\" target=\"_blank\" rel=\"noopener\"> 76480 Roumare<\/a><\/p>\n<p>Dates et horaires\u00a0: <\/p>\n<ul class=\"liste-dates list-unstyled\" id=\"liste-dates-694232fdeacad\">\n<li>Samedi 27 D\u00e9cembre 2025 \u00e0 20h30<\/li>\n<\/ul>\n<p>Tarifs\u00a0:  <\/p>\n<p>Dans la m\u00eame rubrique<\/p>\n<ul class=\"mt-3 list-unstyled list-articles-v2\" id=\"liste-dates-694271c63b9c1\">\n<li class=\"col-12 pt-4\" data-view-id-type=\"1\" data-view-id=\"343365\" data-view-bc=\"0\"><a class=\"image\" href=\"https:\/\/www.jds.fr\/rouen\/spectacles\/spectacle-musical\/les-10-commandements-l-envie-d-aimer-343365_A\" target=\"_blank\" rel=\"noopener\"><img decoding=\"async\" loading=\"lazy\" src=\"https:\/\/www.europesays.com\/fr\/wp-content\/uploads\/2025\/12\/1765963340_927_\" width=\"180\" height=\"180\" alt=\"Les 10 Commandements - L'Envie d'Aimer\"\/><\/a><\/li>\n<li class=\"col-12 pt-4\" data-view-id-type=\"1\" data-view-id=\"1242321\" data-view-bc=\"0\"><a class=\"d-block titre text-black mb-1 mb-md-2\" href=\"https:\/\/www.jds.fr\/rouen\/spectacles\/theatre\/en-attendant-godot-darnetal-1242321_A\" target=\"_blank\" rel=\"noopener\">En Attendant Godot &#8211; Darn\u00e9tal<\/a>Du 20\/12\/2025 au 21\/12\/2025<a href=\"https:\/\/www.jds.fr\/rouen\/darnetal\/theatres-programmes\/theatre-echo-du-robec-23679_L\" class=\"lieu font-size-14 text-gray-700 d-block lh-sm my-1\" target=\"_blank\" rel=\"noopener\"> Th\u00e9\u00e2tre Echo du Robec &#8211; Darn\u00e9tal<\/a>\n<p>Le Th\u00e9\u00e2tre Echo du Robec de Darn\u00e9tal pr\u00e9sente En Attendant Godot, la pi\u00e8ce embl\u00e9matique de Samuel Beckett mise en sc\u00e8ne par Daniel Deprez. Vladimir et Estragon, deux [\u2026]<a class=\"image\" href=\"https:\/\/www.jds.fr\/rouen\/spectacles\/theatre\/en-attendant-godot-darnetal-1242321_A\" target=\"_blank\" rel=\"noopener\"><img decoding=\"async\" loading=\"lazy\" src=\"https:\/\/www.europesays.com\/fr\/wp-content\/uploads\/2025\/12\/1765963341_807_\" width=\"180\" height=\"180\" alt=\"En Attendant Godot - Darn\u00e9tal\"\/><\/a><\/li>\n<li class=\"li_gp_div\">\n<\/li>\n<li class=\"col-12 pt-4\" data-view-id-type=\"1\" data-view-id=\"706475\" data-view-bc=\"0\"><a class=\"d-block titre text-black mb-1 mb-md-2\" href=\"https:\/\/www.jds.fr\/rouen\/spectacles\/danse\/casse-noisette-ballet-et-orchestre-tournee-2025-2026-706475_A\" target=\"_blank\" rel=\"noopener\">Casse-Noisette &#8211; Ballet &amp; Orchestre &#8211; Tourn\u00e9e 2025\/2026<\/a>Le 03\/01\/2026<a href=\"https:\/\/www.jds.fr\/rouen\/le-grand-quevilly\/salle-de-concert-spectacle\/zenith-de-rouen-15867_L\" class=\"lieu font-size-14 text-gray-700 d-block lh-sm my-1\" target=\"_blank\" rel=\"noopener\"> Z\u00e9nith de Rouen &#8211; Le Grand-Quevilly<\/a>Casse-Noisette &#8211; Ballet &amp; Orchestre &#8211; Tourn\u00e9e 2025\/2026, un spectacle \u00e0 voir \u00e0 Rouen (Z\u00e9nith de Rouen Le Grand-Quevilly), le 3 janvier 2026. Toutes les informations pratiques [\u2026]<a class=\"image\" href=\"https:\/\/www.jds.fr\/rouen\/spectacles\/danse\/casse-noisette-ballet-et-orchestre-tournee-2025-2026-706475_A\" target=\"_blank\" rel=\"noopener\"><img decoding=\"async\" loading=\"lazy\" src=\"https:\/\/www.europesays.com\/fr\/wp-content\/uploads\/2025\/12\/1765963341_651_\" width=\"180\" height=\"180\" alt=\"Casse-Noisette - Ballet &amp; Orchestre - Tourn\u00e9e 2025\/2026\"\/><\/a><\/li>\n<li class=\"col-12 pt-4\" data-view-id-type=\"1\" data-view-id=\"977143\" data-view-bc=\"0\"><a class=\"d-block titre text-black mb-1 mb-md-2\" href=\"https:\/\/www.jds.fr\/rouen\/spectacles\/theatre\/chronos-club-improvisation-977143_A\" target=\"_blank\" rel=\"noopener\">Chronos Club &#8211; Improvisation<\/a>Du 06\/01\/2026 au 19\/05\/2026<a href=\"https:\/\/www.jds.fr\/rouen\/salle-de-concert-spectacle\/theatre-a-l-ouest-17277_L\" class=\"lieu font-size-14 text-gray-700 d-block lh-sm my-1\" target=\"_blank\" rel=\"noopener\"> Th\u00e9\u00e2tre \u00e0 l&rsquo;Ouest &#8211; Rouen<\/a>Chronos Club &#8211; Improvisation, un spectacle \u00e0 voir \u00e0 Rouen (Th\u00e9\u00e2tre \u00e0 l&rsquo;Ouest ), du 6 janvier 2026 au 19 mai 2026. Toutes les informations pratiques (tarifs, billetterie, plan [\u2026]<a class=\"image\" href=\"https:\/\/www.jds.fr\/rouen\/spectacles\/theatre\/chronos-club-improvisation-977143_A\" target=\"_blank\" rel=\"noopener\"><img decoding=\"async\" loading=\"lazy\" src=\"https:\/\/www.europesays.com\/fr\/wp-content\/uploads\/2025\/08\/theatre-16668-180-180.webp.webp\" width=\"180\" height=\"180\" alt=\"Chronos Club - Improvisation\" class=\"border\"\/><\/a><\/li>\n<li class=\"col-12 pt-4\" data-view-id-type=\"1\" data-view-id=\"877175\" data-view-bc=\"0\"><a class=\"d-block titre text-black mb-1 mb-md-2\" href=\"https:\/\/www.jds.fr\/rouen\/spectacles\/danse\/shen-yun-tournee-877175_A\" target=\"_blank\" rel=\"noopener\">Shen Yun &#8211; Tourn\u00e9e<\/a>Du 11\/01\/2026 au 14\/01\/2026<a href=\"https:\/\/www.jds.fr\/rouen\/le-grand-quevilly\/salle-de-concert-spectacle\/zenith-de-rouen-15867_L\" class=\"lieu font-size-14 text-gray-700 d-block lh-sm my-1\" target=\"_blank\" rel=\"noopener\"> Z\u00e9nith de Rouen &#8211; Le Grand-Quevilly<\/a>Shen Yun &#8211; Tourn\u00e9e, un spectacle \u00e0 voir \u00e0 Rouen (Z\u00e9nith de Rouen Le Grand-Quevilly), du 11 janvier 2026 au 14 janvier 2026. Toutes les informations pratiques (tarifs, [\u2026]<a class=\"image\" href=\"https:\/\/www.jds.fr\/rouen\/spectacles\/danse\/shen-yun-tournee-877175_A\" target=\"_blank\" rel=\"noopener\"><img decoding=\"async\" loading=\"lazy\" src=\"https:\/\/www.europesays.com\/fr\/wp-content\/uploads\/2025\/12\/1765963343_434_\" width=\"180\" height=\"180\" alt=\"Shen Yun - Tourn\u00e9e\"\/><\/a><\/li>\n<li class=\"li_gp_div li_gp_div_infeed\"\/>\n<li class=\"col-12 pt-4\" data-view-id-type=\"1\" data-view-id=\"1206403\" data-view-bc=\"0\"><a class=\"d-block titre text-black mb-1 mb-md-2\" href=\"https:\/\/www.jds.fr\/rouen\/spectacles\/theatre\/the-jury-experience-une-affaire-immersive-au-c-ur-d-une-salle-d-audience-1206403_A\" target=\"_blank\" rel=\"noopener\">The Jury Experience\u00a0: une affaire immersive au c\u0153ur d\u2019une salle d\u2019audience<\/a>Du 18\/01\/2026 au 24\/01\/2026<a href=\"https:\/\/www.jds.fr\/rouen\/sotteville-les-rouen\/salle-de-concert-spectacle\/trianon-transatlantique-17463_L\" class=\"lieu font-size-14 text-gray-700 d-block lh-sm my-1\" target=\"_blank\" rel=\"noopener\"> Trianon Transatlantique &#8211; Sotteville-l\u00e8s-Rouen<\/a><br \/>\nPlonge au c\u0153ur d\u2019un proc\u00e8s \u00e0 haut risque avec The Jury Experience \u00e0 Rouen. Dans cette pi\u00e8ce de th\u00e9\u00e2tre immersive, tu es le jury\u2009! Tu devras faire triompher la justice. [\u2026]<a class=\"image\" href=\"https:\/\/www.jds.fr\/rouen\/spectacles\/theatre\/the-jury-experience-une-affaire-immersive-au-c-ur-d-une-salle-d-audience-1206403_A\" target=\"_blank\" rel=\"noopener\"><img decoding=\"async\" loading=\"lazy\" src=\"https:\/\/www.europesays.com\/fr\/wp-content\/uploads\/2025\/12\/the-jury-experience-une-affaire-immersive-au-c-ur-740861-180-180.webp.webp\" width=\"180\" height=\"180\" alt=\"The Jury Experience : une affaire immersive au c\u0153ur d\u2019une salle d\u2019audience\" class=\"border\"\/><\/a><\/li>\n<li class=\"col-12 pt-4\" data-view-id-type=\"1\" data-view-id=\"891946\" data-view-bc=\"0\"><a class=\"d-block titre text-black mb-1 mb-md-2\" href=\"https:\/\/www.jds.fr\/rouen\/spectacles\/le-cadre-noir-de-saumur-891946_A\" target=\"_blank\" rel=\"noopener\">Le Cadre Noir de Saumur<\/a>Du 23\/01\/2026 au 25\/01\/2026<a href=\"https:\/\/www.jds.fr\/rouen\/le-grand-quevilly\/salle-de-concert-spectacle\/zenith-de-rouen-15867_L\" class=\"lieu font-size-14 text-gray-700 d-block lh-sm my-1\" target=\"_blank\" rel=\"noopener\"> Z\u00e9nith de Rouen &#8211; Le Grand-Quevilly<\/a>Le Cadre Noir de Saumur, un spectacle \u00e0 voir \u00e0 Rouen (Z\u00e9nith de Rouen Le Grand-Quevilly), du 23 janvier 2026 au 25 janvier 2026. Toutes les informations pratiques (tarifs, [\u2026]<a class=\"image\" href=\"https:\/\/www.jds.fr\/rouen\/spectacles\/le-cadre-noir-de-saumur-891946_A\" target=\"_blank\" rel=\"noopener\"><img decoding=\"async\" loading=\"lazy\" src=\"https:\/\/www.europesays.com\/fr\/wp-content\/uploads\/2025\/12\/1765963344_542_\" width=\"180\" height=\"180\" alt=\"Le Cadre Noir de Saumur\"\/><\/a><\/li>\n<li class=\"col-12 pt-4\" data-view-id-type=\"1\" data-view-id=\"1139487\" data-view-bc=\"0\"><a class=\"d-block titre text-black mb-1 mb-md-2\" href=\"https:\/\/www.jds.fr\/rouen\/spectacles\/theatre\/l-ange-du-foyer-1139487_A\" target=\"_blank\" rel=\"noopener\">L&rsquo;Ange du foyer<\/a>Le 23\/01\/2026 RouenLe CDN de Normandie-Rouen \u2013 Th\u00e9\u00e2tre des deux-rives pr\u00e9sente L\u2019Ange du foyer d\u2019Emma Dante.&#13;<br \/>\nEmma Dante, figure de la sc\u00e8ne [\u2026]<a class=\"image\" href=\"https:\/\/www.jds.fr\/rouen\/spectacles\/theatre\/l-ange-du-foyer-1139487_A\" target=\"_blank\" rel=\"noopener\"><img decoding=\"async\" loading=\"lazy\" src=\"https:\/\/www.europesays.com\/fr\/wp-content\/uploads\/2025\/10\/0-05491300-1756218263-701689-180-180.webp.webp\" width=\"180\" height=\"180\" alt=\"L'Ange du foyer\" class=\"border\"\/><\/a><\/li>\n<li class=\"col-12 pt-4\" data-view-id-type=\"1\" data-view-id=\"357534\" data-view-bc=\"0\"><a class=\"d-block titre text-black mb-1 mb-md-2\" href=\"https:\/\/www.jds.fr\/rouen\/spectacles\/messmer-13hz-tournee-357534_A\" target=\"_blank\" rel=\"noopener\">Messmer &#8211; 13hz (tourn\u00e9e)<\/a>Le 28\/01\/2026<a href=\"https:\/\/www.jds.fr\/rouen\/le-grand-quevilly\/salle-de-concert-spectacle\/zenith-de-rouen-15867_L\" class=\"lieu font-size-14 text-gray-700 d-block lh-sm my-1\" target=\"_blank\" rel=\"noopener\"> Z\u00e9nith de Rouen &#8211; Le Grand-Quevilly<\/a>Messmer &#8211; 13hz (tourn\u00e9e), un spectacle \u00e0 voir \u00e0 Rouen (Z\u00e9nith de Rouen Le Grand-Quevilly), le 28 janvier 2026. Toutes les informations pratiques (tarifs, billetterie, plan de [\u2026]<a class=\"image\" href=\"https:\/\/www.jds.fr\/rouen\/spectacles\/messmer-13hz-tournee-357534_A\" target=\"_blank\" rel=\"noopener\"><img decoding=\"async\" loading=\"lazy\" src=\"https:\/\/www.europesays.com\/fr\/wp-content\/uploads\/2025\/12\/1765963346_500_\" width=\"180\" height=\"180\" alt=\"Messmer - 13hz (tourn\u00e9e)\"\/><\/a><\/li>\n<li class=\"li_gp_div li_gp_div_infeed\"\/>\n<li class=\"col-12 pt-4\" data-view-id-type=\"1\" data-view-id=\"1103939\" data-view-bc=\"0\"><a class=\"image\" href=\"https:\/\/www.jds.fr\/rouen\/spectacles\/theatre\/les-flamboyantes-theatre-par-jalie-barcilon-et-la-compagnie-lisa-klax-1103939_A\" target=\"_blank\" rel=\"noopener\"><img decoding=\"async\" loading=\"lazy\" src=\"https:\/\/www.europesays.com\/fr\/wp-content\/uploads\/2025\/08\/theatre-16668-180-180.webp.webp\" width=\"180\" height=\"180\" alt=\"Les Flamboyantes Th\u00e9\u00e2tre par Jalie Barcilon et la Compagnie Lisa Klax\" class=\"border\"\/><\/a><\/li>\n<li class=\"col-12 pt-4\" data-view-id-type=\"1\" data-view-id=\"716803\" data-view-bc=\"0\"><a href=\"https:\/\/www.jds.fr\/rouen\/agenda\/spectacle-comedie-musical-33_B\" class=\"lh-sm\" target=\"_blank\" rel=\"noopener\">Spectacle musical \u00e0 Rouen<\/a><a class=\"d-block titre text-black mb-1 mb-md-2\" href=\"https:\/\/www.jds.fr\/rouen\/spectacles\/spectacle-musical\/le-roi-soleil-tournee-716803_A\" target=\"_blank\" rel=\"noopener\">Le Roi Soleil &#8211; Tourn\u00e9e<\/a>Du 31\/01\/2026 au 01\/02\/2026<a href=\"https:\/\/www.jds.fr\/rouen\/le-grand-quevilly\/salle-de-concert-spectacle\/zenith-de-rouen-15867_L\" class=\"lieu font-size-14 text-gray-700 d-block lh-sm my-1\" target=\"_blank\" rel=\"noopener\"> Z\u00e9nith de Rouen &#8211; Le Grand-Quevilly<\/a>Le Roi Soleil &#8211; Tourn\u00e9e, un spectacle \u00e0 voir \u00e0 Rouen (Z\u00e9nith de Rouen Le Grand-Quevilly), les 31 janvier 2026 et 1 f\u00e9vrier 2026. Toutes les informations pratiques (tarifs, [\u2026]<a class=\"image\" href=\"https:\/\/www.jds.fr\/rouen\/spectacles\/spectacle-musical\/le-roi-soleil-tournee-716803_A\" target=\"_blank\" rel=\"noopener\"><img decoding=\"async\" loading=\"lazy\" src=\"https:\/\/www.europesays.com\/fr\/wp-content\/uploads\/2025\/12\/1765963346_369_\" width=\"180\" height=\"180\" alt=\"Le Roi Soleil - Tourn\u00e9e\"\/><\/a><\/li>\n<li class=\"col-12 pt-4\" data-view-id-type=\"1\" data-view-id=\"1229454\" data-view-bc=\"0\"><a class=\"d-block titre text-black mb-1 mb-md-2\" href=\"https:\/\/www.jds.fr\/rouen\/spectacles\/theatre\/ci-gisait-cyrano-1229454_A\" target=\"_blank\" rel=\"noopener\">Ci Gisait Cyrano<\/a>Le 03\/02\/2026<a href=\"https:\/\/www.jds.fr\/rouen\/barentin\/theatres-programmes\/theatre-montdory-19581_L\" class=\"lieu font-size-14 text-gray-700 d-block lh-sm my-1\" target=\"_blank\" rel=\"noopener\"> Th\u00e9\u00e2tre Montdory &#8211; Barentin<\/a>\u00ab Vivre est passivit\u00e9\u00a0; mettre fin \u00e0 ses jours est acte\u00a0\u00bb, disait Camus. D\u00e8s lors, Cyrano adopte une strat\u00e9gie de suicide \u00e0 petit feu\u00a0: la lente agonie [\u2026]<a class=\"image\" href=\"https:\/\/www.jds.fr\/rouen\/spectacles\/theatre\/ci-gisait-cyrano-1229454_A\" target=\"_blank\" rel=\"noopener\"><img decoding=\"async\" loading=\"lazy\" src=\"https:\/\/www.europesays.com\/fr\/wp-content\/uploads\/2025\/10\/ci-gisait-cyrano-756584-180-180.webp.webp\" width=\"180\" height=\"180\" alt=\"Ci Gisait Cyrano\" class=\"border\"\/><\/a><\/li>\n<li class=\"col-12 pt-4\" data-view-id-type=\"1\" data-view-id=\"998690\" data-view-bc=\"0\"><a class=\"d-block titre text-black mb-1 mb-md-2\" href=\"https:\/\/www.jds.fr\/rouen\/spectacles\/theatre\/arnaud-cosson-le-syndrome-de-la-page-blanche-tournee-998690_A\" target=\"_blank\" rel=\"noopener\">Arnaud Cosson &#8211; Le Syndrome de la Page Blanche ( Tourn\u00e9e\u00a0)<\/a>Le 06\/02\/2026<a href=\"https:\/\/www.jds.fr\/rouen\/salle-de-concert-spectacle\/theatre-a-l-ouest-17277_L\" class=\"lieu font-size-14 text-gray-700 d-block lh-sm my-1\" target=\"_blank\" rel=\"noopener\"> Th\u00e9\u00e2tre \u00e0 l&rsquo;Ouest &#8211; Rouen<\/a>Arnaud Cosson &#8211; Le Syndrome de la Page Blanche ( Tourn\u00e9e ), un spectacle \u00e0 voir \u00e0 Rouen (Th\u00e9\u00e2tre \u00e0 l&rsquo;Ouest ), le 6 f\u00e9vrier 2026. Toutes les informations pratiques (tarifs, [\u2026]<a class=\"image\" href=\"https:\/\/www.jds.fr\/rouen\/spectacles\/theatre\/arnaud-cosson-le-syndrome-de-la-page-blanche-tournee-998690_A\" target=\"_blank\" rel=\"noopener\"><img decoding=\"async\" loading=\"lazy\" src=\"https:\/\/www.europesays.com\/fr\/wp-content\/uploads\/2025\/12\/1765963348_577_\" width=\"180\" height=\"180\" alt=\"Arnaud Cosson - Le Syndrome de la Page Blanche ( Tourn\u00e9e )\"\/><\/a><\/li>\n<li class=\"li_gp_div li_gp_div_infeed\"\/>\n<li class=\"col-12 pt-4\" data-view-id-type=\"1\" data-view-id=\"1104009\" data-view-bc=\"0\"><a class=\"image\" href=\"https:\/\/www.jds.fr\/rouen\/spectacles\/theatre\/puisque-c-est-comme-ca-je-vais-faire-un-opera-toute-seule-theatre-musical-par-claire-diterzi-et-la-compagnie-je-garde-le-chien-1104009_A\" target=\"_blank\" rel=\"noopener\"><img decoding=\"async\" loading=\"lazy\" src=\"https:\/\/www.europesays.com\/fr\/wp-content\/uploads\/2025\/08\/theatre-16668-180-180.webp.webp\" width=\"180\" height=\"180\" alt=\"Puisque c\u2019est comme \u00e7a je vais faire un op\u00e9ra toute seule Th\u00e9\u00e2tre musical - par Claire Diterzi et la compagnie Je Garde Le Chien\" class=\"border\"\/><\/a><\/li>\n<li class=\"col-12 pt-4\" data-view-id-type=\"1\" data-view-id=\"1004851\" data-view-bc=\"0\"><a class=\"d-block titre text-black mb-1 mb-md-2\" href=\"https:\/\/www.jds.fr\/rouen\/spectacles\/theatre\/blabla-drive-tournee-1004851_A\" target=\"_blank\" rel=\"noopener\">Blabla Drive &#8211; Tourn\u00e9e<\/a>Du 20\/03\/2026 au 21\/03\/2026<a href=\"https:\/\/www.jds.fr\/rouen\/salle-de-concert-spectacle\/theatre-a-l-ouest-17277_L\" class=\"lieu font-size-14 text-gray-700 d-block lh-sm my-1\" target=\"_blank\" rel=\"noopener\"> Th\u00e9\u00e2tre \u00e0 l&rsquo;Ouest &#8211; Rouen<\/a>Blabla Drive &#8211; Tourn\u00e9e, un spectacle \u00e0 voir \u00e0 Rouen (Th\u00e9\u00e2tre \u00e0 l&rsquo;Ouest ), les 20 mars 2026 et 21 mars 2026. Toutes les informations pratiques (tarifs, billetterie, plan de [\u2026]<a class=\"image\" href=\"https:\/\/www.jds.fr\/rouen\/spectacles\/theatre\/blabla-drive-tournee-1004851_A\" target=\"_blank\" rel=\"noopener\"><img decoding=\"async\" loading=\"lazy\" src=\"https:\/\/www.europesays.com\/fr\/wp-content\/uploads\/2025\/12\/1765963348_639_\" width=\"180\" height=\"180\" alt=\"Blabla Drive - Tourn\u00e9e\"\/><\/a><\/li>\n<li class=\"col-12 pt-4\" data-view-id-type=\"1\" data-view-id=\"1276525\" data-view-bc=\"0\"><a class=\"d-block titre text-black mb-1 mb-md-2\" href=\"https:\/\/www.jds.fr\/rouen\/spectacles\/theatre\/theatre-le-lien-1276525_A\" target=\"_blank\" rel=\"noopener\">Th\u00e9\u00e2tre\u00a0: Le lien<\/a>Le 21\/03\/2026 Saint-Pierre-B\u00e9nouvilleVenez d\u00e9couvrir\u00a0\u00ab Le Lien\u00a0\u00bb, une pi\u00e8ce de Fran\u00e7ois B\u00e9gaudeau, \u00e0 la salle des Charmilles de Saint-Pierre-B\u00e9nouville.<br \/>\nUne soir\u00e9e th\u00e9\u00e2tre organis\u00e9e par le Foyer [\u2026]<a class=\"image\" href=\"https:\/\/www.jds.fr\/rouen\/spectacles\/theatre\/theatre-le-lien-1276525_A\" target=\"_blank\" rel=\"noopener\"><img decoding=\"async\" loading=\"lazy\" src=\"https:\/\/www.europesays.com\/fr\/wp-content\/uploads\/2025\/08\/theatre-16668-180-180.webp.webp\" width=\"180\" height=\"180\" alt=\"Th\u00e9\u00e2tre : Le lien\" class=\"border\"\/><\/a><\/li>\n<li class=\"col-12 pt-4\" data-view-id-type=\"1\" data-view-id=\"1229560\" data-view-bc=\"0\"><a class=\"d-block titre text-black mb-1 mb-md-2\" href=\"https:\/\/www.jds.fr\/rouen\/spectacles\/theatre\/wally-wally-ma-distinction-1229560_A\" target=\"_blank\" rel=\"noopener\">Wally &#8211; Wally Ma Distinction<\/a>Le 02\/04\/2026<a href=\"https:\/\/www.jds.fr\/rouen\/barentin\/theatres-programmes\/theatre-montdory-19581_L\" class=\"lieu font-size-14 text-gray-700 d-block lh-sm my-1\" target=\"_blank\" rel=\"noopener\"> Th\u00e9\u00e2tre Montdory &#8211; Barentin<\/a>R\u00e9cit d\u2019un fils d\u2019ouvrier devenu artiste<br \/>\nDans ce r\u00e9cit, Lilian Derruau relie son v\u00e9cu de\u00a0\u00ab gosse de prolo\u00a0\u00bb aux id\u00e9es du sociologue Pierre Bourdieu. Ne se [\u2026]<a class=\"image\" href=\"https:\/\/www.jds.fr\/rouen\/spectacles\/theatre\/wally-wally-ma-distinction-1229560_A\" target=\"_blank\" rel=\"noopener\"><img decoding=\"async\" loading=\"lazy\" src=\"https:\/\/www.europesays.com\/fr\/wp-content\/uploads\/2025\/10\/wally-wally-ma-distinction-756708-180-180.webp.webp\" width=\"180\" height=\"180\" alt=\"Wally - Wally Ma Distinction\" class=\"border\"\/><\/a><\/li>\n<li class=\"li_gp_div li_gp_div_infeed\"\/>\n<li class=\"col-12 pt-4\" data-view-id-type=\"1\" data-view-id=\"1275659\" data-view-bc=\"0\"><a class=\"image\" href=\"https:\/\/www.jds.fr\/rouen\/spectacles\/theatre\/le-sens-cache-des-comptines-un-spectacle-pas-pour-les-enfants-1275659_A\" target=\"_blank\" rel=\"noopener\"><img decoding=\"async\" loading=\"lazy\" src=\"https:\/\/www.europesays.com\/fr\/wp-content\/uploads\/2025\/12\/0-90241100-1761407045-787574-180-180.webp.webp\" width=\"180\" height=\"180\" alt=\"Le sens cach\u00e9 des comptines, un spectacle PAS pour les enfants\" class=\"border\"\/><\/a><\/li>\n<\/ul>\n<p>Les actualit\u00e9s \u00e0 Rouen<\/p>\n<ul class=\"mt-3 list-unstyled list-articles-v2\" id=\"liste-dates-694271c63bb6a\">\n<li class=\"col-12 pt-4\" data-view-id-type=\"1\" data-view-id=\"1283430\" data-view-bc=\"0\"><a class=\"image\" href=\"https:\/\/www.jds.fr\/rouen\/magazine\/sorties-du-week-end\/3-idees-sympa-pour-ce-week-end-a-rouen-du-19-au-21-decembre-1283430_A\" target=\"_blank\" rel=\"noopener\"><img decoding=\"async\" loading=\"lazy\" src=\"https:\/\/www.europesays.com\/fr\/wp-content\/uploads\/2025\/12\/marche-de-noel-de-rouen-793123-180-180.webp.webp\" width=\"180\" height=\"180\" alt=\"3 id\u00e9es sympa pour ce week-end \u00e0 Rouen du 19 au 21 d\u00e9cembre\" class=\"border\"\/><\/a><\/li>\n<\/ul>\n<p><a href=\"https:\/\/www.jds.fr\/rouen\/magazine\/\" class=\"btn btn-outline-primary py-2 px-4\" target=\"_blank\" rel=\"noopener\">Voir toutes les actualit\u00e9s \u00e0 Rouen<\/a><\/p>\n<p class=\"mt-0 mb-3 h2\">Newsletter JDS Rouen<\/p>\n<p class=\"font-size-18 fw-normal lh-sm\">Pr\u00eat pour un week-end de folie\u00a0? Chaque jeudi tous les bons plans sorties<\/p>\n","protected":false},"excerpt":{"rendered":"Le 27\/12\/2025 Salle polyvalente, Place de la Libert\u00e9 | Roumare NC Vous pourrez assister, pendant les vacances de&hellip;\n","protected":false},"author":2,"featured_media":40537,"comment_status":"","ping_status":"","sticky":false,"template":"","format":"standard","meta":{"footnotes":""},"categories":[9587],"tags":[1111,11,1777,674,1011,27,12,5161,25,9590],"class_list":{"0":"post-604879","1":"post","2":"type-post","3":"status-publish","4":"format-standard","5":"has-post-thumbnail","7":"category-rouen","8":"tag-actu","9":"tag-actualites","10":"tag-eu","11":"tag-europe","12":"tag-fr","13":"tag-france","14":"tag-news","15":"tag-normandie","16":"tag-republique-francaise","17":"tag-rouen"},"share_on_mastodon":{"url":"https:\/\/pubeurope.com\/@fr\/115734182681582283","error":""},"_links":{"self":[{"href":"https:\/\/www.europesays.com\/fr\/wp-json\/wp\/v2\/posts\/604879","targetHints":{"allow":["GET"]}}],"collection":[{"href":"https:\/\/www.europesays.com\/fr\/wp-json\/wp\/v2\/posts"}],"about":[{"href":"https:\/\/www.europesays.com\/fr\/wp-json\/wp\/v2\/types\/post"}],"author":[{"embeddable":true,"href":"https:\/\/www.europesays.com\/fr\/wp-json\/wp\/v2\/users\/2"}],"replies":[{"embeddable":true,"href":"https:\/\/www.europesays.com\/fr\/wp-json\/wp\/v2\/comments?post=604879"}],"version-history":[{"count":0,"href":"https:\/\/www.europesays.com\/fr\/wp-json\/wp\/v2\/posts\/604879\/revisions"}],"wp:featuredmedia":[{"embeddable":true,"href":"https:\/\/www.europesays.com\/fr\/wp-json\/wp\/v2\/media\/40537"}],"wp:attachment":[{"href":"https:\/\/www.europesays.com\/fr\/wp-json\/wp\/v2\/media?parent=604879"}],"wp:term":[{"taxonomy":"category","embeddable":true,"href":"https:\/\/www.europesays.com\/fr\/wp-json\/wp\/v2\/categories?post=604879"},{"taxonomy":"post_tag","embeddable":true,"href":"https:\/\/www.europesays.com\/fr\/wp-json\/wp\/v2\/tags?post=604879"}],"curies":[{"name":"wp","href":"https:\/\/api.w.org\/{rel}","templated":true}]}}