{"id":604893,"date":"2025-12-17T09:30:15","date_gmt":"2025-12-17T09:30:15","guid":{"rendered":"https:\/\/www.europesays.com\/fr\/604893\/"},"modified":"2025-12-17T09:30:15","modified_gmt":"2025-12-17T09:30:15","slug":"voici-les-prix-des-tickets","status":"publish","type":"post","link":"https:\/\/www.europesays.com\/fr\/604893\/","title":{"rendered":"voici les prix des tickets"},"content":{"rendered":"<p>                    Par<br \/>\n        <strong><br \/>\n            <a href=\"https:\/\/actu.fr\/auteur\/ugo-maillard\" title=\"Consulter tous les articles de Ugo Maillard\" target=\"_blank\" rel=\"noopener\">Ugo Maillard<\/a><br \/>\n                    <\/strong><\/p>\n<p>        Publi\u00e9 le<\/p>\n<p>            17 d\u00e9c. 2025 \u00e0 10h06        <\/p>\n<p>Du 11\u00a0f\u00e9vrier au 1er\u00a0mars 2026, le <a href=\"https:\/\/actu.fr\/tag\/carnaval-de-nice\" target=\"_blank\" rel=\"noopener\">Carnaval de Nice<\/a> est de retour \u00e0 Nice <a href=\"https:\/\/actu.fr\/provence-alpes-cote-d-azur\/alpes-maritimes_06\" target=\"_blank\" rel=\"noopener\">(Alpes-Maritimes<\/a>). Alors que cette \u00e9dition sera marqu\u00e9e par une petite r\u00e9volution puisque la <a href=\"https:\/\/actu.fr\/provence-alpes-cote-d-azur\/nice_06088\/carnaval-de-nice-voici-le-theme-etonnant-et-inedit-de-la-prochaine-edition_62321957.html\" target=\"_blank\" rel=\"noopener\">Reine sera mise \u00e0 l\u2019honneur<\/a> dans un spectacle nomm\u00e9 \u00ab\u2009Vive la Reine\u2009!\u2009\u00bb<\/p>\n<p class=\" wall-content\">La 141\u1d49 \u00e9dition du carnaval sera ainsi <strong>consacr\u00e9e \u00e0 la f\u00e9minit\u00e9<\/strong> et \u00e0 toutes les femmes qui ont jou\u00e9 un r\u00f4le dans notre soci\u00e9t\u00e9.<\/p>\n<p class=\" wall-content\">Ce mercredi 17\u00a0d\u00e9cembre 2025, la billetterie en ligne ouvr<strong>e \u00e0 10h<\/strong>.<\/p>\n<p>Des tickets allant de 28 \u00e0 5\u00a0euros<\/p>\n<p class=\" wall-content\">Alors que l\u2019\u00e9dition 2025 a battu tous les <a href=\"https:\/\/actu.fr\/provence-alpes-cote-d-azur\/nice_06088\/le-carnaval-de-nice-2025-bat-tous-les-records-la-frequentation-en-nette-hausse_62323436.html\" target=\"_blank\" rel=\"noopener\">records de fr\u00e9quentation<\/a> avec 240\u2009000\u00a0spectateurs, le Carnaval de Nice 2026 pointe d\u00e9j\u00e0 le bout de son nez.<\/p>\n<p class=\" wall-content\">Le site de la<a href=\"https:\/\/waitingpage2.themisweb.fr\/0711\/inQueue\/711\/fr\/?origin=https%3a%2f%2findiv.themisweb.fr%2f0711%2ffListeManifs.aspx%3fidstructure%3d0711\" target=\"_blank\" rel=\"noopener\"> billetterie en ligne<\/a> est ouvert et plusieurs milliers de personnes sont d\u00e9j\u00e0 connect\u00e9s. Les tarifs sont identiques \u00e0 ceux de l\u2019ann\u00e9e 2025. Il faut compter 2<strong>8 euros par adulte pour une place en zone A<\/strong> sur la place Mass\u00e9na lors des corsi illumin\u00e9s et des batailles de fleurs, 23 euros pour le corso carnavalesque de jour. Les enfants devront payer 10 euros.<\/p>\n<p class=\" wall-content\">Les prix sont r\u00e9duits \u00e0 23\u00a0euros pour des places en tribune sur la promenade des Anglais (zone B), 20\u00a0euros pour le corso carnavalesque de jour, 8\u00a0euros pour les enfants. Le forfait \u00ab\u2009spectacles\u2009\u00bb hors samedi pour un corso et une bataille de fleurs est fix\u00e9 \u00e0 45\u00a0euros sur la place Mass\u00e9na, 40\u00a0euros sur la promenade des Anglais. C\u00f4te promenoirs, les tarifs se situent\u00a0entre 14 et 5\u00a0euros\u00a0selon la zone et le spectacle.<\/p>\n<p class=\" wall-content\">\u00c0 noter que le carnaval est <strong>gratuit si vous \u00eates d\u00e9guis\u00e9s<\/strong>.<\/p>\n<p class=\" wall-content\">Personnalisez votre actualit\u00e9 en ajoutant vos villes et m\u00e9dias en favori avec <a href=\"https:\/\/moncompte.actu.fr\" title=\"D\u00e9couvez Mon Actu\" rel=\"nofollow noopener\" data-trk=\"{&quot;cta&quot;:{&quot;action&quot;:&quot;https:\\\/\\\/moncompte.actu.fr&quot;,&quot;category&quot;:&quot;mon compte&quot;,&quot;from&quot;:&quot;article footer&quot;,&quot;name&quot;:&quot;Mon actu&quot;,&quot;type&quot;:&quot;cta&quot;}}\" target=\"_blank\">Mon Actu<\/a>.<\/p>\n","protected":false},"excerpt":{"rendered":"Par Ugo Maillard Publi\u00e9 le 17 d\u00e9c. 2025 \u00e0 10h06 Du 11\u00a0f\u00e9vrier au 1er\u00a0mars 2026, le Carnaval de&hellip;\n","protected":false},"author":2,"featured_media":604894,"comment_status":"","ping_status":"","sticky":false,"template":"","format":"standard","meta":{"footnotes":""},"categories":[2819],"tags":[1111,11,71665,1777,674,1011,27,1652,12,2401,882,25],"class_list":{"0":"post-604893","1":"post","2":"type-post","3":"status-publish","4":"format-standard","5":"has-post-thumbnail","7":"category-nice","8":"tag-actu","9":"tag-actualites","10":"tag-carnaval-de-nice","11":"tag-eu","12":"tag-europe","13":"tag-fr","14":"tag-france","15":"tag-loisirs-culture","16":"tag-news","17":"tag-nice","18":"tag-provence-alpes-cote-dazur","19":"tag-republique-francaise"},"share_on_mastodon":{"url":"https:\/\/pubeurope.com\/@fr\/115734211676144284","error":""},"_links":{"self":[{"href":"https:\/\/www.europesays.com\/fr\/wp-json\/wp\/v2\/posts\/604893","targetHints":{"allow":["GET"]}}],"collection":[{"href":"https:\/\/www.europesays.com\/fr\/wp-json\/wp\/v2\/posts"}],"about":[{"href":"https:\/\/www.europesays.com\/fr\/wp-json\/wp\/v2\/types\/post"}],"author":[{"embeddable":true,"href":"https:\/\/www.europesays.com\/fr\/wp-json\/wp\/v2\/users\/2"}],"replies":[{"embeddable":true,"href":"https:\/\/www.europesays.com\/fr\/wp-json\/wp\/v2\/comments?post=604893"}],"version-history":[{"count":0,"href":"https:\/\/www.europesays.com\/fr\/wp-json\/wp\/v2\/posts\/604893\/revisions"}],"wp:featuredmedia":[{"embeddable":true,"href":"https:\/\/www.europesays.com\/fr\/wp-json\/wp\/v2\/media\/604894"}],"wp:attachment":[{"href":"https:\/\/www.europesays.com\/fr\/wp-json\/wp\/v2\/media?parent=604893"}],"wp:term":[{"taxonomy":"category","embeddable":true,"href":"https:\/\/www.europesays.com\/fr\/wp-json\/wp\/v2\/categories?post=604893"},{"taxonomy":"post_tag","embeddable":true,"href":"https:\/\/www.europesays.com\/fr\/wp-json\/wp\/v2\/tags?post=604893"}],"curies":[{"name":"wp","href":"https:\/\/api.w.org\/{rel}","templated":true}]}}