{"id":604895,"date":"2025-12-17T09:32:21","date_gmt":"2025-12-17T09:32:21","guid":{"rendered":"https:\/\/www.europesays.com\/fr\/604895\/"},"modified":"2025-12-17T09:32:21","modified_gmt":"2025-12-17T09:32:21","slug":"emilien-greffier-prend-la-tete-de-lantenne-nantaise-de-la-jce","status":"publish","type":"post","link":"https:\/\/www.europesays.com\/fr\/604895\/","title":{"rendered":"\u00c9milien Greffier prend la t\u00eate de l\u2019antenne nantaise de la JCE"},"content":{"rendered":"<p>La Jeune Chambre \u00e9conomique (JCE) de Nantes vient d\u2019\u00e9lire \u00c9milien Greffier comme pr\u00e9sident pour l\u2019ann\u00e9e 2026. Un mandat qui sera\u00a0plac\u00e9\u00a0sous le signe de l\u2019impact local, de la formation et d\u2019un engagement accru aupr\u00e8s du territoire.<\/p>\n<p>                                                <img decoding=\"async\" loading=\"lazy\" src=\"https:\/\/www.europesays.com\/fr\/wp-content\/uploads\/2025\/12\/EmilienGreffier_IJ_web-760x396-c-default.png\"   width=\"760\" height=\"396\" alt=\"Emilien Greffier, pr\u00e9sident de la JCE de Nantes.\" aria-describedby=\"caption-post-174032\"\/><\/p>\n<p id=\"caption-attachment-174032\" class=\"wp-caption-text\">Emilien Greffier, pr\u00e9sident de la JCE de Nantes. JCE<\/p>\n<p>La Jeune Chambre \u00e9conomique (JCE) de Nantes a officialis\u00e9 l\u2019\u00e9lection d\u2019\u00c9milien Greffier comme pr\u00e9sident lors de son assembl\u00e9e g\u00e9n\u00e9rale du 26\u00a0novembre. Tr\u00e8s investi dans le mouvement et la vie associative nantaise, il prendra ses fonctions le 1er\u00a0janvier 2026.<\/p>\n<p>Ancien chef d\u2019entreprise dans le secteur de l\u2019optique, d\u00e9sormais charg\u00e9 de d\u00e9veloppement de la CPME Loire-Atlantique, le nouveau pr\u00e9sident souhaite inscrire son mandat dans une dynamique collective forte. \u00ab\u00a0La JCE est un formidable terrain d\u2019exp\u00e9rimentation citoyenne. En 2026, nous renforcerons notre capacit\u00e9 \u00e0 faire \u00e9merger des leaders engag\u00e9s et \u00e0 mener des actions utiles au territoire\u00a0\u00bb, souligne-t-il.<\/p>\n<p>Le programme 2026 mettra l\u2019accent sur le d\u00e9veloppement de projets \u00e0 impact social, l\u2019accompagnement des jeunes de dix-huit \u00e0 quarante ans dans leur mont\u00e9e en comp\u00e9tences, ainsi que sur le renforcement des partenariats avec les acteurs \u00e9conomiques et institutionnels de la m\u00e9tropole. Une ouverture accrue vers les citoyens et le tissu associatif compl\u00e9tera cette feuille de route.<\/p>\n<p>Affili\u00e9e au mouvement international JCI, pr\u00e9sent dans plus de 100 pays, la JCE Nantes \u0153uvre depuis pr\u00e8s de soixante-dix ans pour former des jeunes leaders et mener des projets innovants. L\u2019\u00e9lection d\u2019\u00c9milien Greffier s\u2019inscrit pleinement dans cette continuit\u00e9.<\/p>\n","protected":false},"excerpt":{"rendered":"La Jeune Chambre \u00e9conomique (JCE) de Nantes vient d\u2019\u00e9lire \u00c9milien Greffier comme pr\u00e9sident pour l\u2019ann\u00e9e 2026. Un mandat&hellip;\n","protected":false},"author":2,"featured_media":604896,"comment_status":"","ping_status":"","sticky":false,"template":"","format":"standard","meta":{"footnotes":""},"categories":[2818],"tags":[1111,11,1777,674,1011,27,766,12,2636,25],"class_list":{"0":"post-604895","1":"post","2":"type-post","3":"status-publish","4":"format-standard","5":"has-post-thumbnail","7":"category-nantes","8":"tag-actu","9":"tag-actualites","10":"tag-eu","11":"tag-europe","12":"tag-fr","13":"tag-france","14":"tag-nantes","15":"tag-news","16":"tag-pays-de-la-loire","17":"tag-republique-francaise"},"share_on_mastodon":{"url":"https:\/\/pubeurope.com\/@fr\/115734220361462194","error":""},"_links":{"self":[{"href":"https:\/\/www.europesays.com\/fr\/wp-json\/wp\/v2\/posts\/604895","targetHints":{"allow":["GET"]}}],"collection":[{"href":"https:\/\/www.europesays.com\/fr\/wp-json\/wp\/v2\/posts"}],"about":[{"href":"https:\/\/www.europesays.com\/fr\/wp-json\/wp\/v2\/types\/post"}],"author":[{"embeddable":true,"href":"https:\/\/www.europesays.com\/fr\/wp-json\/wp\/v2\/users\/2"}],"replies":[{"embeddable":true,"href":"https:\/\/www.europesays.com\/fr\/wp-json\/wp\/v2\/comments?post=604895"}],"version-history":[{"count":0,"href":"https:\/\/www.europesays.com\/fr\/wp-json\/wp\/v2\/posts\/604895\/revisions"}],"wp:featuredmedia":[{"embeddable":true,"href":"https:\/\/www.europesays.com\/fr\/wp-json\/wp\/v2\/media\/604896"}],"wp:attachment":[{"href":"https:\/\/www.europesays.com\/fr\/wp-json\/wp\/v2\/media?parent=604895"}],"wp:term":[{"taxonomy":"category","embeddable":true,"href":"https:\/\/www.europesays.com\/fr\/wp-json\/wp\/v2\/categories?post=604895"},{"taxonomy":"post_tag","embeddable":true,"href":"https:\/\/www.europesays.com\/fr\/wp-json\/wp\/v2\/tags?post=604895"}],"curies":[{"name":"wp","href":"https:\/\/api.w.org\/{rel}","templated":true}]}}