{"id":604905,"date":"2025-12-17T09:37:15","date_gmt":"2025-12-17T09:37:15","guid":{"rendered":"https:\/\/www.europesays.com\/fr\/604905\/"},"modified":"2025-12-17T09:37:15","modified_gmt":"2025-12-17T09:37:15","slug":"2-manifestations-dagriculteurs-bloquent-a61-et-a9-vers-toulouse-et-barcelone","status":"publish","type":"post","link":"https:\/\/www.europesays.com\/fr\/604905\/","title":{"rendered":"2 manifestations d&rsquo;agriculteurs bloquent A61 et A9 vers Toulouse et Barcelone"},"content":{"rendered":"<p itemprop=\"description\">La circulation est fortement perturb\u00e9e en Occitanie ce mercredi par deux mobilisations agricoles distinctes. Sur l\u2019A61, un blocage install\u00e9 depuis hier pr\u00e8s de Carcassonne ralentit le trafic vers Toulouse. Sur l\u2019A9, une vingtaine de v\u00e9hicules dont 10 tracteurs et une trentaine de manifestants bloquent l\u2019\u00e9changeur de Narbonne-Sud (n\u00b038) depuis 8h15 et m\u00e8nent une op\u00e9ration escargot apr\u00e8s Narbonne-Est (n\u00b037), compliquant la circulation vers Barcelone et Toulouse.<\/p>\n<p>        La situation routi\u00e8re reste tendue ce mercredi matin en Occitanie, o\u00f9 deux mobilisations agricoles distinctes perturbent les axes A61 et A9.<\/p>\n<p>Sur l\u2019A61, un blocage est en place depuis hier pr\u00e8s de Carcassonne. Les ralentissements sont importants en direction de Toulouse, avec des bouchons d\u00e9passant une heure pour rejoindre la sortie obligatoire. Pour limiter la congestion, les autorit\u00e9s d\u00e9vient d\u00e9sormais le trafic plus t\u00f4t, d\u00e8s Carcassonne.<\/p>\n<p>Sur l\u2019A9, la mobilisation s\u2019est intensifi\u00e9e depuis 8h15 \u00e0 Narbonne-Sud. L\u2019\u00e9changeur n\u00b038 est ferm\u00e9, et les manifestants ont \u00e9tendu leur action sur l\u2019autoroute. Une vingtaine de v\u00e9hicules, dont 10 tracteurs et plusieurs pick-up, ainsi qu\u2019une trentaine de personnes, bloquent la circulation vers Barcelone. Une op\u00e9ration escargot est en cours apr\u00e8s la sortie Narbonne-Est (n\u00b037), ralentissant fortement le trafic vers Barcelone\/Toulouse  avant la bifurcation avec l&rsquo;A61.<\/p>\n<p>\nCes actions s\u2019inscrivent dans un mouvement de protestation du monde agricole, qui multiplie les blocages sur les grands axes du sud-est pour faire entendre ses revendications.<br \/>\nLes perturbations devraient durer plusieurs heures, avec des cons\u00e9quences notables sur les d\u00e9placements r\u00e9gionaux et transfrontaliers.    <\/p>\n","protected":false},"excerpt":{"rendered":"La circulation est fortement perturb\u00e9e en Occitanie ce mercredi par deux mobilisations agricoles distinctes. Sur l\u2019A61, un blocage&hellip;\n","protected":false},"author":2,"featured_media":155453,"comment_status":"","ping_status":"","sticky":false,"template":"","format":"standard","meta":{"footnotes":""},"categories":[2816],"tags":[1111,11,2572,4791,23303,3542,1777,674,18769,1011,27,1272,12,2680,7847,25,2312,13703],"class_list":{"0":"post-604905","1":"post","2":"type-post","3":"status-publish","4":"format-standard","5":"has-post-thumbnail","7":"category-toulouse","8":"tag-actu","9":"tag-actualites","10":"tag-agriculteurs","11":"tag-barcelone","12":"tag-bloquent","13":"tag-circulation","14":"tag-eu","15":"tag-europe","16":"tag-fortement","17":"tag-fr","18":"tag-france","19":"tag-manifestations","20":"tag-news","21":"tag-occitanie","22":"tag-perturbee","23":"tag-republique-francaise","24":"tag-toulouse","25":"tag-vers"},"share_on_mastodon":{"url":"https:\/\/pubeurope.com\/@fr\/115734239195504587","error":""},"_links":{"self":[{"href":"https:\/\/www.europesays.com\/fr\/wp-json\/wp\/v2\/posts\/604905","targetHints":{"allow":["GET"]}}],"collection":[{"href":"https:\/\/www.europesays.com\/fr\/wp-json\/wp\/v2\/posts"}],"about":[{"href":"https:\/\/www.europesays.com\/fr\/wp-json\/wp\/v2\/types\/post"}],"author":[{"embeddable":true,"href":"https:\/\/www.europesays.com\/fr\/wp-json\/wp\/v2\/users\/2"}],"replies":[{"embeddable":true,"href":"https:\/\/www.europesays.com\/fr\/wp-json\/wp\/v2\/comments?post=604905"}],"version-history":[{"count":0,"href":"https:\/\/www.europesays.com\/fr\/wp-json\/wp\/v2\/posts\/604905\/revisions"}],"wp:featuredmedia":[{"embeddable":true,"href":"https:\/\/www.europesays.com\/fr\/wp-json\/wp\/v2\/media\/155453"}],"wp:attachment":[{"href":"https:\/\/www.europesays.com\/fr\/wp-json\/wp\/v2\/media?parent=604905"}],"wp:term":[{"taxonomy":"category","embeddable":true,"href":"https:\/\/www.europesays.com\/fr\/wp-json\/wp\/v2\/categories?post=604905"},{"taxonomy":"post_tag","embeddable":true,"href":"https:\/\/www.europesays.com\/fr\/wp-json\/wp\/v2\/tags?post=604905"}],"curies":[{"name":"wp","href":"https:\/\/api.w.org\/{rel}","templated":true}]}}