{"id":604906,"date":"2025-12-17T09:39:17","date_gmt":"2025-12-17T09:39:17","guid":{"rendered":"https:\/\/www.europesays.com\/fr\/604906\/"},"modified":"2025-12-17T09:39:17","modified_gmt":"2025-12-17T09:39:17","slug":"le-president-de-la-metropole-condamne-et-ineligible-darmanin-le-soutient","status":"publish","type":"post","link":"https:\/\/www.europesays.com\/fr\/604906\/","title":{"rendered":"Le pr\u00e9sident de la m\u00e9tropole condamn\u00e9 et in\u00e9ligible, Darmanin le soutient"},"content":{"rendered":"<p>Le ministre de la Justice, G\u00e9rald Darmanin, a apport\u00e9 son \u00ab\u00a0soutien dans ce moment difficile\u00a0\u00bb au pr\u00e9sident de la m\u00e9tropole europ\u00e9enne de Lille, pourtant <a href=\"https:\/\/www.20minutes.fr\/lille\/4095745-20240611-lille-prison-sursis-ineligibilite-requises-contre-president-metropole\" class=\"c-link c-link--is-underlined\" target=\"_blank\" rel=\"noopener\">reconnu coupable de d\u00e9tournement de fonds publics<\/a>. Mardi soir, la cour d\u2019appel de Douai (<a href=\"https:\/\/www.20minutes.fr\/dossier\/nord\" class=\"c-link c-link--is-underlined\" target=\"_blank\" rel=\"noopener\">Nord<\/a>) a condamn\u00e9 le pr\u00e9sident divers droite de la Mel \u00e0 une peine de dix-huit mois de prison avec sursis et \u00e0 20.000 euros d\u2019amende. Damien Castelain \u00e9cope \u00e9galement de deux ans d\u2019in\u00e9ligibilit\u00e9 avec ex\u00e9cution provisoire. Il va devoir renoncer \u00e0 l\u2019ensemble de ses mandats.<\/p>\n<p>Pour entrer en voie de condamnation, la cour d\u2019appel a notamment point\u00e9 des d\u00e9penses personnelles r\u00e9alis\u00e9es entre\u00a02016 et\u00a02018 <a href=\"https:\/\/www.20minutes.fr\/justice\/4075918-20240213-lille-hotel-luxe-bain-bulles-pratiques-president-metropole-face-justice\" class=\"c-link c-link--is-underlined\" target=\"_blank\" rel=\"noopener\">avec plus de 10.000 euros d\u2019argent public<\/a>\u00a0: frais de spa, achats de v\u00eatements, restaurants, usage exclusif d\u2019un v\u00e9hicule de la Mel, h\u00f4tel de luxe \u00e0 Paris pour assister \u00e0 des matchs du PSG au Parc des Princes. Le tout sans aucun lien avec ses fonctions de pr\u00e9sident de la Mel.<\/p>\n<\/p>\n<p>La cour a par ailleurs constat\u00e9 <a href=\"https:\/\/www.20minutes.fr\/justice\/4099414-20240703-lille-president-metropole-condamne-an-prison-sursis-detournement-fonds-publics\" class=\"c-link c-link--is-underlined\" target=\"_blank\" rel=\"noopener\">ses condamnations d\u00e9finitives dans deux autres dossiers<\/a>\u00a0: une affaire de recel d\u2019abus de confiance dite des \u00ab\u00a0pierres bleues\u00a0\u00bb, des pav\u00e9s haut de gamme que Damien Castelain s\u2019est vu offrir pour orner sa propre terrasse, et une affaire de prise en charge par la Mel de frais d\u2019avocats. Dans son message de soutien, G\u00e9rald Darmanin, conseiller de la Mel pour la ville de Tourcoing, s\u2019est refus\u00e9 \u00e0 \u00ab\u00a0commenter d\u2019aucune mani\u00e8re une d\u00e9cision de justice\u00a0\u00bb.<\/p>\n<p>L\u2019image de la m\u00e9tropole \u00ab\u00a0gravement entach\u00e9e\u00a0\u00bb<\/p>\n<p>Priv\u00e9 de l\u2019ensemble de ses mandats, Damien Castelain laissera sa place \u00e0 son premier vice-pr\u00e9sident. \u00c9ric Skyronka va assurer l\u2019int\u00e9rim avant une nouvelle \u00e9lection du pr\u00e9sident en janvier, pr\u00e9cise la Mel.<\/p>\n<p>Dans les rangs des politiques locaux, la condamnation a \u00e9t\u00e9 largement comment\u00e9e. \u00ab\u00a0Ce feuilleton judiciaire a gravement entach\u00e9 l\u2019image de la m\u00e9tropole europ\u00e9enne de Lille et de ses \u00e9lus\u00a0\u00bb, a r\u00e9agi le groupe \u00e9cologiste de la Mel dans un communiqu\u00e9.<\/p>\n","protected":false},"excerpt":{"rendered":"Le ministre de la Justice, G\u00e9rald Darmanin, a apport\u00e9 son \u00ab\u00a0soutien dans ce moment difficile\u00a0\u00bb au pr\u00e9sident de&hellip;\n","protected":false},"author":2,"featured_media":604907,"comment_status":"","ping_status":"","sticky":false,"template":"","format":"standard","meta":{"footnotes":""},"categories":[2815],"tags":[1111,47,11,1770,19650,1777,674,1011,27,432,811,1307,71666,4145,12,1308,1309,316,25,11719],"class_list":{"0":"post-604906","1":"post","2":"type-post","3":"status-publish","4":"format-standard","5":"has-post-thumbnail","7":"category-lille","8":"tag-actu","9":"tag-actualite","10":"tag-actualites","11":"tag-corruption","12":"tag-detournement-de-fonds-publics","13":"tag-eu","14":"tag-europe","15":"tag-fr","16":"tag-france","17":"tag-gerald-darmanin","18":"tag-hauts-de-france","19":"tag-lille","20":"tag-metropoles","21":"tag-ministre-de-la-justice","22":"tag-news","23":"tag-nord","24":"tag-nord-pas-de-calais","25":"tag-politique","26":"tag-republique-francaise","27":"tag-tourcoing"},"share_on_mastodon":{"url":"https:\/\/pubeurope.com\/@fr\/115734247136951188","error":""},"_links":{"self":[{"href":"https:\/\/www.europesays.com\/fr\/wp-json\/wp\/v2\/posts\/604906","targetHints":{"allow":["GET"]}}],"collection":[{"href":"https:\/\/www.europesays.com\/fr\/wp-json\/wp\/v2\/posts"}],"about":[{"href":"https:\/\/www.europesays.com\/fr\/wp-json\/wp\/v2\/types\/post"}],"author":[{"embeddable":true,"href":"https:\/\/www.europesays.com\/fr\/wp-json\/wp\/v2\/users\/2"}],"replies":[{"embeddable":true,"href":"https:\/\/www.europesays.com\/fr\/wp-json\/wp\/v2\/comments?post=604906"}],"version-history":[{"count":0,"href":"https:\/\/www.europesays.com\/fr\/wp-json\/wp\/v2\/posts\/604906\/revisions"}],"wp:featuredmedia":[{"embeddable":true,"href":"https:\/\/www.europesays.com\/fr\/wp-json\/wp\/v2\/media\/604907"}],"wp:attachment":[{"href":"https:\/\/www.europesays.com\/fr\/wp-json\/wp\/v2\/media?parent=604906"}],"wp:term":[{"taxonomy":"category","embeddable":true,"href":"https:\/\/www.europesays.com\/fr\/wp-json\/wp\/v2\/categories?post=604906"},{"taxonomy":"post_tag","embeddable":true,"href":"https:\/\/www.europesays.com\/fr\/wp-json\/wp\/v2\/tags?post=604906"}],"curies":[{"name":"wp","href":"https:\/\/api.w.org\/{rel}","templated":true}]}}