{"id":604908,"date":"2025-12-17T09:40:12","date_gmt":"2025-12-17T09:40:12","guid":{"rendered":"https:\/\/www.europesays.com\/fr\/604908\/"},"modified":"2025-12-17T09:40:12","modified_gmt":"2025-12-17T09:40:12","slug":"le-coude-a-coude-ambiance-speakeasy","status":"publish","type":"post","link":"https:\/\/www.europesays.com\/fr\/604908\/","title":{"rendered":"LE COUDE \u00c0 COUDE, ambiance speakeasy"},"content":{"rendered":"<p>\tLE COUDE \u00c0 COUDE, ambiance speakeasy &#8211; Toutma<\/p>\n<p>&#13;<br \/>\n&#13;<\/p>\n<p>&#13;<br \/>\n\t\t&#13;<\/p>\n<p>Nous utilisons des cookies pour vous garantir la meilleure exp\u00e9rience sur notre site web. Si vous continuez \u00e0 utiliser ce site, nous supposerons que vous en \u00eates satisfait.OK<\/p>\n<p>\t\t&#13;<\/p>\n","protected":false},"excerpt":{"rendered":"LE COUDE \u00c0 COUDE, ambiance speakeasy &#8211; Toutma &#13; &#13; &#13; &#13; Nous utilisons des cookies pour vous&hellip;\n","protected":false},"author":2,"featured_media":604909,"comment_status":"","ping_status":"","sticky":false,"template":"","format":"standard","meta":{"footnotes":""},"categories":[2814],"tags":[1111,11,71667,60439,71668,1777,674,60441,1011,27,884,12,71669,882,25,71670,71671],"class_list":{"0":"post-604908","1":"post","2":"type-post","3":"status-publish","4":"format-standard","5":"has-post-thumbnail","7":"category-marseille","8":"tag-actu","9":"tag-actualites","10":"tag-bonne-adresse","11":"tag-bonne-adresse-marseille","12":"tag-diner-pianiste","13":"tag-eu","14":"tag-europe","15":"tag-food-guide","16":"tag-fr","17":"tag-france","18":"tag-marseille","19":"tag-news","20":"tag-nouveau-restaurant","21":"tag-provence-alpes-cote-dazur","22":"tag-republique-francaise","23":"tag-restaurant-festif","24":"tag-soiree-musicale"},"share_on_mastodon":{"url":"https:\/\/pubeurope.com\/@fr\/115734251435873233","error":""},"_links":{"self":[{"href":"https:\/\/www.europesays.com\/fr\/wp-json\/wp\/v2\/posts\/604908","targetHints":{"allow":["GET"]}}],"collection":[{"href":"https:\/\/www.europesays.com\/fr\/wp-json\/wp\/v2\/posts"}],"about":[{"href":"https:\/\/www.europesays.com\/fr\/wp-json\/wp\/v2\/types\/post"}],"author":[{"embeddable":true,"href":"https:\/\/www.europesays.com\/fr\/wp-json\/wp\/v2\/users\/2"}],"replies":[{"embeddable":true,"href":"https:\/\/www.europesays.com\/fr\/wp-json\/wp\/v2\/comments?post=604908"}],"version-history":[{"count":0,"href":"https:\/\/www.europesays.com\/fr\/wp-json\/wp\/v2\/posts\/604908\/revisions"}],"wp:featuredmedia":[{"embeddable":true,"href":"https:\/\/www.europesays.com\/fr\/wp-json\/wp\/v2\/media\/604909"}],"wp:attachment":[{"href":"https:\/\/www.europesays.com\/fr\/wp-json\/wp\/v2\/media?parent=604908"}],"wp:term":[{"taxonomy":"category","embeddable":true,"href":"https:\/\/www.europesays.com\/fr\/wp-json\/wp\/v2\/categories?post=604908"},{"taxonomy":"post_tag","embeddable":true,"href":"https:\/\/www.europesays.com\/fr\/wp-json\/wp\/v2\/tags?post=604908"}],"curies":[{"name":"wp","href":"https:\/\/api.w.org\/{rel}","templated":true}]}}