{"id":604912,"date":"2025-12-17T09:42:16","date_gmt":"2025-12-17T09:42:16","guid":{"rendered":"https:\/\/www.europesays.com\/fr\/604912\/"},"modified":"2025-12-17T09:42:16","modified_gmt":"2025-12-17T09:42:16","slug":"dehors-les-gones-a-lyon-une-creche-100-plein-air","status":"publish","type":"post","link":"https:\/\/www.europesays.com\/fr\/604912\/","title":{"rendered":"Dehors les gones ! A Lyon, une cr\u00e8che \u00ab\u00a0100% plein air\u00a0\u00bb"},"content":{"rendered":"<p>Ici, \u00ab\u00a0tout se passe \u00e0 l&rsquo;ext\u00e9rieur: les repas, les siestes, les activit\u00e9s, les temps d&rsquo;accueil, les temps plus calmes\u00a0\u00bb, explique la directrice de la cr\u00e8che \u00ab\u00a0Souris en Herbe\u00a0\u00bb, Oph\u00e9lie Loeb, \u00e0 laquelle semblent toujours fermement agripp\u00e9s un ou deux petits. <\/p>\n<p>En ce jour de d\u00e9cembre, une vingtaine d&rsquo;enfants de 15 mois \u00e0 trois ans, tous \u00e9quip\u00e9s des m\u00eames combinaisons, caracolent entre ateliers de bricolage, circuit en rondins et rochers, ou s&rsquo;affairent \u00e0 la dinette dans la cour de 285 m2 entre des arbres r\u00e9cemment plant\u00e9s.<\/p>\n<p>\u00ab\u00a0La semaine derni\u00e8re, on a eu beaucoup de pluie, c&rsquo;\u00e9tait +gadoue land+. Les enfants \u00e9taient super contents, ils sautaient dans les flaques, c&rsquo;\u00e9tait tr\u00e8s marrant\u00a0\u00bb, s&rsquo;enthousiasme Amel Marif, l&rsquo;une des neuf professionnelles qui y travaillent. <\/p>\n<p>A rebours des usages dans la plupart des autres garderies, bien chauff\u00e9es l&rsquo;hiver et \u00e0 l&rsquo;affut du moindre microbe, cet \u00e9tablissement associatif, soutenue par la municipalit\u00e9 \u00e9cologiste, a ouvert d\u00e9but novembre, en pleine vague de froid.<\/p>\n<p>Inspir\u00e9 par un mod\u00e8le qui a fait ses preuves dans les pays scandinaves, il mise sur les bienfaits reconnus du plein air sur \u00ab\u00a0le d\u00e9veloppement cognitif, moteur et \u00e9motionnel des enfants\u00a0\u00bb, selon ses promoteurs.<\/p>\n<p>Encore embryonnaire en France, le concept a d\u00e9j\u00e0 \u00e9t\u00e9 test\u00e9 dans des cr\u00e8ches en semi plein air, avec parfois 80% du temps dehors, plus rarement la journ\u00e9e enti\u00e8re, mais est le premier \u00e0 organiser les siestes en ext\u00e9rieur.<\/p>\n<p>\u00ab\u00a0On a quand m\u00eame un b\u00e2timent qui nous permet de se replier en cas de m\u00e9t\u00e9o extr\u00eame\u00a0\u00bb, c&rsquo;est-\u00e0-dire si le vent est trop fort ou si les temp\u00e9ratures d\u00e9passent -5\u00b0 ou 35\u00b0C, pr\u00e9cise la directrice, psychomotricienne de formation.<\/p>\n<p>Les espaces int\u00e9rieurs comportent la salle de change et de soins, les locaux du personnel, une petite cuisine pour r\u00e9chauffer les plats des enfants et un espace de repli ponctuel.<\/p>\n<p><img alt=\"Dans la cr\u00e8che en plein air &quot;Souris en herbe&quot; \u00e0 Lyon, le 11 d\u00e9cembre 2025\" loading=\"lazy\" decoding=\"async\" data-nimg=\"fill\" class=\" TwicCore_img__i9TC1 undefined  undefined\" style=\"position:absolute;height:100%;width:100%;left:0;top:0;right:0;bottom:0;color:transparent;background-size:cover;background-position:50% 50%;background-repeat:no-repeat;background-image:url(&quot;data:image\/svg+xml;charset=utf-8,%3Csvg xmlns='http:\/\/www.w3.org\/2000\/svg' %3E%3Cfilter id='b' color-interpolation-filters='sRGB'%3E%3CfeGaussianBlur stdDeviation='20'\/%3E%3CfeColorMatrix values='1 0 0 0 0 0 1 0 0 0 0 0 1 0 0 0 0 0 100 -1' result='s'\/%3E%3CfeFlood x='0' y='0' width='100%25' height='100%25'\/%3E%3CfeComposite operator='out' in='s'\/%3E%3CfeComposite in2='SourceGraphic'\/%3E%3CfeGaussianBlur stdDeviation='20'\/%3E%3C\/filter%3E%3Cimage width='100%25' height='100%25' x='0' y='0' preserveAspectRatio='none' style='filter: url(%23b);' href='https:\/\/pictures.laprovence.com\/cdn-cgi\/image\/blur=250\/media\/afp\/d0e9186c31bb3f981684a1a6e24a1fcaac958935.jpg'\/%3E%3C\/svg%3E&quot;)\"   src=\"https:\/\/www.europesays.com\/fr\/wp-content\/uploads\/2025\/12\/d0e9186c31bb3f981684a1a6e24a1fcaac958935.jpg\"\/>Dans la cr\u00e8che en plein air \u00ab\u00a0Souris en herbe\u00a0\u00bb \u00e0 Lyon, le 11 d\u00e9cembre 2025 PHOTO AFP \/ Jeff PACHOUD<\/p>\n<p>Apr\u00e8s quelques semaines d&rsquo;ouverture, les parents rencontr\u00e9s par l&rsquo;\u00e9quipe de l&rsquo;AFP notaient d\u00e9j\u00e0 une am\u00e9lioration de la sant\u00e9 et du sommeil de leur enfant. <\/p>\n<p>Alo\u00efs, deux ans et demi, \u00ab\u00a0a besoin de se d\u00e9penser beaucoup, c&rsquo;est un petit gar\u00e7on assez actif\u00a0\u00bb, raconte Aurore, sa m\u00e8re, en enlevant son casque de v\u00e9lo. \u00ab\u00a0Le fait d&rsquo;\u00eatre dehors, de pouvoir prendre l&rsquo;air, c&rsquo;est vraiment super, on vit en appartement donc on a pas l&rsquo;occasion d&rsquo;avoir un jardin \u00e0 nous\u00a0\u00bb.<\/p>\n<p>Un tiers des places sont r\u00e9serv\u00e9es pour des enfants pr\u00e9sentant des besoins sp\u00e9cifiques, notamment des enfants atteints de troubles du spectre de l&rsquo;autisme, trisomie, retards de d\u00e9veloppement ou d\u00e9ficiences sensorielles. <\/p>\n<p>Le petit Mohammed a des retards de language et selon son p\u00e8re, le contact avec les autres est d\u00e9j\u00e0 devenu un petit peu plus facile. \u00ab\u00a0Quand il rentre, on voit qu&rsquo;il ne cherche plus le iPad, mais qu&rsquo;il veut faire des activit\u00e9s avec ses mains\u00a0\u00bb, dit Farid Seghieri. <\/p>\n<p>\u00ab\u00a0Avant il \u00e9tait toujours enferm\u00e9, toujours malade. Et quand il y en a un qui est malade tout le monde \u00e0 la maison tombe malade\u00a0\u00bb, poursuit-il. Depuis qu&rsquo;il passe la journ\u00e9e dehors, son fils \u00ab\u00a0dort comme un grand\u00a0\u00bb, note-t-il encore.<\/p>\n<p>Caroline Meynier, auxiliaire pu\u00e9ricultrice depuis plus de dix ans, assure elle aussi que ses journ\u00e9es sont \u00ab\u00a0bien diff\u00e9rentes\u00a0\u00bb. <\/p>\n<p>\u00ab\u00a0Le fait de ne pas \u00eatre enferm\u00e9es entre quatre murs, \u00e7a permet vraiment de projeter le regard plus loin. Du coup (&#8230;) on est beaucoup moins fatigu\u00e9es le soir au niveau de la sant\u00e9 psychique\u00a0\u00bb, dit-elle.<\/p>\n<p>Le maire \u00e9cologiste Gr\u00e9gory Doucet, qui a accompagn\u00e9 le d\u00e9veloppement de cette cr\u00e8che, souhaite d\u00e9sormais ouvrir, au printemps, la premi\u00e8re cr\u00e8che municipale de France 100% en plein air.  <\/p>\n","protected":false},"excerpt":{"rendered":"Ici, \u00ab\u00a0tout se passe \u00e0 l&rsquo;ext\u00e9rieur: les repas, les siestes, les activit\u00e9s, les temps d&rsquo;accueil, les temps plus&hellip;\n","protected":false},"author":2,"featured_media":604913,"comment_status":"","ping_status":"","sticky":false,"template":"","format":"standard","meta":{"footnotes":""},"categories":[1889],"tags":[20747,17,1111,11,2430,2695,11823,1777,674,1011,27,329,71672,151,2428,12,25,96],"class_list":{"0":"post-604912","1":"post","2":"type-post","3":"status-publish","4":"format-standard","5":"has-post-thumbnail","7":"category-lyon","8":"tag-20747","9":"tag-17","10":"tag-actu","11":"tag-actualites","12":"tag-auvergne-rhone-alpes","13":"tag-creche","14":"tag-dehors","15":"tag-eu","16":"tag-europe","17":"tag-fr","18":"tag-france","19":"tag-france-monde","20":"tag-gones","21":"tag-les","22":"tag-lyon","23":"tag-news","24":"tag-republique-francaise","25":"tag-une"},"share_on_mastodon":{"url":"https:\/\/pubeurope.com\/@fr\/115734259056898610","error":""},"_links":{"self":[{"href":"https:\/\/www.europesays.com\/fr\/wp-json\/wp\/v2\/posts\/604912","targetHints":{"allow":["GET"]}}],"collection":[{"href":"https:\/\/www.europesays.com\/fr\/wp-json\/wp\/v2\/posts"}],"about":[{"href":"https:\/\/www.europesays.com\/fr\/wp-json\/wp\/v2\/types\/post"}],"author":[{"embeddable":true,"href":"https:\/\/www.europesays.com\/fr\/wp-json\/wp\/v2\/users\/2"}],"replies":[{"embeddable":true,"href":"https:\/\/www.europesays.com\/fr\/wp-json\/wp\/v2\/comments?post=604912"}],"version-history":[{"count":0,"href":"https:\/\/www.europesays.com\/fr\/wp-json\/wp\/v2\/posts\/604912\/revisions"}],"wp:featuredmedia":[{"embeddable":true,"href":"https:\/\/www.europesays.com\/fr\/wp-json\/wp\/v2\/media\/604913"}],"wp:attachment":[{"href":"https:\/\/www.europesays.com\/fr\/wp-json\/wp\/v2\/media?parent=604912"}],"wp:term":[{"taxonomy":"category","embeddable":true,"href":"https:\/\/www.europesays.com\/fr\/wp-json\/wp\/v2\/categories?post=604912"},{"taxonomy":"post_tag","embeddable":true,"href":"https:\/\/www.europesays.com\/fr\/wp-json\/wp\/v2\/tags?post=604912"}],"curies":[{"name":"wp","href":"https:\/\/api.w.org\/{rel}","templated":true}]}}