{"id":604928,"date":"2025-12-17T09:51:24","date_gmt":"2025-12-17T09:51:24","guid":{"rendered":"https:\/\/www.europesays.com\/fr\/604928\/"},"modified":"2025-12-17T09:51:24","modified_gmt":"2025-12-17T09:51:24","slug":"en-direct-ukraine-les-jours-a-venir-cruciaux-pour-le-financement-de-kiev-selon-von-der-leyen","status":"publish","type":"post","link":"https:\/\/www.europesays.com\/fr\/604928\/","title":{"rendered":"EN DIRECT &#8211; Ukraine : les jours \u00e0 venir \u00ab\u00a0cruciaux\u00a0\u00bb pour le financement de Kiev, selon Von der Leyen"},"content":{"rendered":"<ul class=\"jsx-862013697 ArticleChapo__List\">\n<li class=\"jsx-862013697 ArticleChapo__List_Item flex\">Les jours \u00e0 venir seront \u00ab\u00a0cruciaux\u00a0\u00bb pour le financement de l&rsquo;Ukraine en guerre, a averti ce mercredi la pr\u00e9sidente de la Commission europ\u00e9enne Ursula von der Leyen, \u00e0 la veille d&rsquo;un sommet des dirigeants de l&rsquo;UE appel\u00e9s \u00e0 en d\u00e9cider.<\/li>\n<li class=\"jsx-862013697 ArticleChapo__List_Item flex\">Suivez les derni\u00e8res informations.<\/li>\n<\/ul>\n<p><a href=\"https:\/\/www.tf1info.fr\/actualite\/fusillade-moscou-russie-attaque-salle-de-concert-crocus-city-hall-les-dernieres-informations-13633\/\" rel=\"noopener\" class=\"jsx-484472199 Link jsx-1428418400 jsx-554215408\" target=\"_blank\"><\/p>\n<p style=\"font-weight:400\" class=\"jsx-1837267516\">Suivez la couverture compl\u00e8te<\/p>\n<p style=\"font-weight:800\" class=\"jsx-1837267516\">Attentat \u00e0 Moscou : l&rsquo;\u00c9tat islamique revendique, Poutine met l&rsquo;Ukraine \u00e0 l&rsquo;index<\/p>\n<p><\/a>Minute par minute VON DER LEYEN : \u00ab\u00a0DES JOURS CRUCIAUX\u00a0\u00bb09:49<\/p>\n<p>Les jours \u00e0 venir seront \u00ab\u00a0cruciaux\u00a0\u00bb pour le financement de l&rsquo;Ukraine en guerre, avertit la pr\u00e9sidente de la Commission europ\u00e9enne Ursula von der Leyen, \u00e0 la veille d&rsquo;un sommet des dirigeants de l&rsquo;UE appel\u00e9s \u00e0 en d\u00e9cider.<\/p>\n<p>\u00ab\u00a0Les prochains jours seront une \u00e9tape cruciale pour y parvenir; il nous revient de choisir comment financer le combat de l&rsquo;Ukraine, et nous en connaissons l&rsquo;urgence\u00a0\u00bb, a-t-elle d\u00e9clar\u00e9 devant le Parlement europ\u00e9en \u00e0 Strasbourg, dans l&rsquo;est de la France.<\/p>\n<p><img decoding=\"async\" src=\"https:\/\/www.europesays.com\/fr\/wp-content\/uploads\/2025\/12\/ursula-von-der-leyen-2025-6de183-0@1x.jpeg\" alt=\"AFP\" loading=\"lazy\" importance=\"low\" fetchpriority=\"low\" class=\"\"\/>AFPLE KREMLIN SCEPTIQUE06:15<\/p>\n<p>Le Kremlin a estim\u00e9 mardi que la participation des Europ\u00e9ens aux n\u00e9gociations en cours sur le plan am\u00e9ricain pour l&rsquo;Ukraine \u00ab\u00a0n&rsquo;augure rien de bon\u00a0\u00bb, tout en affirmant ne pas avoir encore \u00e9t\u00e9 inform\u00e9 des r\u00e9sultats des derniers pourparlers \u00e0 Berlin.<\/p>\n<p>\u00ab\u00a0La participation des Europ\u00e9ens, en termes d&rsquo;acceptabilit\u00e9 (de l&rsquo;accord par Moscou), n&rsquo;augure rien de bon\u00a0\u00bb, a d\u00e9clar\u00e9 le porte-parole de la pr\u00e9sidence russe, Dmitri Peskov, cit\u00e9 par les agences de presse russes. M. Peskov a indiqu\u00e9 que la Russie devait \u00ab\u00a0d&rsquo;abord prendre connaissance\u00a0\u00bb de ce qui a \u00e9t\u00e9 \u00e9labor\u00e9 lors des r\u00e9centes n\u00e9gociations entre Ukrainiens et Am\u00e9ricains avant l&rsquo;organisation d&rsquo;une nouvelle rencontre, avec sa propre participation, \u00e0 ce sujet.<\/p>\n<p data-module=\"article-paragraph\" class=\"jsx-157965717 Paragraph Paragraph__End\">Le Kremlin a estim\u00e9 mardi que la participation des Europ\u00e9ens aux n\u00e9gociations en cours sur le plan am\u00e9ricain pour l&rsquo;Ukraine \u00ab\u00a0n&rsquo;augure rien de bon\u00a0\u00bb, tout en affirmant ne pas avoir encore \u00e9t\u00e9 inform\u00e9 des r\u00e9sultats des derniers pourparlers \u00e0 Berlin. \u00ab\u00a0La participation des Europ\u00e9ens, en termes d&rsquo;acceptabilit\u00e9 (de l&rsquo;accord par Moscou), n&rsquo;augure rien de bon\u00a0\u00bb, a d\u00e9clar\u00e9 le porte-parole de la pr\u00e9sidence russe, Dmitri Peskov, cit\u00e9 par les agences de presse russes.<\/p>\n<p data-module=\"article-paragraph\" class=\"jsx-157965717 Paragraph Paragraph__End\">M. Peskov a indiqu\u00e9 que la Russie devait \u00ab\u00a0d&rsquo;abord prendre connaissance\u00a0\u00bb de ce qui a \u00e9t\u00e9 \u00e9labor\u00e9 lors des r\u00e9centes n\u00e9gociations entre Ukrainiens et Am\u00e9ricains avant l&rsquo;organisation d&rsquo;une nouvelle rencontre, avec sa propre participation, \u00e0 ce sujet. Le pr\u00e9sident ukrainien Volodymyr Zelensky s&rsquo;\u00e9tait f\u00e9licit\u00e9 lundi de \u00ab\u00a0progr\u00e8s\u00a0\u00bb dans les n\u00e9gociations \u00e0 l&rsquo;issue de rencontres \u00e0 Berlin avec les \u00e9missaires am\u00e9ricains Steve Witkoff et Jared Kushner.<\/p>\n<p><a href=\"https:\/\/www.tf1info.fr\/international\/une-operation-dans-une-operation-pour-endommager-le-sous-marin-russe-les-services-secrets-ukrainiens-ont-pirate-le-systeme-de-securite-du-port-2413181.html\" rel=\"noopener\" class=\"jsx-3308031228 Link flex\" target=\"_blank\"><img decoding=\"async\" src=\"https:\/\/www.europesays.com\/fr\/wp-content\/uploads\/2025\/12\/sous-marin-russe-drones-reuters-fa1e6b-0@1x.jpeg\" alt=\"Un sous-marin russe a \u00e9t\u00e9 d\u00e9truit par des drones sous-marins &quot;Sub Sea Baby&quot;, a annonc\u00e9 l'arm\u00e9e ukrainienne le 15 d\u00e9cembre 2025.\" loading=\"lazy\" importance=\"low\" fetchpriority=\"low\" class=\"\" aria-hidden=\"true\"\/><\/p>\n<p class=\"jsx-3657663356 ReadMoreArticle__Title\">Lire aussi<\/p>\n<p class=\"jsx-3657663356\">\u00ab\u00a0Une op\u00e9ration dans une op\u00e9ration\u00a0\u00bb : pour endommager le sous-marin russe, les services secrets ukrainiens ont pirat\u00e9 le syst\u00e8me de s\u00e9curit\u00e9 du port<\/p>\n<p><\/a><\/p>\n<p data-module=\"article-paragraph\" class=\"jsx-157965717 Paragraph Paragraph__End\">Les Europ\u00e9ens, soutiens de Kiev, ont de leur c\u00f4t\u00e9 avanc\u00e9 une proposition parall\u00e8le qui implique le d\u00e9ploiement d&rsquo;une force multinationale en Ukraine, des garanties semblables \u00e0 celles de l&rsquo;article 5 du trait\u00e9 de l&rsquo;Otan pour Kiev et une arm\u00e9e ukrainienne forte de 800.000 hommes. Soit autant d&rsquo;\u00e9l\u00e9ments consid\u00e9r\u00e9s comme inacceptables par Moscou et d\u00e9j\u00e0 rejet\u00e9s par le pass\u00e9.<\/p>\n<p>\u00ab\u00a0Un durcissement des restrictions\u00a0\u00bb<\/p>\n<p data-module=\"article-paragraph\" class=\"jsx-157965717 Paragraph\">En parall\u00e8le, le Haut-Commissaire de l&rsquo;ONU pour les droits de l&rsquo;homme s&rsquo;est inqui\u00e9t\u00e9 mardi d&rsquo;une diminution des libert\u00e9s dans les territoires ukrainiens occup\u00e9s par la Russie. \u00ab\u00a0Dans les territoires occup\u00e9s par la Russie, nos conclusions font \u00e9tat d&rsquo;un durcissement des restrictions \u00e0 la libert\u00e9 de circulation, d&rsquo;expression et de religion\u00a0\u00bb, a d\u00e9clar\u00e9 Volker T\u00fcrk, devant le Conseil des droits de l&rsquo;homme de l&rsquo;ONU.<\/p>\n<p data-module=\"article-paragraph\" class=\"jsx-157965717 Paragraph Paragraph__End\">Il a soulign\u00e9 que l&rsquo;acc\u00e8s \u00e0 internet et aux services de messagerie a \u00e9t\u00e9 encore \u00ab\u00a0davantage limit\u00e9\u00a0\u00bb.\u00a0<\/p>\n<p>La r\u00e9daction de TF1info<\/p>\n","protected":false},"excerpt":{"rendered":"Les jours \u00e0 venir seront \u00ab\u00a0cruciaux\u00a0\u00bb pour le financement de l&rsquo;Ukraine en guerre, a averti ce mercredi la&hellip;\n","protected":false},"author":2,"featured_media":396677,"comment_status":"","ping_status":"","sticky":false,"template":"","format":"standard","meta":{"footnotes":""},"categories":[1590],"tags":[1111,11,1921,71673,5925,1777,674,1922,12,71674,132,220,1917,133,1920,134],"class_list":{"0":"post-604928","1":"post","2":"type-post","3":"status-publish","4":"format-standard","5":"has-post-thumbnail","7":"category-ukraine","8":"tag-actu","9":"tag-actualites","10":"tag-article-video","11":"tag-attentat-a-moscou-letat-islamique-revendique","12":"tag-conflits-et-guerre","13":"tag-eu","14":"tag-europe","15":"tag-info","16":"tag-news","17":"tag-poutine-met-lukraine-a-lindex","18":"tag-russie","19":"tag-ukraine","20":"tag-ukraine-4-annee-de-guerre","21":"tag-video","22":"tag-video-international","23":"tag-volodymyr-zelensky"},"share_on_mastodon":{"url":"https:\/\/pubeurope.com\/@fr\/115734295201128651","error":""},"_links":{"self":[{"href":"https:\/\/www.europesays.com\/fr\/wp-json\/wp\/v2\/posts\/604928","targetHints":{"allow":["GET"]}}],"collection":[{"href":"https:\/\/www.europesays.com\/fr\/wp-json\/wp\/v2\/posts"}],"about":[{"href":"https:\/\/www.europesays.com\/fr\/wp-json\/wp\/v2\/types\/post"}],"author":[{"embeddable":true,"href":"https:\/\/www.europesays.com\/fr\/wp-json\/wp\/v2\/users\/2"}],"replies":[{"embeddable":true,"href":"https:\/\/www.europesays.com\/fr\/wp-json\/wp\/v2\/comments?post=604928"}],"version-history":[{"count":0,"href":"https:\/\/www.europesays.com\/fr\/wp-json\/wp\/v2\/posts\/604928\/revisions"}],"wp:featuredmedia":[{"embeddable":true,"href":"https:\/\/www.europesays.com\/fr\/wp-json\/wp\/v2\/media\/396677"}],"wp:attachment":[{"href":"https:\/\/www.europesays.com\/fr\/wp-json\/wp\/v2\/media?parent=604928"}],"wp:term":[{"taxonomy":"category","embeddable":true,"href":"https:\/\/www.europesays.com\/fr\/wp-json\/wp\/v2\/categories?post=604928"},{"taxonomy":"post_tag","embeddable":true,"href":"https:\/\/www.europesays.com\/fr\/wp-json\/wp\/v2\/tags?post=604928"}],"curies":[{"name":"wp","href":"https:\/\/api.w.org\/{rel}","templated":true}]}}