{"id":604933,"date":"2025-12-17T09:54:32","date_gmt":"2025-12-17T09:54:32","guid":{"rendered":"https:\/\/www.europesays.com\/fr\/604933\/"},"modified":"2025-12-17T09:54:32","modified_gmt":"2025-12-17T09:54:32","slug":"paref-prima-renforce-son-portefeuille-avec-un-actif-de-commerce-en-allemagne-zoominvest","status":"publish","type":"post","link":"https:\/\/www.europesays.com\/fr\/604933\/","title":{"rendered":"PAREF Prima renforce son portefeuille avec un actif de commerce en Allemagne | ZoomInvest"},"content":{"rendered":"<p data-start=\"97\" data-end=\"416\"><strong class=\"font-semibold text-[var(--brand-black)]\">PAREF Gestion annonce l\u2019acquisition d\u2019un nouveau centre commercial de proximit\u00e9 en Allemagne pour le compte de la SCPI PAREF Prima. Situ\u00e9 \u00e0 Naumburg, cet actif enti\u00e8rement lou\u00e9 \u00e0 Kaufland s\u2019inscrit pleinement dans la strat\u00e9gie europ\u00e9enne de diversification et de r\u00e9silience port\u00e9e par la soci\u00e9t\u00e9 de gestion.<\/strong><\/p>\n<p data-start=\"549\" data-end=\"978\">PAREF Gestion, avec l\u2019accompagnement de l\u2019\u00e9quipe investissement du Groupe PAREF, poursuit ses investissements en Allemagne pour le compte de sa SCPI PAREF Prima et annonce l\u2019acquisition d\u2019un centre commercial de proximit\u00e9 situ\u00e9 \u00e0 Naumburg, aupr\u00e8s du fonds immobilier BBV 9 repr\u00e9sent\u00e9 par KKL Consulting. Le retail park est enti\u00e8rement lou\u00e9 \u00e0 Kaufland, acteur majeur de la grande distribution alimentaire, avec un bail long terme.<\/p>\n<p><strong data-start=\"989\" data-end=\"1026\" class=\"font-semibold text-[var(--brand-black)]\">Un actif strat\u00e9gique et attractif<\/strong><\/p>\n<p data-start=\"1028\" data-end=\"1429\">Situ\u00e9 \u00e0 Naumburg, ville historique de Saxe-Anhalt comptant environ 32 000 habitants, le site offre une surface locative d\u2019environ 12 000 m\u00b2 r\u00e9partie sur trois niveaux, ainsi que 340 places de stationnement. Il b\u00e9n\u00e9ficie d\u2019un flux de visiteurs soutenu gr\u00e2ce \u00e0 un positionnement strat\u00e9gique, \u00e0 la fois g\u00e9ographique (id\u00e9alement situ\u00e9 au c\u0153ur de la zone de chalandise locale et r\u00e9gionale) et commercial.<\/p>\n<p data-start=\"1431\" data-end=\"1816\">L\u2019actif est enti\u00e8rement lou\u00e9 \u00e0 Kaufland, qui occupe ce site depuis sa livraison en 1993. Acteur majeur de la grande distribution en Allemagne, Kaufland est reconnu pour l\u2019\u00e9tendue de son offre alimentaire et non alimentaire et la forte notori\u00e9t\u00e9 de sa marque. Sa pr\u00e9sence de longue date et sa position sur le march\u00e9 font de ce site une destination commerciale cl\u00e9 \u00e0 l\u2019\u00e9chelle r\u00e9gionale.<\/p>\n<p><strong data-start=\"1827\" data-end=\"1888\" class=\"font-semibold text-[var(--brand-black)]\">Un investissement align\u00e9 avec la strat\u00e9gie de PAREF Prima<\/strong><\/p>\n<p data-start=\"1890\" data-end=\"2116\">Avec cette acquisition, la SCPI PAREF Prima renforce son exposition au secteur de l\u2019alimentaire et des commerces essentiels, tout en am\u00e9liorant la dur\u00e9e r\u00e9siduelle moyenne de ses baux et la diversification de son patrimoine.<\/p>\n<p data-start=\"2118\" data-end=\"2308\">Tout investissement dans des parts de SCPI PAREF Prima pr\u00e9sente des risques notamment de perte en capital et de liquidit\u00e9. Les performances pass\u00e9es ne pr\u00e9sagent pas des performances futures.<\/p>\n<p data-start=\"2310\" data-end=\"2591\">Par ailleurs, cette op\u00e9ration illustre la volont\u00e9 de PAREF Gestion d\u2019identifier et de saisir des opportunit\u00e9s d\u2019investissement \u00e0 forte valeur ajout\u00e9e en Europe, en privil\u00e9giant des actifs g\u00e9n\u00e9rateurs de revenus potentiels sur le long terme pour les associ\u00e9s de la SCPI PAREF Prima.<\/p>\n<p><strong data-start=\"2602\" data-end=\"2692\" class=\"font-semibold text-[var(--brand-black)]\">Une transaction men\u00e9e gr\u00e2ce au savoir-faire de l\u2019\u00e9quipe investissement du Groupe PAREF<\/strong><\/p>\n<p data-start=\"2694\" data-end=\"2918\">Cette acquisition a \u00e9t\u00e9 r\u00e9alis\u00e9e par les \u00e9quipes du Groupe PAREF, qui ont su mobiliser l\u2019ensemble de leurs expertises internes : de l\u2019identification de l\u2019opportunit\u00e9 \u00e0 la structuration et la s\u00e9curisation de la transaction.<\/p>\n<p data-start=\"2920\" data-end=\"3384\">Acteur majeur du march\u00e9 immobilier en Allemagne depuis plusieurs ann\u00e9es, le Groupe PAREF b\u00e9n\u00e9ficie d\u2019une implantation solide, notamment gr\u00e2ce \u00e0 la pr\u00e9sence d\u2019une \u00e9quipe locale d\u00e9di\u00e9e, et d\u2019une connaissance approfondie de ce march\u00e9 strat\u00e9gique, au travers d\u2019une allocation de pr\u00e8s d\u20191 milliard d\u2019euros d\u2019actifs. Cette op\u00e9ration d\u00e9montre la ma\u00eetrise de PAREF sur l\u2019ensemble de la cha\u00eene de valeur immobili\u00e8re et sa facult\u00e9 \u00e0 structurer des transactions en Allemagne.<\/p>\n<blockquote data-start=\"3391\" data-end=\"3726\" class=\"border-l-4 border-[var(--brand-green)] pl-4 py-2 my-3 italic text-gray-700 bg-gray-50 rounded-r\">\n<p data-start=\"3393\" data-end=\"3726\">Nous sommes ravis de cette nouvelle acquisition qui vient renforcer le patrimoine d\u00e9j\u00e0 tr\u00e8s qualitatif de la SCPI PAREF Prima. Cet actif lou\u00e9 \u00e0 un locataire de premier plan, illustre parfaitement la strat\u00e9gie de la SCPI de diversification de son portefeuille en Europe sur des secteurs r\u00e9silients comme la distribution alimentaire.<\/p>\n<p data-start=\"3393\" data-end=\"3726\"><strong data-start=\"3728\" data-end=\"3781\" data-is-last-node=\"\" class=\"font-semibold text-[var(--brand-black)]\">Anne Schwartz, Directrice G\u00e9n\u00e9rale, PAREF Gestion<\/strong><\/p>\n<\/blockquote>\n","protected":false},"excerpt":{"rendered":"PAREF Gestion annonce l\u2019acquisition d\u2019un nouveau centre commercial de proximit\u00e9 en Allemagne pour le compte de la SCPI&hellip;\n","protected":false},"author":2,"featured_media":604934,"comment_status":"","ping_status":"","sticky":false,"template":"","format":"standard","meta":{"footnotes":""},"categories":[1587],"tags":[11,672,2813,71676,1804,1805,1803,1777,674,590,1801,399,12,1802,71675],"class_list":{"0":"post-604933","1":"post","2":"type-post","3":"status-publish","4":"format-standard","5":"has-post-thumbnail","7":"category-allemagne","8":"tag-actualites","9":"tag-allemagne","10":"tag-article","11":"tag-asset-management","12":"tag-bundesrepublik-deutschland","13":"tag-de","14":"tag-deutschland","15":"tag-eu","16":"tag-europe","17":"tag-finance","18":"tag-germany","19":"tag-investissement","20":"tag-news","21":"tag-republique-federale-dallemagne","22":"tag-zoominvest"},"share_on_mastodon":{"url":"https:\/\/pubeurope.com\/@fr\/115734306175480167","error":""},"_links":{"self":[{"href":"https:\/\/www.europesays.com\/fr\/wp-json\/wp\/v2\/posts\/604933","targetHints":{"allow":["GET"]}}],"collection":[{"href":"https:\/\/www.europesays.com\/fr\/wp-json\/wp\/v2\/posts"}],"about":[{"href":"https:\/\/www.europesays.com\/fr\/wp-json\/wp\/v2\/types\/post"}],"author":[{"embeddable":true,"href":"https:\/\/www.europesays.com\/fr\/wp-json\/wp\/v2\/users\/2"}],"replies":[{"embeddable":true,"href":"https:\/\/www.europesays.com\/fr\/wp-json\/wp\/v2\/comments?post=604933"}],"version-history":[{"count":0,"href":"https:\/\/www.europesays.com\/fr\/wp-json\/wp\/v2\/posts\/604933\/revisions"}],"wp:featuredmedia":[{"embeddable":true,"href":"https:\/\/www.europesays.com\/fr\/wp-json\/wp\/v2\/media\/604934"}],"wp:attachment":[{"href":"https:\/\/www.europesays.com\/fr\/wp-json\/wp\/v2\/media?parent=604933"}],"wp:term":[{"taxonomy":"category","embeddable":true,"href":"https:\/\/www.europesays.com\/fr\/wp-json\/wp\/v2\/categories?post=604933"},{"taxonomy":"post_tag","embeddable":true,"href":"https:\/\/www.europesays.com\/fr\/wp-json\/wp\/v2\/tags?post=604933"}],"curies":[{"name":"wp","href":"https:\/\/api.w.org\/{rel}","templated":true}]}}