{"id":604935,"date":"2025-12-17T09:55:14","date_gmt":"2025-12-17T09:55:14","guid":{"rendered":"https:\/\/www.europesays.com\/fr\/604935\/"},"modified":"2025-12-17T09:55:14","modified_gmt":"2025-12-17T09:55:14","slug":"un-depute-europeen-denonce-une-ingerence-directe-israelienne-en-europe","status":"publish","type":"post","link":"https:\/\/www.europesays.com\/fr\/604935\/","title":{"rendered":"Un d\u00e9put\u00e9 europ\u00e9en d\u00e9nonce une \u00ab ing\u00e9rence directe \u00bb isra\u00e9lienne en Europe"},"content":{"rendered":"<p>AA \/ Istanbul \/ Seyma Erkul Dayanc<\/p>\n<p>Le d\u00e9put\u00e9 europ\u00e9en belge Marc Botenga a d\u00e9nonc\u00e9, ce jeudi, une \u00ab ing\u00e9rence directe \u00bb d\u2019Isra\u00ebl dans les institutions europ\u00e9ennes, apr\u00e8s la publication de l\u2019enqu\u00eate \u00ab Isra\u00ebl Files \u00bb par plusieurs m\u00e9dias europ\u00e9ens, dont Mediapart, le journal d\u2019information num\u00e9rique fran\u00e7ais ind\u00e9pendant.<\/p>\n<p>\u00ab Les journaux europ\u00e9ens viennent de d\u00e9voiler, sur base de documents isra\u00e9liens, qu\u2019Isra\u00ebl pilote ce que les journalistes appellent une v\u00e9ritable machine de guerre pour influencer des cabinets de ministres et des tribunaux dans diff\u00e9rents pays europ\u00e9ens \u00bb, a d\u00e9clar\u00e9 Marc Botenga dans une intervention au Parlement europ\u00e9en, partag\u00e9e dans un message publi\u00e9 sur la plateforme sociale de la soci\u00e9t\u00e9 X, bas\u00e9e aux \u00c9tats-Unis.<\/p>\n<p>\u00ab C\u2019est une ing\u00e9rence directe dans nos soci\u00e9t\u00e9s par un \u00c9tat tiers \u00bb, a-t-il ajout\u00e9, s\u2019interrogeant sur les implications au sein m\u00eame du Parlement europ\u00e9en. Le d\u00e9put\u00e9 a indiqu\u00e9 avoir lu qu\u2019Isra\u00ebl aurait \u00ab essay\u00e9 d\u2019organiser des poursuites judiciaires contre une d\u00e9put\u00e9e europ\u00e9enne \u00bb.<\/p>\n<p>Marc Botenga a \u00e9galement affirm\u00e9 que \u00ab des organisations align\u00e9es sur le gouvernement isra\u00e9lien organisent des voyages sponsoris\u00e9s pour des d\u00e9put\u00e9s \u00bb et que \u00ab certains d\u00e9put\u00e9s utilisent des sources fournies par des organisations aussi align\u00e9es sur Tel Aviv \u00bb.<\/p>\n<p>\u00ab Nous avons eu deux rapports sp\u00e9ciaux sur l\u2019ing\u00e9rence \u00e9trang\u00e8re. On a parl\u00e9 beaucoup de la Russie, de la Chine, de l\u2019Iran, mais jamais d\u2019Isra\u00ebl \u00bb, a-t-il poursuivi, estimant que cette situation \u00e9tait \u00ab bizarre \u00bb. \u00ab Maintenant que nous savons qu\u2019il y a une strat\u00e9gie d\u00e9lib\u00e9r\u00e9e d\u2019Isra\u00ebl, on ne peut plus fermer les yeux. Nous devons prendre ce sujet au s\u00e9rieux \u00bb, a conclu le d\u00e9put\u00e9 europ\u00e9en.<\/p>\n<p>Cette prise de position intervient apr\u00e8s la publication de l\u2019enqu\u00eate \u00ab Isra\u00ebl Files \u00bb, men\u00e9e par Mediapart en collaboration avec huit m\u00e9dias europ\u00e9ens. L\u2019enqu\u00eate met en lumi\u00e8re des pressions exerc\u00e9es par les autorit\u00e9s isra\u00e9liennes afin de maintenir en France la p\u00e9nalisation des appels au boycott d\u2019Isra\u00ebl, malgr\u00e9 une jurisprudence europ\u00e9enne favorable aux militants du mouvement Boycott, d\u00e9sinvestissement et sanctions (BDS).<\/p>\n<p>Selon Mediapart, ces pressions se sont intensifi\u00e9es apr\u00e8s l\u2019arr\u00eat de la Cour europ\u00e9enne des droits de l\u2019homme de juin 2020, qui a jug\u00e9 que l\u2019appel au boycott de produits isra\u00e9liens rel\u00e8ve de la libert\u00e9 d\u2019expression, en l\u2019absence d\u2019incitation \u00e0 la haine. Des documents internes cit\u00e9s par le journal indiquent que les autorit\u00e9s isra\u00e9liennes consid\u00e9raient cette d\u00e9cision comme une menace strat\u00e9gique.<\/p>\n<p>L\u2019enqu\u00eate \u00e9voque \u00e9galement un lobbying diplomatique et juridique en France, ainsi que la publication, en octobre 2020, d\u2019une circulaire du minist\u00e8re fran\u00e7ais de la Justice demandant aux procureurs de poursuivre certains appels au boycott lorsqu\u2019ils peuvent \u00eatre qualifi\u00e9s de provocation \u00e0 la discrimination.<\/p>\n<p>Ni le minist\u00e8re fran\u00e7ais de la Justice ni les autorit\u00e9s isra\u00e9liennes n\u2019ont r\u00e9pondu aux questions de Mediapart. Le Conseil repr\u00e9sentatif des institutions juives de France (Crif) a, pour sa part, rejet\u00e9 toute accusation d\u2019ing\u00e9rence, affirmant agir uniquement dans le cadre de la lutte contre l\u2019antis\u00e9mitisme.<\/p>\n<p>                            &#13;<br \/>\n                                <a href=\"https:\/\/www.aa.com.tr\/fr\/p\/abonnement\/1001\" target=\"_blank\" style=\"font-size:12px; color:#444; text-decoration:none;\" rel=\"noopener\">&#13;<br \/>\n                                    Seulement une partie des d\u00e9p\u00eaches, que l&rsquo;Agence Anadolu diffuse \u00e0 ses abonn\u00e9s via le Syst\u00e8me de Diffusion interne (HAS), est diffus\u00e9e sur le site de l&rsquo;AA, de mani\u00e8re r\u00e9sum\u00e9e. <b style=\"color:#1897F7\">Contactez-nous s&rsquo;il vous pla\u00eet pour vous abonner.<\/b>&#13;<br \/>\n                                <\/a>&#13;<\/p>\n","protected":false},"excerpt":{"rendered":"AA \/ Istanbul \/ Seyma Erkul Dayanc Le d\u00e9put\u00e9 europ\u00e9en belge Marc Botenga a d\u00e9nonc\u00e9, ce jeudi, une&hellip;\n","protected":false},"author":2,"featured_media":604936,"comment_status":"","ping_status":"","sticky":false,"template":"","format":"standard","meta":{"footnotes":""},"categories":[1586],"tags":[11,1785,1777,674,1011,27,71677,71678,12,25],"class_list":{"0":"post-604935","1":"post","2":"type-post","3":"status-publish","4":"format-standard","5":"has-post-thumbnail","7":"category-europe","8":"tag-actualites","9":"tag-anadolu-ajansi","10":"tag-eu","11":"tag-europe","12":"tag-fr","13":"tag-france","14":"tag-isral-files","15":"tag-marc-botenga","16":"tag-news","17":"tag-republique-francaise"},"share_on_mastodon":{"url":"https:\/\/pubeurope.com\/@fr\/115734310106413322","error":""},"_links":{"self":[{"href":"https:\/\/www.europesays.com\/fr\/wp-json\/wp\/v2\/posts\/604935","targetHints":{"allow":["GET"]}}],"collection":[{"href":"https:\/\/www.europesays.com\/fr\/wp-json\/wp\/v2\/posts"}],"about":[{"href":"https:\/\/www.europesays.com\/fr\/wp-json\/wp\/v2\/types\/post"}],"author":[{"embeddable":true,"href":"https:\/\/www.europesays.com\/fr\/wp-json\/wp\/v2\/users\/2"}],"replies":[{"embeddable":true,"href":"https:\/\/www.europesays.com\/fr\/wp-json\/wp\/v2\/comments?post=604935"}],"version-history":[{"count":0,"href":"https:\/\/www.europesays.com\/fr\/wp-json\/wp\/v2\/posts\/604935\/revisions"}],"wp:featuredmedia":[{"embeddable":true,"href":"https:\/\/www.europesays.com\/fr\/wp-json\/wp\/v2\/media\/604936"}],"wp:attachment":[{"href":"https:\/\/www.europesays.com\/fr\/wp-json\/wp\/v2\/media?parent=604935"}],"wp:term":[{"taxonomy":"category","embeddable":true,"href":"https:\/\/www.europesays.com\/fr\/wp-json\/wp\/v2\/categories?post=604935"},{"taxonomy":"post_tag","embeddable":true,"href":"https:\/\/www.europesays.com\/fr\/wp-json\/wp\/v2\/tags?post=604935"}],"curies":[{"name":"wp","href":"https:\/\/api.w.org\/{rel}","templated":true}]}}