{"id":604937,"date":"2025-12-17T09:56:11","date_gmt":"2025-12-17T09:56:11","guid":{"rendered":"https:\/\/www.europesays.com\/fr\/604937\/"},"modified":"2025-12-17T09:56:11","modified_gmt":"2025-12-17T09:56:11","slug":"lue-amenage-son-dispositif-pour-les-engrais-face-a-la-crise-agricole","status":"publish","type":"post","link":"https:\/\/www.europesays.com\/fr\/604937\/","title":{"rendered":"l&rsquo;UE am\u00e9nage son dispositif pour les engrais face \u00e0 \u00abla crise agricole\u00bb"},"content":{"rendered":"<p class=\"fig-paragraph\">La Commission europ\u00e9enne a annonc\u00e9 mercredi l&rsquo;am\u00e9nagement de sa\u00a0<a href=\"http:\/\/www.lefigaro.fr\/societes\/taxe-carbone-aux-frontieres-les-industriels-craignent-d-etre-a-nouveau-penalises-20251216\" data-fig-type=\"Article\" data-gtm-custom-categorie=\"navigation\" data-gtm-custom-action=\"crossclick\" data-gtm-custom-label=\"Contextuel\" data-gtm-event=\"customEventSPE\" data-fig-domain=\"LEFIGARO\" target=\"_blank\" rel=\"noopener\">taxe carbone<\/a>\u00a0aux fronti\u00e8res sur les engrais import\u00e9s, afin d&rsquo;\u00e9viter une hausse des prix dans une p\u00e9riode de crise agricole.<\/p>\n<p class=\"fig-paragraph\">\u00abVu la crise agricole, les difficult\u00e9s que peut rencontrer le milieu, nous avons pris une disposition extraordinaire sur les engrais pour limiter l&rsquo;augmentation des prix et qu&rsquo;il n&rsquo;y ait pas d&rsquo;impact pour les agriculteurs au moment de l&rsquo;achat et du stockage de l&rsquo;engrais import\u00e9\u00bb, a soulign\u00e9 le commissaire europ\u00e9en St\u00e9phane S\u00e9journ\u00e9, lors d&rsquo;une conf\u00e9rence de presse \u00e0 Bruxelles.<\/p>\n","protected":false},"excerpt":{"rendered":"La Commission europ\u00e9enne a annonc\u00e9 mercredi l&rsquo;am\u00e9nagement de sa\u00a0taxe carbone\u00a0aux fronti\u00e8res sur les engrais import\u00e9s, afin d&rsquo;\u00e9viter une&hellip;\n","protected":false},"author":2,"featured_media":604938,"comment_status":"","ping_status":"","sticky":false,"template":"","format":"standard","meta":{"footnotes":""},"categories":[1586],"tags":[11,327,24045,1777,674,1779,1011,27,12,25,55444,1778,364],"class_list":{"0":"post-604937","1":"post","2":"type-post","3":"status-publish","4":"format-standard","5":"has-post-thumbnail","7":"category-europe","8":"tag-actualites","9":"tag-agriculture","10":"tag-engrais","11":"tag-eu","12":"tag-europe","13":"tag-european-union","14":"tag-fr","15":"tag-france","16":"tag-news","17":"tag-republique-francaise","18":"tag-taxe-carbone","19":"tag-ue","20":"tag-union-europeenne"},"share_on_mastodon":{"url":"https:\/\/pubeurope.com\/@fr\/115734314058347354","error":""},"_links":{"self":[{"href":"https:\/\/www.europesays.com\/fr\/wp-json\/wp\/v2\/posts\/604937","targetHints":{"allow":["GET"]}}],"collection":[{"href":"https:\/\/www.europesays.com\/fr\/wp-json\/wp\/v2\/posts"}],"about":[{"href":"https:\/\/www.europesays.com\/fr\/wp-json\/wp\/v2\/types\/post"}],"author":[{"embeddable":true,"href":"https:\/\/www.europesays.com\/fr\/wp-json\/wp\/v2\/users\/2"}],"replies":[{"embeddable":true,"href":"https:\/\/www.europesays.com\/fr\/wp-json\/wp\/v2\/comments?post=604937"}],"version-history":[{"count":0,"href":"https:\/\/www.europesays.com\/fr\/wp-json\/wp\/v2\/posts\/604937\/revisions"}],"wp:featuredmedia":[{"embeddable":true,"href":"https:\/\/www.europesays.com\/fr\/wp-json\/wp\/v2\/media\/604938"}],"wp:attachment":[{"href":"https:\/\/www.europesays.com\/fr\/wp-json\/wp\/v2\/media?parent=604937"}],"wp:term":[{"taxonomy":"category","embeddable":true,"href":"https:\/\/www.europesays.com\/fr\/wp-json\/wp\/v2\/categories?post=604937"},{"taxonomy":"post_tag","embeddable":true,"href":"https:\/\/www.europesays.com\/fr\/wp-json\/wp\/v2\/tags?post=604937"}],"curies":[{"name":"wp","href":"https:\/\/api.w.org\/{rel}","templated":true}]}}