{"id":604953,"date":"2025-12-17T10:07:21","date_gmt":"2025-12-17T10:07:21","guid":{"rendered":"https:\/\/www.europesays.com\/fr\/604953\/"},"modified":"2025-12-17T10:07:21","modified_gmt":"2025-12-17T10:07:21","slug":"le-cycliste-varois-lenny-martinez-se-confie-avant-sa-rentree","status":"publish","type":"post","link":"https:\/\/www.europesays.com\/fr\/604953\/","title":{"rendered":"le cycliste varois Lenny Martinez se confie avant sa rentr\u00e9e"},"content":{"rendered":"<p class=\"fs-5 \">Lundi, le grimpeur varois revient pour Var-matin sur une saison 2025 dense, des succ\u00e8s marquants et l\u2019\u00e9pisode du bidon coll\u00e9 sur le Tour de France, qu\u2019il assume avec lucidit\u00e9. \u00ab Je fais parfois des erreurs mais j\u2019apprends vite \u00bb, glisse-t-il, calmement.<\/p>\n<p class=\"fs-5 \"><strong>Parmi toutes vos victoires en 2025, laquelle vous a laiss\u00e9 le sentiment le plus fort ?<\/strong><\/p>\n<p class=\"fs-5 \">Celle du Dauphin\u00e9. J\u2019\u00e9tais malade la veille, je ne l\u2019avais pas sp\u00e9cialement coch\u00e9e, et j\u2019ai senti ce jour-l\u00e0 une diff\u00e9rence \u00e9norme dans mon \u00e9tat de forme. En plus, la derni\u00e8re \u00e9tape \u00e9tait folle, donc \u00e7a rend cette victoire encore plus marquante.<\/p>\n<p class=\"fs-5 \"><strong>Quand vous regardez votre saison 2025 \u00e0 froid, sans le bruit ext\u00e9rieur, qu\u2019est-ce que vous jugez vraiment r\u00e9ussi et qu\u2019est-ce qui reste perfectible ?<\/strong><\/p>\n<p class=\"fs-5 \">J\u2019ai accompli beaucoup plus de choses que je ne l\u2019imaginais au d\u00e9part, notamment avec des victoires sur des courses par \u00e9tapes d\u2019une semaine, comme Paris-Nice, en Romandie ou sur le Dauphin\u00e9. \u00c7a peut toujours \u00eatre mieux, bien s\u00fbr, mais je suis hyper satisfait de ma saison.<\/p>\n<p class=\"fs-5 \"><strong>L\u2019\u00e9pisode du bidon coll\u00e9 a marqu\u00e9 votre saison m\u00e9diatiquement. Avec le recul, est-ce que cette pol\u00e9mique vous a appris quelque chose, sportivement ou humainement ?<\/strong><\/p>\n<p class=\"fs-5 \">Oui, \u00e7a a \u00e9t\u00e9 une grosse erreur. Honn\u00eatement, je n\u2019ai jamais voulu tricher, m\u00eame si certains le pensent. Ce n\u2019est vraiment pas le cas. Pour \u00eatre totalement franc, j\u2019ai revu les images et c\u2019est seulement il y a deux semaines que j\u2019ai r\u00e9alis\u00e9 que le bidon que j\u2019avais voulu r\u00e9cup\u00e9rer \u00e9tait celui que j\u2019avais d\u00e9j\u00e0 donn\u00e9 auparavant. \u00c0 ce moment-l\u00e0, je me suis dit : \u00ab Mais qu\u2019est-ce que j\u2019ai fait ? \u00bb Je n\u2019\u00e9tais vraiment pas lucide. Je pensais qu\u2019on me donnait un bidon neuf et j\u2019ai fait n\u2019importe quoi.<\/p>\n<p class=\"fs-5 \">Il faut faire attention : je sais qu\u2019on a le droit de prendre des bidons comme \u00e7a, mais le passage ne doit pas durer trop longtemps et il faut certaines conditions. Je ne cherche aucune excuse. Je n\u2019\u00e9tais pas lucide, j\u2019avais du mal \u00e0 suivre \u00e0 ce moment-l\u00e0 la conversation en anglais avec mes directeurs sportifs. Comme tout \u00e9tait film\u00e9, \u00e7a s\u2019est retourn\u00e9 contre moi. Je dois faire plus attention.<\/p>\n<p class=\"fs-5 \"><strong>Vous avez reconnu l\u2019erreur et vous vous \u00eates excus\u00e9, mais certains continuent d\u2019y voir une tache. Comment vit-on cela \u00e0 22 ans, quand on sent que tout peut \u00eatre surinterpr\u00e9t\u00e9 ?<\/strong><\/p>\n<p class=\"fs-5 \">Avec du recul. Beaucoup de personnes ont dit apr\u00e8s coup qu\u2019il \u00e9tait interdit de prendre un bidon directement \u00e0 la voiture, ce qui n\u2019est pas vrai. En revanche, je n\u2019aurais pas d\u00fb le tenir aussi longtemps, c\u2019\u00e9tait beaucoup trop et je le sais maintenant. Pendant la course, je ne pensais m\u00eame pas qu\u2019il y avait un probl\u00e8me. C\u2019est seulement en rentrant \u00e0 l\u2019h\u00f4tel, en ouvrant les r\u00e9seaux sociaux, que j\u2019ai compris l\u2019ampleur que \u00e7a avait pris.<\/p>\n<p class=\"fs-5 \"><strong>Est-ce que cette affaire vous a rendu plus m\u00e9fiant dans votre communication ou au contraire plus solide int\u00e9rieurement ?<\/strong><\/p>\n<p class=\"fs-5 \">Je sais que le Tour engendre ce genre de situations. On l\u2019a vu avec Bryan Coquard, accus\u00e9 d\u2019\u00eatre responsable de la chute de Jasper Philipsen dans un sprint. Il y a toujours des incidents de course et, sur le Tour, tout est amplifi\u00e9, tout devient hyper m\u00e9diatique.<\/p>\n<p class=\"fs-5 \"><strong>Chez Bahrain Victorious, quel est votre r\u00f4le \u00e0 court terme : chasseur d\u2019\u00e9tapes, leader ponctuel ou encore en construction ?<\/strong><\/p>\n<p class=\"fs-5 \">Je suis encore en construction. Ma priorit\u00e9 reste de chasser des \u00e9tapes et, si tout se passe bien, je pourrai ensuite viser un classement g\u00e9n\u00e9ral. Je suis encore en apprentissage.<\/p>\n<p class=\"fs-5 \"><strong>Depuis la fin de la saison, on vous a peu entendu m\u00e9diatiquement. Est-ce un choix personnel ou une volont\u00e9 de votre entourage de vous laisser travailler dans la discr\u00e9tion ?<\/strong><\/p>\n<p class=\"fs-5 \">Ce n\u2019est pas un choix purement personnel. Je laisse surtout mon \u00e9quipe g\u00e9rer tout \u00e7a pour que je puisse me concentrer sur le sportif. J\u2019aime bien les interviews, mais pas trop non plus, alors peut-\u00eatre qu\u2019ils ont voulu me laisser tranquille avec \u00e7a.<\/p>\n<p class=\"fs-5 \"><strong>Sans vous projeter trop loin, qu\u2019aimeriez-vous qu\u2019on dise de vous dans deux ou trois ans, au-del\u00e0 des r\u00e9sultats bruts ?<\/strong><\/p>\n<p class=\"fs-5 \">Que je sois l\u2019un des meilleurs grimpeurs du monde, capable d\u2019apporter des \u00e9motions et de faire partie des coureurs importants du peloton.<\/p>\n<p>                                                                                Reprise sur la Classic Var<\/p>\n<p class=\"fs-5 \">Au prix d\u2019une saison tortueuse, Martinez s\u2019est construit des rep\u00e8res. Et, \u00e0 l\u2019heure d\u2019effectuer sa rentr\u00e9e, il a cal\u00e9 son rythme sur celui de l\u2019an pass\u00e9, puisque \u00ab rien n\u2019a vraiment chang\u00e9 (dans sa pr\u00e9paration), si ce n\u2019est que c\u2019est peut-\u00eatre encore plus intense. On fait exactement les m\u00eames exercices, avec le m\u00eame entra\u00eeneur. C\u2019est la m\u00eame routine \u00bb, sourit-il.<\/p>\n<p class=\"fs-5 \">Gagner, gagner et encore gagner des \u00e9tapes sera encore le totem du Varois, dont le programme \u00e0 venir sera \u00e0 peu de choses pr\u00e8s identique \u00e0 ce qu\u2019il a connu l\u2019an pass\u00e9, avec une reprise plus tardive. \u00ab Je vais d\u00e9buter par la Classic Var (21 f\u00e9vrier) et le Tour des Alpes-Maritimes (22 f\u00e9vrier) puis Paris-Nice (8-15 mars), le Tour de Romandie (29 avril &#8211; 4 mai), la Fl\u00e8che Wallonne (le 23 avril) et le Tour de France (4-26 juillet), qui est le point cl\u00e9 de la saison \u00bb, d\u00e9taille-t-il.<\/p>\n<p class=\"fs-5 \">Seul changement, les belles routes du Tour de Suisse (17 au 21 juin) au menu \u00e0 la place du Dauphin\u00e9.<\/p>\n","protected":false},"excerpt":{"rendered":"Lundi, le grimpeur varois revient pour Var-matin sur une saison 2025 dense, des succ\u00e8s marquants et l\u2019\u00e9pisode du&hellip;\n","protected":false},"author":2,"featured_media":604954,"comment_status":"","ping_status":"","sticky":false,"template":"","format":"standard","meta":{"footnotes":""},"categories":[1411],"tags":[1154,207,1011,27,60],"class_list":{"0":"post-604953","1":"post","2":"type-post","3":"status-publish","4":"format-standard","5":"has-post-thumbnail","7":"category-cyclisme","8":"tag-cycling","9":"tag-cyclisme","10":"tag-fr","11":"tag-france","12":"tag-sports"},"share_on_mastodon":{"url":"https:\/\/pubeurope.com\/@fr\/115734357274249047","error":""},"_links":{"self":[{"href":"https:\/\/www.europesays.com\/fr\/wp-json\/wp\/v2\/posts\/604953","targetHints":{"allow":["GET"]}}],"collection":[{"href":"https:\/\/www.europesays.com\/fr\/wp-json\/wp\/v2\/posts"}],"about":[{"href":"https:\/\/www.europesays.com\/fr\/wp-json\/wp\/v2\/types\/post"}],"author":[{"embeddable":true,"href":"https:\/\/www.europesays.com\/fr\/wp-json\/wp\/v2\/users\/2"}],"replies":[{"embeddable":true,"href":"https:\/\/www.europesays.com\/fr\/wp-json\/wp\/v2\/comments?post=604953"}],"version-history":[{"count":0,"href":"https:\/\/www.europesays.com\/fr\/wp-json\/wp\/v2\/posts\/604953\/revisions"}],"wp:featuredmedia":[{"embeddable":true,"href":"https:\/\/www.europesays.com\/fr\/wp-json\/wp\/v2\/media\/604954"}],"wp:attachment":[{"href":"https:\/\/www.europesays.com\/fr\/wp-json\/wp\/v2\/media?parent=604953"}],"wp:term":[{"taxonomy":"category","embeddable":true,"href":"https:\/\/www.europesays.com\/fr\/wp-json\/wp\/v2\/categories?post=604953"},{"taxonomy":"post_tag","embeddable":true,"href":"https:\/\/www.europesays.com\/fr\/wp-json\/wp\/v2\/tags?post=604953"}],"curies":[{"name":"wp","href":"https:\/\/api.w.org\/{rel}","templated":true}]}}