{"id":604955,"date":"2025-12-17T10:08:15","date_gmt":"2025-12-17T10:08:15","guid":{"rendered":"https:\/\/www.europesays.com\/fr\/604955\/"},"modified":"2025-12-17T10:08:15","modified_gmt":"2025-12-17T10:08:15","slug":"lens-deja-pille-par-manchester-united","status":"publish","type":"post","link":"https:\/\/www.europesays.com\/fr\/604955\/","title":{"rendered":"Lens d\u00e9j\u00e0 pill\u00e9 par Manchester United"},"content":{"rendered":"<p><b>L&rsquo;excellente premi\u00e8re moiti\u00e9 de saison du RC Lens n&rsquo;a \u00e9chapp\u00e9 \u00e0 personne, alors que Mamadou Sangar\u00e9, arriv\u00e9 l&rsquo;\u00e9t\u00e9 dernier en provenance d&rsquo;Autriche, a tap\u00e9 dans l&rsquo;\u0153il de Manchester United.<\/b><\/p>\n<p>Qui aurait pu pr\u00e9dire que le RC Lens allait finir sa premi\u00e8re moiti\u00e9 de saison aussi haut en Ligue 1. En attendant la 17\u1d49 journ\u00e9e face \u00e0 Toulouse le 2 janvier prochain, le dernier match de la phase aller, les Sang et Or occupent la premi\u00e8re place du championnat de France et restent sur une dynamique impressionnante de 9 victoires lors des 10 derniers matchs. Cette s\u00e9rie de bons r\u00e9sultats s&rsquo;explique par un collectif rondement bien huil\u00e9 par Pierre Sage, et des prestations individuelles remarquables. Parmi les joueurs qui p\u00e8sent lourd en ce d\u00e9but de saison, on retrouve Mamadou Sangar\u00e9. Arriv\u00e9 du Rapid Vienne l&rsquo;\u00e9t\u00e9 dernier contre 8 millions d&rsquo;euros, le milieu de terrain de 23 ans est sur un nuage. A tel point qu&rsquo;il est d\u00e9j\u00e0 dans le viseur des plus gros clubs europ\u00e9ens.<\/p>\n<p><img decoding=\"async\" src=\"https:\/\/www.europesays.com\/fr\/wp-content\/uploads\/2025\/12\/37536953.png\" alt=\"M. Sangare\" class=\"w-16 h-16 object-cover rounded-full\"\/><\/p>\n<p>M. Sangare<\/p>\n<p><img decoding=\"async\" src=\"https:\/\/www.europesays.com\/fr\/wp-content\/uploads\/2025\/12\/ml.png\" alt=\"Mali\" class=\"w-6 h-4 object-cover\"\/>Mali \u2022 \u00c2ge 23 \u2022 MilieuMamadou Sangar\u00e9, l&rsquo;attraction lensoise<\/p>\n<p>Comme l&rsquo;indique TEAMtalk, Manchester United est int\u00e9ress\u00e9 \u00e0 l&rsquo;id\u00e9e de s&rsquo;offrir Mamadou Sangar\u00e9. Les Red Devils sont d\u00e9sesp\u00e9r\u00e9ment \u00e0 la recherche d&rsquo;un nouveau milieu de terrain pour renforcer un secteur qui en a cruellement besoin, \u00e0 l&rsquo;image des trous laiss\u00e9s dans l&rsquo;axe par ces derniers lors du nul spectaculaire face \u00e0 Bournemouth (4-4). La direction mancunienne a plusieurs pistes en t\u00eate, comme Adam Wharton, Carlos Baleba et Elliot Anderson, mais tous co\u00fbtent une somme d\u00e9mesur\u00e9e qui refroidit logiquement les espoirs d&rsquo;un club qui a d\u00e9pens\u00e9 225 millions d&rsquo;euros l&rsquo;\u00e9t\u00e9 dernier pour refondre son attaque.<\/p>\n<p>Pour le m\u00e9dia britannique, Mamadou Sangar\u00e9 est sans aucun doute le prochain grand talent de Ligue 1 \u00e0 s&rsquo;envoler vers la Premier League. Son profil correspond typiquement \u00e0 ce que recherchent plusieurs clubs anglais, comme Chelsea, Tottenham et West Ham. Des sources indiquent m\u00eame que les int\u00e9ress\u00e9s pourraient tenter leur chance d\u00e8s la fin de la CAN, le 18 janvier prochain, \u00e0 laquelle le Malien va participer.<\/p>\n","protected":false},"excerpt":{"rendered":"L&rsquo;excellente premi\u00e8re moiti\u00e9 de saison du RC Lens n&rsquo;a \u00e9chapp\u00e9 \u00e0 personne, alors que Mamadou Sangar\u00e9, arriv\u00e9 l&rsquo;\u00e9t\u00e9&hellip;\n","protected":false},"author":2,"featured_media":604956,"comment_status":"","ping_status":"","sticky":false,"template":"","format":"standard","meta":{"footnotes":""},"categories":[1410],"tags":[63,1011,27,4253,1434,60],"class_list":{"0":"post-604955","1":"post","2":"type-post","3":"status-publish","4":"format-standard","5":"has-post-thumbnail","7":"category-football","8":"tag-football","9":"tag-fr","10":"tag-france","11":"tag-lens","12":"tag-mercato","13":"tag-sports"},"share_on_mastodon":{"url":"https:\/\/pubeurope.com\/@fr\/115734362345145390","error":""},"_links":{"self":[{"href":"https:\/\/www.europesays.com\/fr\/wp-json\/wp\/v2\/posts\/604955","targetHints":{"allow":["GET"]}}],"collection":[{"href":"https:\/\/www.europesays.com\/fr\/wp-json\/wp\/v2\/posts"}],"about":[{"href":"https:\/\/www.europesays.com\/fr\/wp-json\/wp\/v2\/types\/post"}],"author":[{"embeddable":true,"href":"https:\/\/www.europesays.com\/fr\/wp-json\/wp\/v2\/users\/2"}],"replies":[{"embeddable":true,"href":"https:\/\/www.europesays.com\/fr\/wp-json\/wp\/v2\/comments?post=604955"}],"version-history":[{"count":0,"href":"https:\/\/www.europesays.com\/fr\/wp-json\/wp\/v2\/posts\/604955\/revisions"}],"wp:featuredmedia":[{"embeddable":true,"href":"https:\/\/www.europesays.com\/fr\/wp-json\/wp\/v2\/media\/604956"}],"wp:attachment":[{"href":"https:\/\/www.europesays.com\/fr\/wp-json\/wp\/v2\/media?parent=604955"}],"wp:term":[{"taxonomy":"category","embeddable":true,"href":"https:\/\/www.europesays.com\/fr\/wp-json\/wp\/v2\/categories?post=604955"},{"taxonomy":"post_tag","embeddable":true,"href":"https:\/\/www.europesays.com\/fr\/wp-json\/wp\/v2\/tags?post=604955"}],"curies":[{"name":"wp","href":"https:\/\/api.w.org\/{rel}","templated":true}]}}