{"id":604957,"date":"2025-12-17T10:09:25","date_gmt":"2025-12-17T10:09:25","guid":{"rendered":"https:\/\/www.europesays.com\/fr\/604957\/"},"modified":"2025-12-17T10:09:25","modified_gmt":"2025-12-17T10:09:25","slug":"matthieu-delormeau-reapparait-le-visage-tumefie-dans-tout-beau-tout-9-je-suis-bien-amoche-video","status":"publish","type":"post","link":"https:\/\/www.europesays.com\/fr\/604957\/","title":{"rendered":"Matthieu Delormeau r\u00e9appara\u00eet le visage tum\u00e9fi\u00e9 dans \u00ab\u00a0Tout beau, tout 9\u00a0\u00bb\u00a0: \u00ab\u00a0Je suis bien amoch\u00e9\u00a0\u00bb (vid\u00e9o)"},"content":{"rendered":"<p class=\"ap-StoryElement ap-StoryElement--mb ap-StoryText\">Depuis le 8 d\u00e9cembre dernier, Matthieu Delormeau n&rsquo;\u00e9tait plus apparu autour de la table de Cyril Hanouna dans \u00ab\u00a0Tout beau, tout 9\u00a0\u00bb sur W9. L&rsquo;animateur avait expliqu\u00e9 que le chroniqueur avait \u00e9t\u00e9 victime d&rsquo;un \u00ab\u00a0petit accident\u00a0\u00bb sans donner plus de d\u00e9tails.<\/p>\n<p class=\"ap-StoryElement ap-StoryElement--mb ap-StoryText\">De retour sur le plateau de l&rsquo;\u00e9mission ce lundi 15 d\u00e9cembre, Matthieu Delormeau appara\u00eet le visage tum\u00e9fi\u00e9 et raconte ce qu&rsquo;il lui est r\u00e9ellement arriv\u00e9. \u00ab\u00a0Oui, je suis bien amoch\u00e9 et dis-toi que \u00e7a fait huit jours\u00a0\u00bb, lance-t-il \u00e0 Cyril Hanouna avant d&rsquo;ajouter : \u00ab\u00a0Personne ne croit \u00e0 ce qu&rsquo;il s&rsquo;est pass\u00e9.\u00a0\u00bb<\/p>\n<p><a href=\"https:\/\/www.parismatch.be\/culture\/medias\/2025\/11\/20\/matthieu-delormeau-devoile-son-salaire-dans-lemission-de-cyril-hanouna-tout-beau-tout-neuf-tas-encore-manque-une-occasion-de-te-taire-GCKQNL32GFCDPEVCW2HTXCWTMA\/\" target=\"_self\" class=\"ap-StoryInterstitialLink ap-StoryElement ap-StoryElement--mb\" rel=\"noopener\">Matthieu Delormeau d\u00e9voile son salaire dans l&rsquo;\u00e9mission de Cyril Hanouna \u00ab\u00a0Tout beau, tout neuf\u00a0\u00bb : \u00ab\u00a0T&rsquo;as encore manqu\u00e9 une occasion de te taire\u00a0\u00bb<\/a>Qu&rsquo;est-il arriv\u00e9 \u00e0 Matthieu Delormeau ?<\/p>\n<p class=\"ap-StoryElement ap-StoryElement--mb ap-StoryText\">Il s&rsquo;explique : \u00ab\u00a0Dimanche apr\u00e8s-midi, je te la fais courte, je pars de chez moi, [\u2026] je descends l&rsquo;escalier en courant. Le dernier \u00e9tage, je ne sais pas, je marche sur mon lacet ou quoi, je d\u00e9vale tout. J&rsquo;ai le temps de me dire &lsquo;\u00c7a va \u00eatre quoi l&rsquo;arriv\u00e9e ?&rsquo; et je m&rsquo;\u00e9clate la t\u00eate sur le sol. Une douleur \u00e9norme. J&rsquo;ai juste l&rsquo;arcade qui saigne.\u00a0\u00bb<\/p>\n<p class=\"ap-StoryElement ap-StoryElement--mb ap-StoryText\">Toutefois, l&rsquo;homme ne se rend pas tout de suite compte de la gravit\u00e9 de la situation. \u00ab\u00a0Je ressors, je fais deux trois petites courses et je commence vraiment \u00e0 avoir mal au cr\u00e2ne. \u00c7a chauffe. Je rentre chez moi, au lieu d&rsquo;aller \u00e0 l&rsquo;h\u00f4pital tout \u00e7a, et je me couche. Le lendemain matin, j&rsquo;ouvre les yeux, il n&rsquo;y en a qu&rsquo;un qui s&rsquo;ouvre. [\u2026] J&rsquo;ai eu un traumatisme cr\u00e2nien assez l\u00e9ger, c&rsquo;est-\u00e0-dire que j&rsquo;ai eu des maux de t\u00eate et des vertiges toute la semaine.\u00a0\u00bb<\/p>\n<p><a href=\"https:\/\/www.parismatch.be\/culture\/medias\/2025\/09\/02\/ne-massociez-pas-a-palmade-ou-dechavanne-matthieu-delormeau-invite-surprise-de-la-premiere-de-tout-beau-tout-n9uf-IFO7RQNSG5GVRMCFF37DWPEZJU\/\" target=\"_self\" class=\"ap-StoryInterstitialLink ap-StoryElement ap-StoryElement--mb\" rel=\"noopener\">\u00ab\u00a0Ne m&rsquo;associez pas \u00e0 Palmade ou Dechavanne\u00a0\u00bb : Matthieu Delormeau, invit\u00e9 surprise de la premi\u00e8re de \u00ab\u00a0Tout beau, tout n9uf\u00a0\u00bb<\/a><\/p>\n<p class=\"ap-StoryElement ap-StoryElement--mb ap-StoryText\"><a href=\"https:\/\/www.parismatch.be\/actualites\/people\/2024\/07\/07\/matthieu-delormeau-ex-chroniqueur-de-touche-pas-a-mon-poste-a-ete-hospitalise-dans-un-etat-grave-apres-une-tentative-de-suicide-45RP7SSRERCMNFDBM5V5NJXQKY\/\" target=\"_self\" rel=\"noopener\">Matthieu Delormeau<\/a> conclut toutefois en expliquant ne pas s&rsquo;\u00eatre rendu \u00e0 l&rsquo;h\u00f4pital ni aux urgences. \u00ab\u00a0La pharmacienne m&rsquo;a dit que si je n&rsquo;avais de vomissements dans les trois jours, c&rsquo;est que mon traumatisme cr\u00e2nien est de type 1. \u00c7a veut dire que le sang a un peu coagul\u00e9 dans ton cerveau mais que \u00e7a va partir.\u00a0\u00bb<\/p>\n","protected":false},"excerpt":{"rendered":"Depuis le 8 d\u00e9cembre dernier, Matthieu Delormeau n&rsquo;\u00e9tait plus apparu autour de la table de Cyril Hanouna dans&hellip;\n","protected":false},"author":2,"featured_media":604958,"comment_status":"","ping_status":"","sticky":false,"template":"","format":"standard","meta":{"footnotes":""},"categories":[1359],"tags":[119,71680,58,59,1011,27,6833,7830,973,252,71679,550],"class_list":{"0":"post-604957","1":"post","2":"type-post","3":"status-publish","4":"format-standard","5":"has-post-thumbnail","7":"category-people","8":"tag-accident","9":"tag-delormeau","10":"tag-divertissement","11":"tag-entertainment","12":"tag-fr","13":"tag-france","14":"tag-hanouna","15":"tag-matthieu-delormeau","16":"tag-people","17":"tag-television","18":"tag-tout-beau-tout-neuf","19":"tag-tpmp"},"share_on_mastodon":{"url":"https:\/\/pubeurope.com\/@fr\/115734365046020381","error":""},"_links":{"self":[{"href":"https:\/\/www.europesays.com\/fr\/wp-json\/wp\/v2\/posts\/604957","targetHints":{"allow":["GET"]}}],"collection":[{"href":"https:\/\/www.europesays.com\/fr\/wp-json\/wp\/v2\/posts"}],"about":[{"href":"https:\/\/www.europesays.com\/fr\/wp-json\/wp\/v2\/types\/post"}],"author":[{"embeddable":true,"href":"https:\/\/www.europesays.com\/fr\/wp-json\/wp\/v2\/users\/2"}],"replies":[{"embeddable":true,"href":"https:\/\/www.europesays.com\/fr\/wp-json\/wp\/v2\/comments?post=604957"}],"version-history":[{"count":0,"href":"https:\/\/www.europesays.com\/fr\/wp-json\/wp\/v2\/posts\/604957\/revisions"}],"wp:featuredmedia":[{"embeddable":true,"href":"https:\/\/www.europesays.com\/fr\/wp-json\/wp\/v2\/media\/604958"}],"wp:attachment":[{"href":"https:\/\/www.europesays.com\/fr\/wp-json\/wp\/v2\/media?parent=604957"}],"wp:term":[{"taxonomy":"category","embeddable":true,"href":"https:\/\/www.europesays.com\/fr\/wp-json\/wp\/v2\/categories?post=604957"},{"taxonomy":"post_tag","embeddable":true,"href":"https:\/\/www.europesays.com\/fr\/wp-json\/wp\/v2\/tags?post=604957"}],"curies":[{"name":"wp","href":"https:\/\/api.w.org\/{rel}","templated":true}]}}