{"id":604959,"date":"2025-12-17T10:10:12","date_gmt":"2025-12-17T10:10:12","guid":{"rendered":"https:\/\/www.europesays.com\/fr\/604959\/"},"modified":"2025-12-17T10:10:12","modified_gmt":"2025-12-17T10:10:12","slug":"pour-feter-son-1er-anniversaire-la-galerie-la-ligne-rouge-de-vic-fezensac-propose-une-nouvelle-exposition","status":"publish","type":"post","link":"https:\/\/www.europesays.com\/fr\/604959\/","title":{"rendered":"Pour f\u00eater son 1er anniversaire, la galerie La Ligne Rouge de Vic-Fezensac propose une nouvelle exposition"},"content":{"rendered":"<p>\n                                                                    l&rsquo;essentiel<br \/>\n                                                                Pour son 1er anniversaire, la galerie La Ligne Rouge \u00e0 Vic-Fezensac expose les sculptures de B\u00e9atrice Fernando et de Daniel Schaerer, elle rend aussi hommage \u00e0 l\u2019artiste disparu Rein Bril.\n                            <\/p>\n<p>Nathalie Lacasta a inaugur\u00e9 sa galerie d\u2019art La Ligne Rouge en d\u00e9cembre 2024. Graphiste engag\u00e9e dans les domaines culturel et artistique, elle souhaite aujourd\u2019hui c\u00e9l\u00e9brer la premi\u00e8re ann\u00e9e d\u2019ouverture de ce lieu. Une occasion id\u00e9ale pour pr\u00e9senter une toute nouvelle exposition. <\/p>\n<p>A cette occasion, la galerie accueille la sculptrice B\u00e9atrice Fernando, dont les \u0153uvres seront visibles jusqu\u2019\u00e0 la fin du mois de mars. Nathalie Lacasta \u00e9voque leur collaboration : \u00ab\u00a0Elle est aussi celle qui est, avec moi, l\u2019auteure du projet de la Ligne Rouge. Elle m\u2019a apport\u00e9 deux grandes sculptures et m\u2019avait laiss\u00e9 la g\u00e9ante, intitul\u00e9e \u00ab\u00a0La Gardienne de la galerie\u00a0\u00bb. L\u2019exposition rend \u00e9galement hommage \u00e0 Rein Bril, artiste disparu en 2015, dont les \u0153uvres continuent d\u2019\u00eatre expos\u00e9es gr\u00e2ce \u00e0 l\u2019engagement de son \u00e9pouse. Son travail se distingue par une sinc\u00e9rit\u00e9 \u00e9vidente et un trait \u00e0 la fois s\u00fbr et ma\u00eetris\u00e9. Rein Bril explore la fronti\u00e8re entre peinture abstraite et peinture figurative, renouvelant la probl\u00e9matique de la figure telle que l\u2019abordait Bram Van Velde. Le regard du visiteur, attentif et curieux, est invit\u00e9 \u00e0 d\u00e9celer, dans l\u2019entrelacs des graphismes, des corps d\u00e9nud\u00e9s, des mandorles ou triangles suggestifs, ainsi que des couleurs r\u00e9v\u00e9lant la pr\u00e9sence de la chair\u00a0\u00bb.<\/p>\n<p>Et aussi des sculptures<\/p>\n<p>Daniel Schaerer pr\u00e9sente quant \u00e0 lui ses sculptures. Il travaille exclusivement avec des mat\u00e9riaux de r\u00e9cup\u00e9ration, dans un format toujours identique, et ne cr\u00e9e que des visages, enferm\u00e9s dans des cadres. A l\u2019image des forgerons qui \u0153uvraient autour de son p\u00e8re artisan, Daniel Schaerer s\u2019inscrit dans une tradition du geste et de la mati\u00e8re : \u00ab\u00a0C\u2019est ma mani\u00e8re \u00e0 moi de m\u2019inscrire dans le monde. J\u2019\u00e9tais enseignant en primaire et je travaillais beaucoup en arts plastiques. Je me suis nourri des \u00e9changes que j\u2019ai eus avec les enfants, ce qui donne ce c\u00f4t\u00e9 un peu enfantin \u00e0 mes sculptures\u00a0\u00bb.<\/p>\n<p>Pour c\u00e9l\u00e9brer cet anniversaire, Nathalie Lacasta pr\u00e9voit un d\u00e9jeuner r\u00e9unissant l\u2019ensemble des artistes dimanche 21 d\u00e9cembre. La galerie sera exceptionnellement ouverte ce jour-l\u00e0 de 10 heures \u00e0 13 heures. A voir jusqu\u2019\u00e0 fin mars.<\/p>\n","protected":false},"excerpt":{"rendered":"l&rsquo;essentiel Pour son 1er anniversaire, la galerie La Ligne Rouge \u00e0 Vic-Fezensac expose les sculptures de B\u00e9atrice Fernando&hellip;\n","protected":false},"author":2,"featured_media":604960,"comment_status":"","ping_status":"","sticky":false,"template":"","format":"standard","meta":{"footnotes":""},"categories":[1358],"tags":[1348,1384,1385,872,1386,58,59,1349,1011,27,11328,70933],"class_list":{"0":"post-604959","1":"post","2":"type-post","3":"status-publish","4":"format-standard","5":"has-post-thumbnail","7":"category-arts-et-design","8":"tag-arts","9":"tag-arts-and-design","10":"tag-arts-et-design","11":"tag-culture-et-loisirs","12":"tag-design","13":"tag-divertissement","14":"tag-entertainment","15":"tag-expositions","16":"tag-fr","17":"tag-france","18":"tag-gers","19":"tag-vicfezensac"},"share_on_mastodon":{"url":"https:\/\/pubeurope.com\/@fr\/115734368948974110","error":""},"_links":{"self":[{"href":"https:\/\/www.europesays.com\/fr\/wp-json\/wp\/v2\/posts\/604959","targetHints":{"allow":["GET"]}}],"collection":[{"href":"https:\/\/www.europesays.com\/fr\/wp-json\/wp\/v2\/posts"}],"about":[{"href":"https:\/\/www.europesays.com\/fr\/wp-json\/wp\/v2\/types\/post"}],"author":[{"embeddable":true,"href":"https:\/\/www.europesays.com\/fr\/wp-json\/wp\/v2\/users\/2"}],"replies":[{"embeddable":true,"href":"https:\/\/www.europesays.com\/fr\/wp-json\/wp\/v2\/comments?post=604959"}],"version-history":[{"count":0,"href":"https:\/\/www.europesays.com\/fr\/wp-json\/wp\/v2\/posts\/604959\/revisions"}],"wp:featuredmedia":[{"embeddable":true,"href":"https:\/\/www.europesays.com\/fr\/wp-json\/wp\/v2\/media\/604960"}],"wp:attachment":[{"href":"https:\/\/www.europesays.com\/fr\/wp-json\/wp\/v2\/media?parent=604959"}],"wp:term":[{"taxonomy":"category","embeddable":true,"href":"https:\/\/www.europesays.com\/fr\/wp-json\/wp\/v2\/categories?post=604959"},{"taxonomy":"post_tag","embeddable":true,"href":"https:\/\/www.europesays.com\/fr\/wp-json\/wp\/v2\/tags?post=604959"}],"curies":[{"name":"wp","href":"https:\/\/api.w.org\/{rel}","templated":true}]}}