{"id":604967,"date":"2025-12-17T10:15:13","date_gmt":"2025-12-17T10:15:13","guid":{"rendered":"https:\/\/www.europesays.com\/fr\/604967\/"},"modified":"2025-12-17T10:15:13","modified_gmt":"2025-12-17T10:15:13","slug":"symptomes-transmission-vaccin-ce-quil-faut-savoir-sur-le-variant-k-de-la-super-grippe-qui-se-propage-en-france","status":"publish","type":"post","link":"https:\/\/www.europesays.com\/fr\/604967\/","title":{"rendered":"Sympt\u00f4mes, transmission, vaccin\u2026 ce qu&rsquo;il faut savoir sur le variant K de la \u00ab super grippe \u00bb qui se propage en France"},"content":{"rendered":"<p>Super grippe variant K : ce qu\u2019on sait d\u00e9j\u00e0 en France<\/p>\n<p>Elle s\u2019invite plus t\u00f4t que pr\u00e9vu et bouscule les h\u00f4pitaux<br \/>\nbritanniques. Qualifi\u00e9e de <strong>super grippe<\/strong> par le<br \/>\nNHS, l\u2019\u00e9pid\u00e9mie port\u00e9e par le <strong>variant K<\/strong> du virus<br \/>\nA(H3N2) s\u2019est traduite par un bond de 55 % des cas hospitaliers en<br \/>\nune semaine au Royaume-Uni, avec en moyenne 2 660 patients par<br \/>\njour. \u00ab\u00a0Cette vague sans pr\u00e9c\u00e9dent de super grippe place le NHS dans<br \/>\nla pire situation possible pour cette p\u00e9riode de l\u2019ann\u00e9e\u00a0\u00bb, a alert\u00e9<br \/>\nMeghana Pandit, directrice m\u00e9dicale nationale du NHS, selon La<br \/>\nD\u00e9p\u00eache. Le ministre de la Sant\u00e9, Wes Streeting, \u00e9voque un \u00ab\u00a0d\u00e9fi<br \/>\nin\u00e9dit depuis la pand\u00e9mie de Covid-19\u00a0\u00bb, selon La D\u00e9p\u00eache.<\/p>\n<p>La France est entr\u00e9e en phase \u00e9pid\u00e9mique d\u00e9but d\u00e9cembre, plus<br \/>\nt\u00f4t qu\u2019\u00e0 l\u2019accoutum\u00e9e selon <strong>Sant\u00e9 publique France<\/strong>.<br \/>\nLa question se pose d\u00e9sormais tr\u00e8s concr\u00e8tement pour chacun.<\/p>\n<p>Sympt\u00f4mes, transmission et chiffres cl\u00e9s du sous-clade K<\/p>\n<p>Le <strong>sous-clade K<\/strong> du virus de <strong>grippe<br \/>\nA(H3N2)<\/strong> se distingue par des mutations de l\u2019h\u00e9magglutinine<br \/>\nqui facilitent l\u2019entr\u00e9e du virus dans les cellules respiratoires.<br \/>\nEn France, il repr\u00e9sente pr\u00e8s de 70 % des H3N2 s\u00e9quenc\u00e9s d\u00e9but<br \/>\nd\u00e9cembre. \u00ab\u00a0Ce qu\u2019il faut noter cette ann\u00e9e, c\u2019est un d\u00e9marrage<br \/>\npr\u00e9coce, avec deux \u00e0 trois semaines d\u2019avance par rapport aux<br \/>\nsaisons pr\u00e9c\u00e9dentes\u00a0\u00bb, souligne Antonin Bal, directeur adjoint du<br \/>\nCNR des virus respiratoires \u00e0 Lyon, selon La D\u00e9p\u00eache. Le taux de<br \/>\npositivit\u00e9 atteint 22 %, avec une circulation d\u2019abord marqu\u00e9e chez<br \/>\nles plus jeunes\u202f: 41 % chez les 5-18 ans et autour de 30 % chez les<br \/>\n0-5 ans.<\/p>\n<p>C\u00f4t\u00e9 <strong>sympt\u00f4mes<\/strong>, les tableaux cliniques restent<br \/>\nclassiques\u202f: fi\u00e8vre \u00e9lev\u00e9e, fatigue intense, toux et courbatures.<br \/>\n\u00ab\u00a0Pour l\u2019instant, nous n\u2019avons pas d\u2019information indiquant que les<br \/>\nsympt\u00f4mes soient diff\u00e9rents\u00a0\u00bb, pr\u00e9cise Antonin Bal. Les virus<br \/>\nA(H3N2) sont r\u00e9put\u00e9s g\u00e9n\u00e9rer un peu plus de formes s\u00e9v\u00e8res que<br \/>\nH1N1, ce qui incite \u00e0 renforcer la vigilance chez les personnes<br \/>\nfragiles.<\/p>\n<p>Vaccin contre la grippe 2025-2026 : utilit\u00e9 face au variant<br \/>\nK<\/p>\n<p>La souche vaccinale a \u00e9t\u00e9 arr\u00eat\u00e9e avant la mont\u00e9e du<br \/>\n<strong>variant K<\/strong>, avec un l\u00e9ger d\u00e9calage antig\u00e9nique. \u00ab\u00a0On<br \/>\na aujourd\u2019hui parmi les souches H3N2 qui circulent un virus le<br \/>\nsous-clade K qui est un tout petit peu diff\u00e9rent du virus de la<br \/>\nsouche qui a \u00e9t\u00e9 choisie dans le vaccin, donc on peut avoir une<br \/>\npetite variation d\u2019efficacit\u00e9 vaccinale mais c\u2019est ce qui est<br \/>\nobserv\u00e9 chaque ann\u00e9e\u00a0\u00bb, ajoute Maud Bouscambert Duchamp, virologue<br \/>\nau Centre national de r\u00e9f\u00e9rence sur la grippe, \u00e0 Lyon, selon Sud<br \/>\nOuest.<\/p>\n<p>Les premi\u00e8res donn\u00e9es, notamment britanniques, indiquent une<br \/>\nprotection contre les formes graves maintenue\u202f: 70 \u00e0 75 % chez les<br \/>\nenfants et adolescents, et 30 \u00e0 40 % chez les adultes. \u00ab\u00a0Le<br \/>\n<strong>vaccin<\/strong> continue d\u2019offrir une protection contre les<br \/>\nhospitalisations\u00a0\u00bb, insiste l\u2019<strong>OMS<\/strong>, selon La<br \/>\nD\u00e9p\u00eache. Le message des autorit\u00e9s reste clair\u202f: poursuivre la<br \/>\ncampagne, surtout pour les seniors, femmes enceintes, personnes<br \/>\nimmunod\u00e9prim\u00e9es et malades chroniques.<\/p>\n<p>Faut-il changer nos gestes face \u00e0 la<br \/>\nsuper grippe K ?<\/p>\n<p>La <strong>transmission<\/strong> appara\u00eet renforc\u00e9e. \u00ab\u00a0Une<br \/>\npersonne contaminerait potentiellement quatre personnes alors que<br \/>\nd\u2019habitude une personne contamine entre deux et trois personnes\u00a0\u00bb,<br \/>\nexplique le docteur Thierry Prazuck, chef du service des maladies<br \/>\ninfectieuses du CHU d\u2019Orl\u00e9ans, selon Sud Ouest. Les signaux de<br \/>\ngravit\u00e9 restent mesur\u00e9s\u202f: \u00ab\u00a0les donn\u00e9es \u00e9pid\u00e9miologiques actuelles<br \/>\nn\u2019indiquent pas d\u2019augmentation de la gravit\u00e9 de la maladie\u00a0\u00bb, a<br \/>\nindiqu\u00e9 l\u2019OMS. Mais un virus plus contagieux peut m\u00e9caniquement<br \/>\nmener \u00e0 davantage d\u2019hospitalisations, surtout quand<br \/>\n<strong>sous-clade K<\/strong> devient majoritaire.<\/p>\n<p>Les autorit\u00e9s sanitaires rappellent des mesures simples et<br \/>\nefficaces\u202f: vaccination, port du masque en cas de sympt\u00f4mes,<br \/>\na\u00e9ration des lieux clos, protection renforc\u00e9e des personnes<br \/>\nfragiles. En toile de fond, l\u2019h\u00f4pital voit d\u00e9j\u00e0 monter la<br \/>\npression\u202f; l\u2019exemple de l\u2019hospitalisation de Fran\u00e7ois Bayrou, le 15<br \/>\nd\u00e9cembre \u00e0 Pau, pour une grippe s\u00e9v\u00e8re, l\u2019illustre. Une circulation<br \/>\nplus pr\u00e9coce, plus diffuse, et une protection vaccinale utile<br \/>\ncontre les formes graves\u202f: le triptyque \u00e0 garder en t\u00eate cet<br \/>\nhiver.<\/p>\n","protected":false},"excerpt":{"rendered":"Super grippe variant K : ce qu\u2019on sait d\u00e9j\u00e0 en France Elle s\u2019invite plus t\u00f4t que pr\u00e9vu et&hellip;\n","protected":false},"author":2,"featured_media":604968,"comment_status":"","ping_status":"","sticky":false,"template":"","format":"standard","meta":{"footnotes":""},"categories":[10],"tags":[930,17488,1805,3026,8290,1011,27,29786,72,71087,4743,71682,18017,3583,71,12634,16283,39035,3356,29765,19420,773,24504],"class_list":{"0":"post-604967","1":"post","2":"type-post","3":"status-publish","4":"format-standard","5":"has-post-thumbnail","7":"category-sante","8":"tag-le","9":"tag-ce","10":"tag-de","11":"tag-en","12":"tag-faut","13":"tag-fr","14":"tag-france","15":"tag-grippe","16":"tag-health","17":"tag-k","18":"tag-la","19":"tag-propage","20":"tag-quil","21":"tag-qui","22":"tag-sante","23":"tag-savoir","24":"tag-se","25":"tag-super","26":"tag-sur","27":"tag-symptomes","28":"tag-transmission","29":"tag-vaccin","30":"tag-variant"},"share_on_mastodon":{"url":"https:\/\/pubeurope.com\/@fr\/115734388792088719","error":""},"_links":{"self":[{"href":"https:\/\/www.europesays.com\/fr\/wp-json\/wp\/v2\/posts\/604967","targetHints":{"allow":["GET"]}}],"collection":[{"href":"https:\/\/www.europesays.com\/fr\/wp-json\/wp\/v2\/posts"}],"about":[{"href":"https:\/\/www.europesays.com\/fr\/wp-json\/wp\/v2\/types\/post"}],"author":[{"embeddable":true,"href":"https:\/\/www.europesays.com\/fr\/wp-json\/wp\/v2\/users\/2"}],"replies":[{"embeddable":true,"href":"https:\/\/www.europesays.com\/fr\/wp-json\/wp\/v2\/comments?post=604967"}],"version-history":[{"count":0,"href":"https:\/\/www.europesays.com\/fr\/wp-json\/wp\/v2\/posts\/604967\/revisions"}],"wp:featuredmedia":[{"embeddable":true,"href":"https:\/\/www.europesays.com\/fr\/wp-json\/wp\/v2\/media\/604968"}],"wp:attachment":[{"href":"https:\/\/www.europesays.com\/fr\/wp-json\/wp\/v2\/media?parent=604967"}],"wp:term":[{"taxonomy":"category","embeddable":true,"href":"https:\/\/www.europesays.com\/fr\/wp-json\/wp\/v2\/categories?post=604967"},{"taxonomy":"post_tag","embeddable":true,"href":"https:\/\/www.europesays.com\/fr\/wp-json\/wp\/v2\/tags?post=604967"}],"curies":[{"name":"wp","href":"https:\/\/api.w.org\/{rel}","templated":true}]}}