{"id":604977,"date":"2025-12-17T10:20:22","date_gmt":"2025-12-17T10:20:22","guid":{"rendered":"https:\/\/www.europesays.com\/fr\/604977\/"},"modified":"2025-12-17T10:20:22","modified_gmt":"2025-12-17T10:20:22","slug":"pres-de-cinq-ans-apres-le-brexit-le-royaume-uni-devrait-annoncer-son-retour-dans-le-programme-erasmus-en-2027","status":"publish","type":"post","link":"https:\/\/www.europesays.com\/fr\/604977\/","title":{"rendered":"Pr\u00e8s de cinq ans apr\u00e8s le Brexit, le Royaume-Uni devrait annoncer son retour dans le programme Erasmus en 2027"},"content":{"rendered":"<p>            \u00c9vacuer les ranc\u0153urs du Brexit<\/p>\n<p>Londres pourrait faire cette annonce d\u2019un retour dans Erasmus d\u00e8s mercredi &#8211; dans le cadre du nouveau d\u00e9part (\u00ab\u00a0reset\u00a0\u00bb) avec l&rsquo;Union europ\u00e9enne r\u00e9guli\u00e8rement \u00e9voqu\u00e9 par le Premier ministre travailliste Keir Starmer, afin d\u2019\u00e9vacuer les ranc\u0153urs du Brexit -, <a href=\"https:\/\/www.theguardian.com\/world\/2025\/dec\/16\/uk-to-rejoin-eu-erasmus-student-exchange-programme\" target=\"_blank\" rel=\"nofollow noopener\">selon The Times, The Guardian et la BBC<\/a>.<\/p>\n<p>Un accord pass\u00e9 avec Bruxelles ouvrirait la voie \u00e0 la participation des \u00e9tudiants britanniques au programme \u00e0 partir de janvier 2027, selon ces m\u00e9dias.<\/p>\n<p>Le Royaume-Uni a quitt\u00e9 Erasmus, auquel il participait depuis 1987, lorsqu\u2019il est sorti de l\u2019UE d\u00e9but 2021. Cette d\u00e9cision avait suscit\u00e9 la consternation chez les \u00e9tudiants et les acteurs de l\u2019enseignement sup\u00e9rieur au Royaume-Uni.<\/p>\n","protected":false},"excerpt":{"rendered":"\u00c9vacuer les ranc\u0153urs du Brexit Londres pourrait faire cette annonce d\u2019un retour dans Erasmus d\u00e8s mercredi &#8211; dans&hellip;\n","protected":false},"author":2,"featured_media":604978,"comment_status":"","ping_status":"","sticky":false,"template":"","format":"standard","meta":{"footnotes":""},"categories":[5],"tags":[11,1011,27,14,12,28],"class_list":{"0":"post-604977","1":"post","2":"type-post","3":"status-publish","4":"format-standard","5":"has-post-thumbnail","7":"category-international","8":"tag-actualites","9":"tag-fr","10":"tag-france","11":"tag-international","12":"tag-news","13":"tag-world"},"share_on_mastodon":{"url":"https:\/\/pubeurope.com\/@fr\/115734408471203270","error":""},"_links":{"self":[{"href":"https:\/\/www.europesays.com\/fr\/wp-json\/wp\/v2\/posts\/604977","targetHints":{"allow":["GET"]}}],"collection":[{"href":"https:\/\/www.europesays.com\/fr\/wp-json\/wp\/v2\/posts"}],"about":[{"href":"https:\/\/www.europesays.com\/fr\/wp-json\/wp\/v2\/types\/post"}],"author":[{"embeddable":true,"href":"https:\/\/www.europesays.com\/fr\/wp-json\/wp\/v2\/users\/2"}],"replies":[{"embeddable":true,"href":"https:\/\/www.europesays.com\/fr\/wp-json\/wp\/v2\/comments?post=604977"}],"version-history":[{"count":0,"href":"https:\/\/www.europesays.com\/fr\/wp-json\/wp\/v2\/posts\/604977\/revisions"}],"wp:featuredmedia":[{"embeddable":true,"href":"https:\/\/www.europesays.com\/fr\/wp-json\/wp\/v2\/media\/604978"}],"wp:attachment":[{"href":"https:\/\/www.europesays.com\/fr\/wp-json\/wp\/v2\/media?parent=604977"}],"wp:term":[{"taxonomy":"category","embeddable":true,"href":"https:\/\/www.europesays.com\/fr\/wp-json\/wp\/v2\/categories?post=604977"},{"taxonomy":"post_tag","embeddable":true,"href":"https:\/\/www.europesays.com\/fr\/wp-json\/wp\/v2\/tags?post=604977"}],"curies":[{"name":"wp","href":"https:\/\/api.w.org\/{rel}","templated":true}]}}