{"id":60498,"date":"2025-04-29T00:06:14","date_gmt":"2025-04-29T00:06:14","guid":{"rendered":"https:\/\/www.europesays.com\/fr\/60498\/"},"modified":"2025-04-29T00:06:14","modified_gmt":"2025-04-29T00:06:14","slug":"les-feux-de-lamour-resume-de-lepisode-du-28-avril-2025-rtbf-les-resumes","status":"publish","type":"post","link":"https:\/\/www.europesays.com\/fr\/60498\/","title":{"rendered":"Les Feux de l&rsquo;Amour: R\u00e9sum\u00e9 de l&rsquo;\u00e9pisode du 28 avril 2025 (Rtbf) | Les r\u00e9sum\u00e9s"},"content":{"rendered":"<p>Lorsqu&rsquo;elle arrive au Ranch, <a href=\"https:\/\/www.soap-passion.com\/les-feux-de-l-amour\/personnage\/66-phyllis.html\" target=\"_blank\" rel=\"noopener\">Phyllis<\/a> apprend \u00e0 <a href=\"https:\/\/www.soap-passion.com\/les-feux-de-l-amour\/personnage\/2-nikki.html\" target=\"_blank\" rel=\"noopener\">Nikki<\/a> ce qu&rsquo;elle a vu chez Jabot&#8230; <a href=\"https:\/\/www.soap-passion.com\/les-feux-de-l-amour\/personnage\/55-diane.html\" target=\"_blank\" rel=\"noopener\">Diane<\/a> \u00e9tait en train de pleurer dans le bureau de <a href=\"https:\/\/www.soap-passion.com\/les-feux-de-l-amour\/personnage\/33-jack.html\" target=\"_blank\" rel=\"noopener\">Jack<\/a>. Elle ne sait pas de quoi il \u00e9tait vraiment question, mais \u00e7a avait l&rsquo;air plut\u00f4t grave&#8230;<\/p>\n<p>\u00c0 la r\u00e9sidence Abbott, <a href=\"https:\/\/www.soap-passion.com\/les-feux-de-l-amour\/personnage\/33-jack.html\" target=\"_blank\" rel=\"noopener\">Jack<\/a> est en train de repenser aux confessions de <a href=\"https:\/\/www.soap-passion.com\/les-feux-de-l-amour\/personnage\/55-diane.html\" target=\"_blank\" rel=\"noopener\">Diane<\/a>. Quand <a href=\"https:\/\/www.soap-passion.com\/les-feux-de-l-amour\/personnage\/31-ashley.html\" target=\"_blank\" rel=\"noopener\">Ashley<\/a> le retrouve dans le s\u00e9jour, elle remarque que son fr\u00e8re ne va pas tr\u00e8s bien, et lui demande ce qu&rsquo;il a. <a href=\"https:\/\/www.soap-passion.com\/les-feux-de-l-amour\/personnage\/33-jack.html\" target=\"_blank\" rel=\"noopener\">Jack<\/a> lui dit que elle et <a href=\"https:\/\/www.soap-passion.com\/les-feux-de-l-amour\/personnage\/2-nikki.html\" target=\"_blank\" rel=\"noopener\">Nikki<\/a> avaient raison au sujet de <a href=\"https:\/\/www.soap-passion.com\/les-feux-de-l-amour\/personnage\/55-diane.html\" target=\"_blank\" rel=\"noopener\">Diane<\/a>.<\/p>\n<p>Au N\u00e9on \u00c9carlate, <a href=\"https:\/\/www.soap-passion.com\/les-feux-de-l-amour\/personnage\/869-tucker.html\" target=\"_blank\" rel=\"noopener\">Tucker<\/a> croise <a href=\"https:\/\/www.soap-passion.com\/les-feux-de-l-amour\/personnage\/55-diane.html\" target=\"_blank\" rel=\"noopener\">Diane<\/a> et remarque comme elle semble contrari\u00e9e. Il lui demande de ses nouvelles, et si elle aimerait qu&rsquo;ils aillent ailleurs pour en discuter&#8230; Mais en fait, la derni\u00e8re chose dont &#8230;<\/p>\n<p>    R\u00e9serv\u00e9 aux abonn\u00e9s !<br \/>\n    &#8230; Il vous reste 93% de ce texte \u00e0 lire.<br \/>\n    <br \/>Soutenez Soap-Passion,  <a href=\"https:\/\/www.soap-passion.com\/login\" target=\"_blank\" rel=\"noopener\">abonnez-vous<\/a> pour lire la suite !<\/p>\n<p class=\"text-center fst-italic m-5 pb-5\">Retrouvez chaque jour en Belgique, un nouvel \u00e9pisode de <b>\u00ab\u00a0Les Feux de l&rsquo;Amour\u00a0\u00bb<\/b> \u00e0 11:55 sur la cha\u00eene RTBF<\/p>\n<p>\u00a9 Soap-Passion.com &#8211; Reproduction compl\u00e8te ou partielle interdite <\/p>\n","protected":false},"excerpt":{"rendered":"Lorsqu&rsquo;elle arrive au Ranch, Phyllis apprend \u00e0 Nikki ce qu&rsquo;elle a vu chez Jabot&#8230; Diane \u00e9tait en train&hellip;\n","protected":false},"author":2,"featured_media":60499,"comment_status":"","ping_status":"","sticky":false,"template":"","format":"standard","meta":{"footnotes":""},"categories":[1356],"tags":[58,59,1011,27,1375,252,1364],"class_list":{"0":"post-60498","1":"post","2":"type-post","3":"status-publish","4":"format-standard","5":"has-post-thumbnail","7":"category-television","8":"tag-divertissement","9":"tag-entertainment","10":"tag-fr","11":"tag-france","12":"tag-les-feux-de-l","13":"tag-television","14":"tag-tv"},"share_on_mastodon":{"url":"https:\/\/pubeurope.com\/@fr\/114418337997466408","error":""},"_links":{"self":[{"href":"https:\/\/www.europesays.com\/fr\/wp-json\/wp\/v2\/posts\/60498","targetHints":{"allow":["GET"]}}],"collection":[{"href":"https:\/\/www.europesays.com\/fr\/wp-json\/wp\/v2\/posts"}],"about":[{"href":"https:\/\/www.europesays.com\/fr\/wp-json\/wp\/v2\/types\/post"}],"author":[{"embeddable":true,"href":"https:\/\/www.europesays.com\/fr\/wp-json\/wp\/v2\/users\/2"}],"replies":[{"embeddable":true,"href":"https:\/\/www.europesays.com\/fr\/wp-json\/wp\/v2\/comments?post=60498"}],"version-history":[{"count":0,"href":"https:\/\/www.europesays.com\/fr\/wp-json\/wp\/v2\/posts\/60498\/revisions"}],"wp:featuredmedia":[{"embeddable":true,"href":"https:\/\/www.europesays.com\/fr\/wp-json\/wp\/v2\/media\/60499"}],"wp:attachment":[{"href":"https:\/\/www.europesays.com\/fr\/wp-json\/wp\/v2\/media?parent=60498"}],"wp:term":[{"taxonomy":"category","embeddable":true,"href":"https:\/\/www.europesays.com\/fr\/wp-json\/wp\/v2\/categories?post=60498"},{"taxonomy":"post_tag","embeddable":true,"href":"https:\/\/www.europesays.com\/fr\/wp-json\/wp\/v2\/tags?post=60498"}],"curies":[{"name":"wp","href":"https:\/\/api.w.org\/{rel}","templated":true}]}}