{"id":604985,"date":"2025-12-17T10:25:20","date_gmt":"2025-12-17T10:25:20","guid":{"rendered":"https:\/\/www.europesays.com\/fr\/604985\/"},"modified":"2025-12-17T10:25:20","modified_gmt":"2025-12-17T10:25:20","slug":"entre-salons-declares-et-tatouages-a-domicile-les-risques-dune-pratique-trop-peu-encadree","status":"publish","type":"post","link":"https:\/\/www.europesays.com\/fr\/604985\/","title":{"rendered":"entre salons d\u00e9clar\u00e9s et tatouages \u00e0 domicile, les risques d\u2019une pratique trop peu encadr\u00e9e"},"content":{"rendered":"<p>\u00c0 27 ans, Morgan* compte cinq tatouages. Habitu\u00e9 des salons, il pensait en ma\u00eetriser les r\u00e8gles \u00e9l\u00e9mentaires\u00a0: \u00ab\u00a0Je fais toujours attention \u00e0 ce que tout soit d\u00e9clar\u00e9, que le mat\u00e9riel soit st\u00e9rile.\u00a0\u00bb<\/p>\n<p>Cette fois-l\u00e0, il pousse la porte d\u2019un salon \u00e0 Nancy. En apparence, rien d\u2019anormal\u00a0: un cadre pro, une formation hygi\u00e8ne valid\u00e9e. Pourtant, quelques jours plus tard, le verdict tombe. \u00ab\u00a0Mon bras a doubl\u00e9 de volume.\u00a0\u00bb Une infection importante.<\/p>\n<p>Un dipl\u00f4me facultatif<\/p>\n<p>En France, pour exercer comme tatoueur, une seule obligation l\u00e9gale\u00a0: suivre une formation aux r\u00e8gles d\u2019hygi\u00e8ne et de salubrit\u00e9.<\/p>\n<p>Il existe bien un dipl\u00f4me d\u2019artiste tatoueur, mais il est&#8230;<\/p>\n","protected":false},"excerpt":{"rendered":"\u00c0 27 ans, Morgan* compte cinq tatouages. Habitu\u00e9 des salons, il pensait en ma\u00eetriser les r\u00e8gles \u00e9l\u00e9mentaires\u00a0: \u00ab\u00a0Je&hellip;\n","protected":false},"author":2,"featured_media":604986,"comment_status":"","ping_status":"","sticky":false,"template":"","format":"standard","meta":{"footnotes":""},"categories":[9635],"tags":[1111,11,4406,33,1707,1704,1706,1705,1777,674,1011,27,775,3457,1702,12,25,104],"class_list":{"0":"post-604985","1":"post","2":"type-post","3":"status-publish","4":"format-standard","5":"has-post-thumbnail","7":"category-nancy","8":"tag-actu","9":"tag-actualites","10":"tag-commerce-et-services","11":"tag-economie","12":"tag-edition-luneville","13":"tag-edition-nancy-et-agglomeration","14":"tag-edition-pont-a-mousson","15":"tag-edition-toul","16":"tag-eu","17":"tag-europe","18":"tag-fr","19":"tag-france","20":"tag-grand-est","21":"tag-meurthe-et-moselle","22":"tag-nancy","23":"tag-news","24":"tag-republique-francaise","25":"tag-societe"},"share_on_mastodon":{"url":"https:\/\/pubeurope.com\/@fr\/115734428027888098","error":""},"_links":{"self":[{"href":"https:\/\/www.europesays.com\/fr\/wp-json\/wp\/v2\/posts\/604985","targetHints":{"allow":["GET"]}}],"collection":[{"href":"https:\/\/www.europesays.com\/fr\/wp-json\/wp\/v2\/posts"}],"about":[{"href":"https:\/\/www.europesays.com\/fr\/wp-json\/wp\/v2\/types\/post"}],"author":[{"embeddable":true,"href":"https:\/\/www.europesays.com\/fr\/wp-json\/wp\/v2\/users\/2"}],"replies":[{"embeddable":true,"href":"https:\/\/www.europesays.com\/fr\/wp-json\/wp\/v2\/comments?post=604985"}],"version-history":[{"count":0,"href":"https:\/\/www.europesays.com\/fr\/wp-json\/wp\/v2\/posts\/604985\/revisions"}],"wp:featuredmedia":[{"embeddable":true,"href":"https:\/\/www.europesays.com\/fr\/wp-json\/wp\/v2\/media\/604986"}],"wp:attachment":[{"href":"https:\/\/www.europesays.com\/fr\/wp-json\/wp\/v2\/media?parent=604985"}],"wp:term":[{"taxonomy":"category","embeddable":true,"href":"https:\/\/www.europesays.com\/fr\/wp-json\/wp\/v2\/categories?post=604985"},{"taxonomy":"post_tag","embeddable":true,"href":"https:\/\/www.europesays.com\/fr\/wp-json\/wp\/v2\/tags?post=604985"}],"curies":[{"name":"wp","href":"https:\/\/api.w.org\/{rel}","templated":true}]}}