{"id":604991,"date":"2025-12-17T10:29:15","date_gmt":"2025-12-17T10:29:15","guid":{"rendered":"https:\/\/www.europesays.com\/fr\/604991\/"},"modified":"2025-12-17T10:29:15","modified_gmt":"2025-12-17T10:29:15","slug":"municipales-2026-a-montpellier-deux-nouveaux-soutiens-pour-michael-delafosse-pour-promouvoir-une-gauche-unie-ambitieuse-et-solidaire","status":"publish","type":"post","link":"https:\/\/www.europesays.com\/fr\/604991\/","title":{"rendered":"Municipales 2026 \u00e0 Montpellier\u00a0: deux nouveaux soutiens pour Micha\u00ebl Delafosse \u00ab\u00a0pour promouvoir une gauche unie, ambitieuse et solidaire\u00a0\u00bb"},"content":{"rendered":"<p>\n                                                                \u00c0 trois mois des \u00e9lections municipales de mars\u00a02026, le maire de Montpellier Micha\u00ebl Delafosse, pas encore officiellement candidat, re\u00e7oit le soutien de la Gauche r\u00e9publicaine et socialiste (GRS) et du mouvement L\u2019Engagement.\n                            <\/p>\n<p>Deux nouveaux soutiens pour le maire de Montpellier Micha\u00ebl Delafosse, pas encore officiellement candidat\u00a0aux \u00e9lections municipales de mars\u00a02026.\u00a0\u00ab\u00a0Face aux enjeux d\u00e9mocratiques et \u00e0 la mont\u00e9e des extr\u00eames, la Gauche r\u00e9publicaine et socialiste (GRS) et l\u2019Engagement s\u2019allient pour promouvoir une gauche unie, ambitieuse et solidaire\u00a0\u00bb, a d\u00e9voil\u00e9 d\u2019embl\u00e9e Henri Fiori, repr\u00e9sentant de la GRS dans l\u2019H\u00e9rault, ce mardi 16\u00a0d\u00e9cembre, au caf\u00e9 de l\u2019Esplanade.<\/p>\n<p>\u00ab\u00a0Le bilan est solide et transformateur\u00a0\u00bb<\/p>\n<p>Accompagn\u00e9 par Nelly Lacince (GRS) et Olivier Andrieu (L\u2019Engagement), le membre du parti, fond\u00e9 en 2018 par le d\u00e9put\u00e9 Emmanuel Maurel, a indiqu\u00e9 ses priorit\u00e9s pour le prochain mandat\u00a0: r\u00e9\u00e9quilibrer les quartiers, accompagner les jeunes pour lutter contre le d\u00e9crochage scolaire et endiguer la progression de la drogue, d\u00e9velopper le tissu \u00e9conomique ainsi qu\u2019assurer la transition \u00e9cologique. Les deux membres de GRS \u00e9taient pr\u00e9sents sur la liste de Clothilde Ollier au premier tour des municipales en 2020, avant de se retirer apr\u00e8s son alliance avec Mohed Altrad, R\u00e9mi Gaillard et Alenka Doulain. Ils font cette fois le choix de soutenir la majorit\u00e9 actuelle.\u00a0\u00ab\u00a0On consid\u00e8re que le bilan de Delafosse et de son \u00e9quipe est\u00a0solide et transformateur. Il y a quatre points qui nous ont fait aller dans ce sens\u00a0: la rigueur financi\u00e8re, la volont\u00e9 politique in\u00e9branlable, le dialogue institutionnel apais\u00e9, et la priorit\u00e9 absolue au climat\u00a0\u00bb, se justifie Henri Fiori.<\/p>\n<p>Olivier Andrieu a ensuite d\u00e9gain\u00e9 son mode sniper vis-\u00e0-vis des opposants. \u00ab\u00a0On a un \u00e9tonnement par rapport \u00e0 la position des \u00c9cologistes et de LFI. Il y a un an et demi, on \u00e9tait pour l\u2019union de la gauche \u00e0 l\u2019occasion des l\u00e9gislatives. De l\u2019autre c\u00f4t\u00e9, il y a Isabelle Perrein mais pour l\u2019instant, on voit surtout de la publicit\u00e9 communicante. Tout ceci nous semble un peu creux et vain. En ce qui concerne Mohed Altrad, il semblerait que ce soit une volont\u00e9 farouche de s\u2019en prendre au premier magistrat de la ville\u00a0\u00bb, exprime le membre du parti L\u2019Engagement, fond\u00e9 par l\u2019ancien ministre Arnaud Montebourg. \u00c0 trois mois des \u00e9lections, ces soutiens suppl\u00e9mentaires viennent renforcer un socle majoritaire qui s\u2019\u00e9largit progressivement autour de Micha\u00ebl Delafosse, dont la candidature officielle ne semble plus \u00eatre qu\u2019une question de calendrier.<\/p>\n","protected":false},"excerpt":{"rendered":"\u00c0 trois mois des \u00e9lections municipales de mars\u00a02026, le maire de Montpellier Micha\u00ebl Delafosse, pas encore officiellement candidat,&hellip;\n","protected":false},"author":2,"featured_media":604992,"comment_status":"","ping_status":"","sticky":false,"template":"","format":"standard","meta":{"footnotes":""},"categories":[9599],"tags":[1111,11,1777,674,1011,27,7089,2208,12,2680,316,25],"class_list":{"0":"post-604991","1":"post","2":"type-post","3":"status-publish","4":"format-standard","5":"has-post-thumbnail","7":"category-montpellier","8":"tag-actu","9":"tag-actualites","10":"tag-eu","11":"tag-europe","12":"tag-fr","13":"tag-france","14":"tag-herault","15":"tag-montpellier","16":"tag-news","17":"tag-occitanie","18":"tag-politique","19":"tag-republique-francaise"},"share_on_mastodon":{"url":"https:\/\/pubeurope.com\/@fr\/115734443778940932","error":""},"_links":{"self":[{"href":"https:\/\/www.europesays.com\/fr\/wp-json\/wp\/v2\/posts\/604991","targetHints":{"allow":["GET"]}}],"collection":[{"href":"https:\/\/www.europesays.com\/fr\/wp-json\/wp\/v2\/posts"}],"about":[{"href":"https:\/\/www.europesays.com\/fr\/wp-json\/wp\/v2\/types\/post"}],"author":[{"embeddable":true,"href":"https:\/\/www.europesays.com\/fr\/wp-json\/wp\/v2\/users\/2"}],"replies":[{"embeddable":true,"href":"https:\/\/www.europesays.com\/fr\/wp-json\/wp\/v2\/comments?post=604991"}],"version-history":[{"count":0,"href":"https:\/\/www.europesays.com\/fr\/wp-json\/wp\/v2\/posts\/604991\/revisions"}],"wp:featuredmedia":[{"embeddable":true,"href":"https:\/\/www.europesays.com\/fr\/wp-json\/wp\/v2\/media\/604992"}],"wp:attachment":[{"href":"https:\/\/www.europesays.com\/fr\/wp-json\/wp\/v2\/media?parent=604991"}],"wp:term":[{"taxonomy":"category","embeddable":true,"href":"https:\/\/www.europesays.com\/fr\/wp-json\/wp\/v2\/categories?post=604991"},{"taxonomy":"post_tag","embeddable":true,"href":"https:\/\/www.europesays.com\/fr\/wp-json\/wp\/v2\/tags?post=604991"}],"curies":[{"name":"wp","href":"https:\/\/api.w.org\/{rel}","templated":true}]}}