{"id":604993,"date":"2025-12-17T10:30:22","date_gmt":"2025-12-17T10:30:22","guid":{"rendered":"https:\/\/www.europesays.com\/fr\/604993\/"},"modified":"2025-12-17T10:30:22","modified_gmt":"2025-12-17T10:30:22","slug":"ligne-5-de-tramway-a-montpellier-confort-design-frequences-midi-libre-repond-a-vos-questions","status":"publish","type":"post","link":"https:\/\/www.europesays.com\/fr\/604993\/","title":{"rendered":"Ligne 5 de tramway \u00e0 Montpellier\u00a0: confort, design, fr\u00e9quences\u2026 Midi Libre r\u00e9pond \u00e0 vos questions"},"content":{"rendered":"<p>\n                                                                \u00c0 l\u2019occasion de l\u2019inauguration de la ligne 5 du tramway ce samedi 20\u00a0d\u00e9cembre 2025 \u00e0 Montpellier, Midi Libre r\u00e9pond chaque jour \u00e0 une question que vous vous posez sur cette ligne tant attendue. Retrouvez ici l\u2019ensemble de nos \u00e9pisodes.\n                            <\/p>\n<p>Design, fr\u00e9quence, impact pour les \u00e9tudiants, confort \u00e0 bord, changement look des rames\u2026 Chaque semaine, la R\u00e9daction r\u00e9pond \u00e0 une question que se posent les Montpelli\u00e9rains sur la ligne 5 du tramway, mise en service le samedi 20\u00a0d\u00e9cembre.<\/p>\n<p>Retrouvez tous les \u00e9pisodes de notre s\u00e9rie<\/p>\n","protected":false},"excerpt":{"rendered":"\u00c0 l\u2019occasion de l\u2019inauguration de la ligne 5 du tramway ce samedi 20\u00a0d\u00e9cembre 2025 \u00e0 Montpellier, Midi Libre&hellip;\n","protected":false},"author":2,"featured_media":604994,"comment_status":"","ping_status":"","sticky":false,"template":"","format":"standard","meta":{"footnotes":""},"categories":[9599],"tags":[1111,11,68902,1777,674,1011,27,7089,71111,2208,12,2680,25,4109,71110,4063],"class_list":{"0":"post-604993","1":"post","2":"type-post","3":"status-publish","4":"format-standard","5":"has-post-thumbnail","7":"category-montpellier","8":"tag-actu","9":"tag-actualites","10":"tag-circulation-du00e9placements","11":"tag-eu","12":"tag-europe","13":"tag-fr","14":"tag-france","15":"tag-herault","16":"tag-ligne-5-du-tramway","17":"tag-montpellier","18":"tag-news","19":"tag-occitanie","20":"tag-republique-francaise","21":"tag-tramway","22":"tag-voiture-u00e0-montpellier-ou00f9-en-sont-les-travaux","23":"tag-vu00e9lo"},"share_on_mastodon":{"url":"https:\/\/pubeurope.com\/@fr\/115734447582251612","error":""},"_links":{"self":[{"href":"https:\/\/www.europesays.com\/fr\/wp-json\/wp\/v2\/posts\/604993","targetHints":{"allow":["GET"]}}],"collection":[{"href":"https:\/\/www.europesays.com\/fr\/wp-json\/wp\/v2\/posts"}],"about":[{"href":"https:\/\/www.europesays.com\/fr\/wp-json\/wp\/v2\/types\/post"}],"author":[{"embeddable":true,"href":"https:\/\/www.europesays.com\/fr\/wp-json\/wp\/v2\/users\/2"}],"replies":[{"embeddable":true,"href":"https:\/\/www.europesays.com\/fr\/wp-json\/wp\/v2\/comments?post=604993"}],"version-history":[{"count":0,"href":"https:\/\/www.europesays.com\/fr\/wp-json\/wp\/v2\/posts\/604993\/revisions"}],"wp:featuredmedia":[{"embeddable":true,"href":"https:\/\/www.europesays.com\/fr\/wp-json\/wp\/v2\/media\/604994"}],"wp:attachment":[{"href":"https:\/\/www.europesays.com\/fr\/wp-json\/wp\/v2\/media?parent=604993"}],"wp:term":[{"taxonomy":"category","embeddable":true,"href":"https:\/\/www.europesays.com\/fr\/wp-json\/wp\/v2\/categories?post=604993"},{"taxonomy":"post_tag","embeddable":true,"href":"https:\/\/www.europesays.com\/fr\/wp-json\/wp\/v2\/tags?post=604993"}],"curies":[{"name":"wp","href":"https:\/\/api.w.org\/{rel}","templated":true}]}}