{"id":604995,"date":"2025-12-17T10:32:12","date_gmt":"2025-12-17T10:32:12","guid":{"rendered":"https:\/\/www.europesays.com\/fr\/604995\/"},"modified":"2025-12-17T10:32:12","modified_gmt":"2025-12-17T10:32:12","slug":"projimpact-concours-didees-universite-de-rouen-normandie","status":"publish","type":"post","link":"https:\/\/www.europesays.com\/fr\/604995\/","title":{"rendered":"Proj&rsquo;impact | Concours d&rsquo;id\u00e9es &#8211; Universit\u00e9 de Rouen Normandie"},"content":{"rendered":"<p><strong>Comment faciliter la solidarit\u00e9 \u00e0 Rouen ? Comment favoriser la biodiversit\u00e9 \u00e0 Rouen ? Comment am\u00e9liorer le bien-\u00eatre physique et mental des \u00e9tudiants rouennais ? Avec Proj\u2019impact, un concours d\u2019id\u00e9es \u00e0 destination des \u00e9tudiants rouennais propos\u00e9 par l\u2019universit\u00e9 de Rouen Normandie en partenariat avec la Ville de Rouen et P\u00e9pite Normandie, venez faire d\u00e9velopper des projets \u00e0 impact positif au cours de deux soir\u00e9es exceptionnelles.<\/strong><strong>\u00a0<\/strong><\/p>\n","protected":false},"excerpt":{"rendered":"Comment faciliter la solidarit\u00e9 \u00e0 Rouen ? Comment favoriser la biodiversit\u00e9 \u00e0 Rouen ? Comment am\u00e9liorer le bien-\u00eatre&hellip;\n","protected":false},"author":2,"featured_media":604996,"comment_status":"","ping_status":"","sticky":false,"template":"","format":"standard","meta":{"footnotes":""},"categories":[9587],"tags":[1111,11,1777,674,1011,27,12,5161,25,9590],"class_list":{"0":"post-604995","1":"post","2":"type-post","3":"status-publish","4":"format-standard","5":"has-post-thumbnail","7":"category-rouen","8":"tag-actu","9":"tag-actualites","10":"tag-eu","11":"tag-europe","12":"tag-fr","13":"tag-france","14":"tag-news","15":"tag-normandie","16":"tag-republique-francaise","17":"tag-rouen"},"share_on_mastodon":{"url":"https:\/\/pubeurope.com\/@fr\/115734455698825313","error":""},"_links":{"self":[{"href":"https:\/\/www.europesays.com\/fr\/wp-json\/wp\/v2\/posts\/604995","targetHints":{"allow":["GET"]}}],"collection":[{"href":"https:\/\/www.europesays.com\/fr\/wp-json\/wp\/v2\/posts"}],"about":[{"href":"https:\/\/www.europesays.com\/fr\/wp-json\/wp\/v2\/types\/post"}],"author":[{"embeddable":true,"href":"https:\/\/www.europesays.com\/fr\/wp-json\/wp\/v2\/users\/2"}],"replies":[{"embeddable":true,"href":"https:\/\/www.europesays.com\/fr\/wp-json\/wp\/v2\/comments?post=604995"}],"version-history":[{"count":0,"href":"https:\/\/www.europesays.com\/fr\/wp-json\/wp\/v2\/posts\/604995\/revisions"}],"wp:featuredmedia":[{"embeddable":true,"href":"https:\/\/www.europesays.com\/fr\/wp-json\/wp\/v2\/media\/604996"}],"wp:attachment":[{"href":"https:\/\/www.europesays.com\/fr\/wp-json\/wp\/v2\/media?parent=604995"}],"wp:term":[{"taxonomy":"category","embeddable":true,"href":"https:\/\/www.europesays.com\/fr\/wp-json\/wp\/v2\/categories?post=604995"},{"taxonomy":"post_tag","embeddable":true,"href":"https:\/\/www.europesays.com\/fr\/wp-json\/wp\/v2\/tags?post=604995"}],"curies":[{"name":"wp","href":"https:\/\/api.w.org\/{rel}","templated":true}]}}