{"id":605003,"date":"2025-12-17T10:38:11","date_gmt":"2025-12-17T10:38:11","guid":{"rendered":"https:\/\/www.europesays.com\/fr\/605003\/"},"modified":"2025-12-17T10:38:11","modified_gmt":"2025-12-17T10:38:11","slug":"strasbourg-sur-le-modele-des-rues-scolaires-ils-reclament-la-creation-dune-rue-eglise-on-vous-explique","status":"publish","type":"post","link":"https:\/\/www.europesays.com\/fr\/605003\/","title":{"rendered":"Strasbourg. Sur le mod\u00e8le des rues scolaires, ils r\u00e9clament la cr\u00e9ation d&rsquo;une \u00ab\u00a0rue \u00e9glise\u00a0\u00bb : on\u00a0vous\u00a0explique"},"content":{"rendered":"<p>                    Par<br \/>\n        <strong><br \/>\n            <a href=\"https:\/\/actu.fr\/auteur\/ivan-capecchi\" title=\"Consulter tous les articles de Ivan CAPECCHI\" target=\"_blank\" rel=\"noopener\">Ivan CAPECCHI<\/a><br \/>\n                    <\/strong><\/p>\n<p>        Publi\u00e9 le<\/p>\n<p>            17 d\u00e9c. 2025 \u00e0 11h02        <\/p>\n<p>Dans une <strong>p\u00e9tition<\/strong> publi\u00e9e d\u00e9but novembre sur le site <a href=\"https:\/\/participer.strasbourg.eu\/web\/participer\/detail-petition\/-\/entity\/id\/557224652\" target=\"_blank\" rel=\"noopener\">participer.strasbourg<\/a>, des habitants demandent la <strong>cr\u00e9ation d\u2019une \u00ab\u2009rue \u00e9glise\u2009\u00bb<\/strong> dans la<strong> rue Saint Louis<\/strong>, sur le mod\u00e8le des <strong>rues scolaires<\/strong>. On vous explique.<\/p>\n<p>    <a href=\"https:\/\/www.google.com\/maps\/embed?pb=!1m18!1m12!1m3!1d1854.5790863789173!2d7.7450236443477705!3d48.57809693552636!2m3!1f0!2f0!3f0!3m2!1i1024!2i768!4f13.1!3m3!1m2!1s0x4796c9b2991c436f%3A0xe7de867f227830d2!2sRue%20Saint-Louis%2C%2067000%20Strasbourg!5e0!3m2!1sfr!2sfr!4v1765907062866!5m2!1sfr!2sfr\" title=\"Ouvrie le lien\" target=\"_blank\" rel=\"noopener\">Cliquez ici pour visualiser le contenu<\/a><\/p>\n<p>Une \u00ab\u2009rue \u00e9glise\u2009\u00bb pour assurer la s\u00e9curit\u00e9 des fid\u00e8les<\/p>\n<p class=\" wall-content\">\u00ab\u2009La rue Saint-Louis est <strong>tr\u00e8s \u00e9troite<\/strong>. Sans parvis devant l\u2019\u00e9glise Saint-Louis, lors des c\u00e9r\u00e9monies religieuses, les fid\u00e8les n\u2019ont pas d\u2019autre choix que de <strong>rester sur la rue<\/strong> ce qui bloque la <a href=\"https:\/\/actu.fr\/tag\/circulation\" target=\"_blank\" rel=\"noopener\">circulation<\/a> et ce qui est <strong>source de danger pour les adultes et les enfants<\/strong>\u2009\u00bb, explique le p\u00e9titionnaire. \u00ab\u2009Il est propos\u00e9 de <strong>cr\u00e9er une partie pi\u00e9tonne<\/strong>, permanente (avec acc\u00e8s r\u00e9serv\u00e9 aux riverains), ou uniquement lors des heures des c\u00e9r\u00e9monies religieuses \u00e0 l\u2019image des rues \u00e9coles\u2009\u00bb, ajoute ce dernier.<\/p>\n<p class=\" wall-content\">Une <a href=\"https:\/\/actu.fr\/grand-est\/strasbourg_67482\/strasbourg-voici-pourquoi-des-rues-seront-fermees-a-la-circulation-le-matin-aux-abords-de-certaines-ecoles_40426498.html\" target=\"_blank\" rel=\"noopener\">rue scolaire \u00e0 Strasbourg<\/a> est une rue situ\u00e9e juste \u00e0 c\u00f4t\u00e9 d\u2019une \u00e9cole qui est partiellement ou totalement ferm\u00e9e \u00e0 la circulation automobile aux heures d\u2019entr\u00e9e et de sortie des classes.<\/p>\n<p>P\u00e9titions citoyennes \u00e0 Strasbourg : comment \u00e7a marche ?<\/p>\n<p>\u00c0 Strasbourg, les habitants de 16 ans ou plus peuvent d\u00e9poser en ligne une p\u00e9tition sur un sujet d\u2019int\u00e9r\u00eat communal si elle respecte les conditions de recevabilit\u00e9 (comp\u00e9tence municipale, clart\u00e9, etc.). Apr\u00e8s \u00e9tude, la p\u00e9tition est publi\u00e9e six mois pour recueillir au moins 1 400 signatures. D\u00e8s 50 signatures, une rencontre avec les \u00e9lus est organis\u00e9e. Si le seuil de 1 400 signatures est atteint, la p\u00e9tition peut \u00eatre transmise \u00e0 la maire et inscrite \u00e0 l\u2019ordre du jour d\u2019une s\u00e9ance du conseil municipal. \u00ab\u00a0Comme pour toute p\u00e9tition recueillant le nombre de signatures n\u00e9cessaires, celle-ci sera \u00e9tudi\u00e9e par les services et \u00e9lus\u00a0\u00bb, r\u00e9agit la mairie de Strasbourg sollicit\u00e9e par nos soins. A l&rsquo;heure o\u00f9 nous \u00e9crivons ces lignes, la p\u00e9tition r\u00e9clamant une \u00ab\u00a0rue \u00e9glise\u00a0\u00bb a r\u00e9colt\u00e9 un peu plus de 250 signatures.<\/p>\n<p>Les commer\u00e7ants mitig\u00e9s sur l\u2019utilit\u00e9 de la pi\u00e9tonnisation<\/p>\n<p class=\" wall-content\">Sur place, les avis des commer\u00e7ants qui travaillent dans le secteur sont mitig\u00e9s. Il y en a qui sont plut\u00f4t contre, \u00e0 l\u2019image de Sonia*\u2009: \u00ab\u2009C\u2019est pratique qu\u2019il y ait un acc\u00e8s en voiture ici. Quand je rentre, j\u2019aime pouvoir \u00eatre d\u00e9pos\u00e9e en <strong>Uber<\/strong> en bas de chez moi [pour une question de s\u00e9curit\u00e9]\u2009\u00bb.<\/p>\n<p class=\" wall-content\">D\u2019autres qui sont plut\u00f4t pour, comme Marie\u2009: \u00ab\u2009Il faudrait pouvoir s\u00e9curiser l\u2019acc\u00e8s pi\u00e9ton a minima. Quand les voitures arrivent dans notre dos, <strong>c\u2019est assez dangereux<\/strong>. J\u2019ai m\u00eame d\u00e9j\u00e0 vu des camions emprunter cette rue pour faire demi-tour\u2026\u2009\u00bb.<\/p>\n<p>Votre r\u00e9gion, votre actu !<\/p>\n<p>Recevez chaque jour les infos qui comptent pour vous.<\/p>\n<p>\t<a href=\"https:\/\/actu.fr\/newsletter\" class=\"ac-btn ac-btn--corner ac-btn--medium ac-btn--blue800\" target=\"_blank\" rel=\"noopener\">S&rsquo;incrire<\/a><\/p>\n<p class=\" wall-content\">Et d\u2019autres encore qui ne tranchent pas. \u00ab\u2009Je pense que le plus pragmatique serait de pi\u00e9tonniser tout le temps, [pas uniquement lors des heures des c\u00e9r\u00e9monies religieuses]. Cela dit,<strong> il est d\u00e9j\u00e0 tr\u00e8s compliqu\u00e9 de circuler en centre-ville<\/strong>, [et le secteur compte une r\u00e9sidence pour seniors et un Ehpad]\u2009\u00bb, t\u00e9moigne Fran\u00e7oise.<\/p>\n<p>Une rue qui pose probl\u00e8me aussi lors des c\u00e9r\u00e9monies d\u2019enterrement<\/p>\n<p class=\" wall-content\">Cette derni\u00e8re souligne un autre probl\u00e8me\u2009: \u00ab\u2009Quand il y a des <strong>enterrements<\/strong>, il arrive que le corbillard bloque la circulation, faute de place.\u2009\u00bb<\/p>\n<p class=\" wall-content\">\u00ab\u2009Par ailleurs, quand on est dans un moment de recueillement \u00e0 la suite d\u2019un d\u00e9c\u00e8s, qu\u2019on accompagne le corps jusqu\u2019au corbillard, on n\u2019a pas forc\u00e9ment envie d\u2019\u00eatre vigilant \u00e0 la circulation qui nous entoure\u2009\u00bb, ajoute-t-elle.<\/p>\n<p class=\" wall-content\">*Les pr\u00e9noms ont \u00e9t\u00e9 modifi\u00e9s.<\/p>\n<p class=\" wall-content\">Personnalisez votre actualit\u00e9 en ajoutant vos villes et m\u00e9dias en favori avec <a href=\"https:\/\/moncompte.actu.fr\" title=\"D\u00e9couvez Mon Actu\" rel=\"nofollow noopener\" data-trk=\"{&quot;cta&quot;:{&quot;action&quot;:&quot;https:\\\/\\\/moncompte.actu.fr&quot;,&quot;category&quot;:&quot;mon compte&quot;,&quot;from&quot;:&quot;article footer&quot;,&quot;name&quot;:&quot;Mon actu&quot;,&quot;type&quot;:&quot;cta&quot;}}\" target=\"_blank\">Mon Actu<\/a>.<\/p>\n","protected":false},"excerpt":{"rendered":"Par Ivan CAPECCHI Publi\u00e9 le 17 d\u00e9c. 2025 \u00e0 11h02 Dans une p\u00e9tition publi\u00e9e d\u00e9but novembre sur le&hellip;\n","protected":false},"author":2,"featured_media":605004,"comment_status":"","ping_status":"","sticky":false,"template":"","format":"standard","meta":{"footnotes":""},"categories":[2820],"tags":[1111,11,646,3542,1777,674,1011,27,775,12,25,104,640],"class_list":{"0":"post-605003","1":"post","2":"type-post","3":"status-publish","4":"format-standard","5":"has-post-thumbnail","7":"category-strasbourg","8":"tag-actu","9":"tag-actualites","10":"tag-automobile","11":"tag-circulation","12":"tag-eu","13":"tag-europe","14":"tag-fr","15":"tag-france","16":"tag-grand-est","17":"tag-news","18":"tag-republique-francaise","19":"tag-societe","20":"tag-strasbourg"},"share_on_mastodon":{"url":"https:\/\/pubeurope.com\/@fr\/115734479187409383","error":""},"_links":{"self":[{"href":"https:\/\/www.europesays.com\/fr\/wp-json\/wp\/v2\/posts\/605003","targetHints":{"allow":["GET"]}}],"collection":[{"href":"https:\/\/www.europesays.com\/fr\/wp-json\/wp\/v2\/posts"}],"about":[{"href":"https:\/\/www.europesays.com\/fr\/wp-json\/wp\/v2\/types\/post"}],"author":[{"embeddable":true,"href":"https:\/\/www.europesays.com\/fr\/wp-json\/wp\/v2\/users\/2"}],"replies":[{"embeddable":true,"href":"https:\/\/www.europesays.com\/fr\/wp-json\/wp\/v2\/comments?post=605003"}],"version-history":[{"count":0,"href":"https:\/\/www.europesays.com\/fr\/wp-json\/wp\/v2\/posts\/605003\/revisions"}],"wp:featuredmedia":[{"embeddable":true,"href":"https:\/\/www.europesays.com\/fr\/wp-json\/wp\/v2\/media\/605004"}],"wp:attachment":[{"href":"https:\/\/www.europesays.com\/fr\/wp-json\/wp\/v2\/media?parent=605003"}],"wp:term":[{"taxonomy":"category","embeddable":true,"href":"https:\/\/www.europesays.com\/fr\/wp-json\/wp\/v2\/categories?post=605003"},{"taxonomy":"post_tag","embeddable":true,"href":"https:\/\/www.europesays.com\/fr\/wp-json\/wp\/v2\/tags?post=605003"}],"curies":[{"name":"wp","href":"https:\/\/api.w.org\/{rel}","templated":true}]}}