{"id":605008,"date":"2025-12-17T10:41:21","date_gmt":"2025-12-17T10:41:21","guid":{"rendered":"https:\/\/www.europesays.com\/fr\/605008\/"},"modified":"2025-12-17T10:41:21","modified_gmt":"2025-12-17T10:41:21","slug":"paris-nice-le-parcours-2026-actualite","status":"publish","type":"post","link":"https:\/\/www.europesays.com\/fr\/605008\/","title":{"rendered":"Paris-Nice : Le parcours 2026 &#8211; Actualit\u00e9"},"content":{"rendered":"<p style=\"text-align: justify;\">Amaury Sport Organisation vient de d\u00e9voiler, ce mercredi en fin de matin\u00e9e, le parcours de l\u2019\u00e9dition 2026 de Paris-Nice. Comme le veut la tradition depuis maintenant de nombreuses saisons &#8211; 17 ans pr\u00e9cis\u00e9ment -, l\u2019\u00e9preuve WorldTour s\u2019\u00e9lancera du d\u00e9partement des Yvelines, le dimanche 8 mars, et plus pr\u00e9cis\u00e9ment depuis la ville d&rsquo;Ach\u00e8res,\u00a0pour s&rsquo;achever sur la C\u00f4te d&rsquo;Azur et la Promenade des Anglais huit jours plus tard.\u00a0<\/p>\n<p style=\"text-align: justify;\">Le laur\u00e9at de ce Paris-Nice succ\u00e9dera au palmar\u00e8s \u00e0 l\u2019Am\u00e9ricain\u00a0<strong><a href=\"https:\/\/www.directvelo.com\/epreuve\/45076\/paris-nice-2025\" target=\"_blank\" rel=\"noopener\">Matteo Jorgenson, double tenant du titre<\/a><\/strong> de la premi\u00e8re grande course par \u00e9tapes de la saison en Europe. <br \/><strong>Le parcours de Paris-Nice 2026 :<\/strong> <br \/>08\/03 &#8211; Et. 1 : Ach\u00e8res &#8211; Carrieres-sous-Poissy (171,2 km)<br \/>09\/03 &#8211; Et. 2 : \u00c9p\u00f4ne &#8211; Montargis (187 km)<br \/>10\/03 &#8211; Et. 3 : CLM par \u00e9quipes\u00a0Cosne-sur-Loire &#8211; Pouilly-sur-Loire (23,5 km)<br \/>11\/03 &#8211; Et. 4 : Bourges &#8211; Uchon (195 km)<br \/>12\/03 &#8211; Et. 5 : Cormoranche-sur-Sa\u00f4ne &#8211; Colombier-le-Vieux<br \/>13\/03 &#8211; Et. 6 : Barbentane &#8211; Apt<br \/>14\/03 &#8211; Et. 7 : Nice &#8211; Auron<br \/>15\/03 &#8211; Et. 8 : Nice &#8211; Nice\u00a0<\/p>\n<p><img loading=\"lazy\" decoding=\"async\" src=\"https:\/\/www.europesays.com\/fr\/wp-content\/uploads\/2025\/12\/G8XTPMFWMAAB9XT.jpg\" alt=\"\" width=\"650\" height=\"867\"\/><\/p>\n<p><img loading=\"lazy\" decoding=\"async\" src=\"https:\/\/www.europesays.com\/fr\/wp-content\/uploads\/2025\/12\/G8XTnVKWEAModUH_1.jpg\" alt=\"\" width=\"650\" height=\"867\"\/><\/p>\n<p><img loading=\"lazy\" decoding=\"async\" src=\"https:\/\/www.europesays.com\/fr\/wp-content\/uploads\/2025\/12\/G8XT4NhXoAEEjho.jpg\" alt=\"\" width=\"650\" height=\"867\"\/><\/p>\n<p><img loading=\"lazy\" decoding=\"async\" src=\"https:\/\/www.europesays.com\/fr\/wp-content\/uploads\/2025\/12\/uchon.jpg\" alt=\"\" width=\"650\" height=\"867\"\/><\/p>\n<p><img loading=\"lazy\" decoding=\"async\" src=\"https:\/\/www.europesays.com\/fr\/wp-content\/uploads\/2025\/12\/G8XSVUJW8AUVs4v.jpg\" alt=\"\" width=\"650\" height=\"650\"\/><\/p>\n","protected":false},"excerpt":{"rendered":"Amaury Sport Organisation vient de d\u00e9voiler, ce mercredi en fin de matin\u00e9e, le parcours de l\u2019\u00e9dition 2026 de&hellip;\n","protected":false},"author":2,"featured_media":605009,"comment_status":"","ping_status":"","sticky":false,"template":"","format":"standard","meta":{"footnotes":""},"categories":[2819],"tags":[1111,11,834,828,836,829,837,827,83,826,824,823,207,814,817,815,816,822,821,1777,674,832,211,839,1011,27,820,818,819,12,2401,835,882,831,830,833,838,25,212,208,825],"class_list":{"0":"post-605008","1":"post","2":"type-post","3":"status-publish","4":"format-standard","5":"has-post-thumbnail","7":"category-nice","8":"tag-actu","9":"tag-actualites","10":"tag-attaque","11":"tag-belgique","12":"tag-braquet","13":"tag-bretagne","14":"tag-chute","15":"tag-competition","16":"tag-coupe-de-france","17":"tag-coureur","18":"tag-course-cyclisme","19":"tag-course-cycliste","20":"tag-cyclisme","21":"tag-direct","22":"tag-direct-velo","23":"tag-directvelo","24":"tag-directvelo-com","25":"tag-epreuve","26":"tag-epreuve-cycliste","27":"tag-eu","28":"tag-europe","29":"tag-federation-francaise-de-cyclisme","30":"tag-ffc","31":"tag-flandres","32":"tag-fr","33":"tag-france","34":"tag-live","35":"tag-live-course","36":"tag-live-epreuve","37":"tag-news","38":"tag-nice","39":"tag-peloton","40":"tag-provence-alpes-cote-dazur","41":"tag-radio-peloton","42":"tag-radio-tour","43":"tag-ravitaillement","44":"tag-relance","45":"tag-republique-francaise","46":"tag-uci","47":"tag-velo","48":"tag-velos"},"share_on_mastodon":{"url":"","error":"Validation failed: Text character limit of 500 exceeded"},"_links":{"self":[{"href":"https:\/\/www.europesays.com\/fr\/wp-json\/wp\/v2\/posts\/605008","targetHints":{"allow":["GET"]}}],"collection":[{"href":"https:\/\/www.europesays.com\/fr\/wp-json\/wp\/v2\/posts"}],"about":[{"href":"https:\/\/www.europesays.com\/fr\/wp-json\/wp\/v2\/types\/post"}],"author":[{"embeddable":true,"href":"https:\/\/www.europesays.com\/fr\/wp-json\/wp\/v2\/users\/2"}],"replies":[{"embeddable":true,"href":"https:\/\/www.europesays.com\/fr\/wp-json\/wp\/v2\/comments?post=605008"}],"version-history":[{"count":0,"href":"https:\/\/www.europesays.com\/fr\/wp-json\/wp\/v2\/posts\/605008\/revisions"}],"wp:featuredmedia":[{"embeddable":true,"href":"https:\/\/www.europesays.com\/fr\/wp-json\/wp\/v2\/media\/605009"}],"wp:attachment":[{"href":"https:\/\/www.europesays.com\/fr\/wp-json\/wp\/v2\/media?parent=605008"}],"wp:term":[{"taxonomy":"category","embeddable":true,"href":"https:\/\/www.europesays.com\/fr\/wp-json\/wp\/v2\/categories?post=605008"},{"taxonomy":"post_tag","embeddable":true,"href":"https:\/\/www.europesays.com\/fr\/wp-json\/wp\/v2\/tags?post=605008"}],"curies":[{"name":"wp","href":"https:\/\/api.w.org\/{rel}","templated":true}]}}