{"id":605010,"date":"2025-12-17T10:42:23","date_gmt":"2025-12-17T10:42:23","guid":{"rendered":"https:\/\/www.europesays.com\/fr\/605010\/"},"modified":"2025-12-17T10:42:23","modified_gmt":"2025-12-17T10:42:23","slug":"la-fronde-contre-les-boites-a-colis-sorganise","status":"publish","type":"post","link":"https:\/\/www.europesays.com\/fr\/605010\/","title":{"rendered":"La fronde contre les bo\u00eetes \u00e0 colis s\u2019organise"},"content":{"rendered":"<p>Cette ann\u00e9e, les lockers, ces casiers automatiques de retrait et d\u00e9p\u00f4t de colis,\u00a0ont des allures d\u2019antichambre du P\u00e8re No\u00ebl. \u00c0 l\u2019approche des f\u00eates, des cadeaux par milliers transitent par ces consignes avec un volume de livraisons en hausse de 9\u00a0% en 2025, selon Geopost, apr\u00e8s une progression de 80\u00a0% l\u2019an pass\u00e9, indique Mondial Relay.<\/p>\n<p>De plus en plus d\u2019usagers optent pour ce service, accessible 24\u00a0heures sur 24 et 7\u00a0jours sur 7,\u00a0qui r\u00e9duit les \u00e9checs de livraison. C<a href=\"https:\/\/nantes.maville.com\/actu\/actudet_-mondial-relay-s-installe-partout-la-chasse-aux-lockers-est-declaree-ouverte-_8-7089851_actu.Htm\" target=\"_self\" rel=\"noopener\">es casiers \u00a0 <strong>fleurissent partout<\/strong> <\/a> \u00a0\u00bb, affirme J\u00e9r\u00f4me Libeskind, expert en logistique. Ils poussent sur les parkings, \u00e0 l\u2019entr\u00e9e des villes, dans les gares, en pleine campagne, au pied de r\u00e9sidences, dans les jardins\u2026<\/p>\n<p>Chronopost vise 6\u00a0000\u00a0consignes en fin d\u2019ann\u00e9e, Amazon 5\u00a0000, Mondial Relay 9\u00a0000\u00a0contre 300 en 2021. Les paysages se trouvent transform\u00e9s par ces armoires m\u00e9talliques grim\u00e9es aux couleurs des entreprises : orange fluo pour Amazon, rouge et blanc pour Mondial Relay, jaune vif pour Pickup (groupe La Poste), bleu canard pour Vinted\u2026<\/p>\n<p>Un d\u00e9ploiement anarchique<\/p>\n<p>Mais cela pose des probl\u00e8mes. \u00c0 \u00c9pinal par exemple, un casier Amazon avait \u00e9t\u00e9 install\u00e9 devant la gare <strong>\u00a0en abords et dans le champ de visibilit\u00e9 d\u2019un monument historique<\/strong>\u00a0\u00bb,selon un avis d\u00e9favorable des Architectes des b\u00e2timents de France. Des riverains d\u00e9plorent aussi les nuisances comme des porti\u00e8res qui claquent, des moteurs qui tournent, des stationnements g\u00eanants\u2026\u00a0<strong>Ce n\u2019est pas un lieu de commerce ici<\/strong>\u00a0\u00bb,s\u2019insurge ainsi Moran, riverain d\u2019<a href=\"https:\/\/www.ouest-france.fr\/leditiondusoir\/2025-11-14\/je-n-en-croyais-pas-mes-yeux-elle-installe-un-casier-mondial-relay-dans-son-jardin-ses-voisins-craignent-le-pire-2fc8d19a-0420-4321-9be0-445c503c6c85\" target=\"_self\" rel=\"noopener\">un casier Mondial Relay install\u00e9 dans un jardin priv\u00e9 \u00e0 Orvault<\/a>, au nord de Nantes (Loire-Atlantique). Il redoute que sa rue ne devienne un point de passage permanent.<\/p>\n<p><strong>\u00a0C\u2019est inadapt\u00e9 \u00e0 ce quartier r\u00e9sidentiel<\/strong>\u00a0\u00bb, tranche la mairie qui a \u00e9t\u00e9 <a href=\"https:\/\/nantes.maville.com\/actu\/actudet_-les-casiers-mondial-relay-sont-bel-et-bien-mis-en-service-chez-l-habitante-malgre-les-reserves-de-la-mairie-d-orvault-_8-7074865_actu.Htm\" target=\"_self\" rel=\"noopener\">mise devant le fait accompli.<\/a> L\u2019installation, occupant moins de 5\u00a0m\u00b2, ne n\u00e9cessite pas d\u2019autorisation, mais son emplacement, \u00a0<strong>trop proche de l\u2019espace public<\/strong>\u00a0\u00bb,n\u2019est pas conforme au Plan local d\u2019urbanisme m\u00e9tropolitain (PLUM). Une r\u00e9gularisation a donc \u00e9t\u00e9 demand\u00e9e.<\/p>\n<p>\u00a0<strong>Il appartient au partenaire de v\u00e9rifier si le PLU de sa commune l\u2019autorise \u00e0 proc\u00e9der \u00e0 l\u2019installation d\u2019un locker<\/strong>\u00a0\u00bb, se d\u00e9fend Mondial Relay. Son site indique qu\u2019il suffit d\u2019un espace ext\u00e9rieur de 4,5 m\u00b2 avec un d\u00e9gagement de 80\u00a0cm pour installer un casier. L\u2019entreprise assure l\u2019entretien du dispositif et verse un petit loyer mensuel au propri\u00e9taire.<\/p>\n<p>Ce bras de fer entre \u00e9lus locaux et exploitants de lockers\u00a0est loin d\u2019\u00eatre un cas isol\u00e9. \u00c0 Rives-en-Seine (Seine-Maritime), le bailleur social Habitat 76\u00a0avait install\u00e9 ces consignes automatis\u00e9es sur le parking des r\u00e9sidences, sans en informer la mairie.<strong>\u00a0Je l\u2019ai d\u00e9couvert par hasard<\/strong>\u00a0\u00bb, tonne le maire Bastien Coriton.<\/p>\n<p>Une loi pour r\u00e9guler ce ph\u00e9nom\u00e8ne<\/p>\n<p>L\u2019\u00e9lu d\u00e9plore <strong>\u00a0l\u2019astuce<\/strong>\u00a0de l\u2019entreprise qui a pass\u00e9 une convention pour une implantation temporaire de quatre mois renouvelables pour <strong>\u00a0\u00e9viter une d\u00e9claration d\u2019urbanisme. On ne peut pas laisser ces consignes s\u2019installer sans aucun contr\u00f4le<\/strong>\u00a0\u00bb,lance Bastien Coriton qui en a obtenu le retrait d\u00e9but d\u00e9cembre.<\/p>\n<p>Il s\u2019oppose \u00e0 ces installations qui portent pr\u00e9judice aux commerces locaux.\u00a0Certains dispositifs se d\u00e9veloppent en effet au d\u00e9triment de points relais en magasins.<a href=\"https:\/\/angers.maville.com\/actu\/actudet_-info-ouest-france.-mondial-relay-se-separe-d-une-partie-de-ses-points-relais-chez-les-commercants-_9-6724761_actu.Htm\" target=\"_self\" rel=\"noopener\"> Mondial Relay a notamment supprim\u00e9 3\u00a0500\u00a0commerces<\/a> de son r\u00e9seau en 2025, sur pr\u00e8s de 11\u00a0000\u00a0r\u00e9f\u00e9renc\u00e9s.\u00a0Or, des boutiques comptent sur ces compl\u00e9ments de revenus et de pr\u00e9cieux nouveaux clients pour survivre. \u00ab<strong>\u00a0Pour certains, cela repr\u00e9sentait la moiti\u00e9 de leur chiffre d\u2019affaires\u00a0\u00bb,<\/strong> d\u00e9taille\u00a0Bastien Coriton.<\/p>\n<p><strong>\u00ab\u00a0Les maires n\u2019en veulent pas et les magasins d\u00e9plorent ces implantations, donc les op\u00e9rateurs frappent \u00e0 toutes les portes pour s\u2019implanter\u00a0\u00bb,<\/strong> analyse J\u00e9r\u00f4me Libeskind. \u00ab<strong>\u00a0Il faut que les villes puissent coordonner ces installations <\/strong> , d\u00e9fend-il. <strong>Aujourd\u2019hui, une dizaine de r\u00e9seaux coexistent et demain il y en aura encore davantage.\u00a0\u00bb\u00a0<\/strong>Pour combler ce \u00ab<strong>\u00a0vide juridique <\/strong> \u00a0\u00bb, la d\u00e9put\u00e9e socialiste du Finist\u00e8re M\u00e9lanie Thomin a d\u00e9pos\u00e9 une proposition de loi <strong> <strong>\u00a0\u00e9tudi\u00e9e attentivement<\/strong>\u00a0<\/strong> par les services de Bercy.<\/p>\n<p>\u00a0<\/p>\n","protected":false},"excerpt":{"rendered":"Cette ann\u00e9e, les lockers, ces casiers automatiques de retrait et d\u00e9p\u00f4t de colis,\u00a0ont des allures d\u2019antichambre du P\u00e8re&hellip;\n","protected":false},"author":2,"featured_media":605011,"comment_status":"","ping_status":"","sticky":false,"template":"","format":"standard","meta":{"footnotes":""},"categories":[2818],"tags":[1111,11,2364,12784,1777,674,1011,27,10440,766,12,9271,2636,25],"class_list":{"0":"post-605010","1":"post","2":"type-post","3":"status-publish","4":"format-standard","5":"has-post-thumbnail","7":"category-nantes","8":"tag-actu","9":"tag-actualites","10":"tag-boites","11":"tag-colis","12":"tag-eu","13":"tag-europe","14":"tag-fr","15":"tag-france","16":"tag-fronde","17":"tag-nantes","18":"tag-news","19":"tag-organise","20":"tag-pays-de-la-loire","21":"tag-republique-francaise"},"share_on_mastodon":{"url":"https:\/\/pubeurope.com\/@fr\/115734495194318215","error":""},"_links":{"self":[{"href":"https:\/\/www.europesays.com\/fr\/wp-json\/wp\/v2\/posts\/605010","targetHints":{"allow":["GET"]}}],"collection":[{"href":"https:\/\/www.europesays.com\/fr\/wp-json\/wp\/v2\/posts"}],"about":[{"href":"https:\/\/www.europesays.com\/fr\/wp-json\/wp\/v2\/types\/post"}],"author":[{"embeddable":true,"href":"https:\/\/www.europesays.com\/fr\/wp-json\/wp\/v2\/users\/2"}],"replies":[{"embeddable":true,"href":"https:\/\/www.europesays.com\/fr\/wp-json\/wp\/v2\/comments?post=605010"}],"version-history":[{"count":0,"href":"https:\/\/www.europesays.com\/fr\/wp-json\/wp\/v2\/posts\/605010\/revisions"}],"wp:featuredmedia":[{"embeddable":true,"href":"https:\/\/www.europesays.com\/fr\/wp-json\/wp\/v2\/media\/605011"}],"wp:attachment":[{"href":"https:\/\/www.europesays.com\/fr\/wp-json\/wp\/v2\/media?parent=605010"}],"wp:term":[{"taxonomy":"category","embeddable":true,"href":"https:\/\/www.europesays.com\/fr\/wp-json\/wp\/v2\/categories?post=605010"},{"taxonomy":"post_tag","embeddable":true,"href":"https:\/\/www.europesays.com\/fr\/wp-json\/wp\/v2\/tags?post=605010"}],"curies":[{"name":"wp","href":"https:\/\/api.w.org\/{rel}","templated":true}]}}