{"id":605012,"date":"2025-12-17T10:43:17","date_gmt":"2025-12-17T10:43:17","guid":{"rendered":"https:\/\/www.europesays.com\/fr\/605012\/"},"modified":"2025-12-17T10:43:17","modified_gmt":"2025-12-17T10:43:17","slug":"a-nantes-cinq-ans-de-prison-requis-contre-un-animateur-accuse-dagressions-sexuelles-sur-des-enfants-de-maternelle-liberation","status":"publish","type":"post","link":"https:\/\/www.europesays.com\/fr\/605012\/","title":{"rendered":"A Nantes, cinq\u00a0ans de prison requis contre un animateur accus\u00e9 d\u2019agressions sexuelles sur des enfants de maternelle \u2013 Lib\u00e9ration"},"content":{"rendered":"<p class=\"sc-cPiKLX AiZTS text-element\">L\u2019\u00e9motion a envahi le visage du public mardi 16 d\u00e9cembre au soir, quand apr\u00e8s 23 h 20 et une \u00e9prouvante journ\u00e9e d\u2019audience au tribunal judiciaire de Nantes, <a href=\"https:\/\/www.liberation.fr\/societe\/police-justice\/a-nantes-un-animateur-de-periscolaire-juge-pour-agressions-sexuelles-sur-13-enfants-tous-tres-jeunes-20251215_IDDT442YKBG53LS4QTLD4KXKVE\/\" target=\"_blank\" rel=\"noopener\" title=\"https:\/\/www.liberation.fr\/societe\/police-justice\/a-nantes-un-animateur-de-periscolaire-juge-pour-agressions-sexuelles-sur-13-enfants-tous-tres-jeunes-20251215_IDDT442YKBG53LS4QTLD4KXKVE\/\">l\u2019affaire de l\u2019animateur du p\u00e9riscolaire poursuivi pour agressions sexuelles<\/a> \u00e0 Rez\u00e9 (Loire-Atlantique) en 2018 et 2019 a finalement \u00e9t\u00e9 mise en d\u00e9lib\u00e9r\u00e9 par la pr\u00e9sidente. Peu avant, le procureur avait requis cinq ans de prison ferme et une inscription au fichier des auteurs d\u2019infractions sexuelles, tandis que l\u2019avocat de Fr\u00e9d\u00e9ric S., 60 ans, avait plaid\u00e9 la relaxe. Mais sans doute la journ\u00e9e avait \u00e9t\u00e9 trop intense, et il fallait \u00e0 la justice temporiser.<\/p>\n<p class=\"sc-cPiKLX AiZTS text-element\">D\u00e8s le matin, et pendant pr\u00e8s de cinq heures, les parents ont d\u00e9fil\u00e9 \u00e0 la barre. Ils sont venus raconter leur long cheminement depuis les r\u00e9v\u00e9lations de leurs enfants, le choc et la sid\u00e9ration, la difficult\u00e9 qu\u2019ils ont eu \u00e0 recueillir la parole de leur enfant, la suppos\u00e9e emprise de l\u2019animateur sur ces derniers, puis le chaos familial qui s\u2019est ensuivi, la s\u00e9paration parfois, la culpabilit\u00e9 poisseuse, cette impression de ne pas avoir bien agi, de ne pas avoir \u00e9<\/p>\n","protected":false},"excerpt":{"rendered":"L\u2019\u00e9motion a envahi le visage du public mardi 16 d\u00e9cembre au soir, quand apr\u00e8s 23 h 20 et&hellip;\n","protected":false},"author":2,"featured_media":605013,"comment_status":"","ping_status":"","sticky":false,"template":"","format":"standard","meta":{"footnotes":""},"categories":[2818],"tags":[1111,11,1122,1777,674,1011,27,766,12,2636,25,799],"class_list":{"0":"post-605012","1":"post","2":"type-post","3":"status-publish","4":"format-standard","5":"has-post-thumbnail","7":"category-nantes","8":"tag-actu","9":"tag-actualites","10":"tag-ecole","11":"tag-eu","12":"tag-europe","13":"tag-fr","14":"tag-france","15":"tag-nantes","16":"tag-news","17":"tag-pays-de-la-loire","18":"tag-republique-francaise","19":"tag-violences-sexuelles"},"share_on_mastodon":{"url":"https:\/\/pubeurope.com\/@fr\/115734499536364243","error":""},"_links":{"self":[{"href":"https:\/\/www.europesays.com\/fr\/wp-json\/wp\/v2\/posts\/605012","targetHints":{"allow":["GET"]}}],"collection":[{"href":"https:\/\/www.europesays.com\/fr\/wp-json\/wp\/v2\/posts"}],"about":[{"href":"https:\/\/www.europesays.com\/fr\/wp-json\/wp\/v2\/types\/post"}],"author":[{"embeddable":true,"href":"https:\/\/www.europesays.com\/fr\/wp-json\/wp\/v2\/users\/2"}],"replies":[{"embeddable":true,"href":"https:\/\/www.europesays.com\/fr\/wp-json\/wp\/v2\/comments?post=605012"}],"version-history":[{"count":0,"href":"https:\/\/www.europesays.com\/fr\/wp-json\/wp\/v2\/posts\/605012\/revisions"}],"wp:featuredmedia":[{"embeddable":true,"href":"https:\/\/www.europesays.com\/fr\/wp-json\/wp\/v2\/media\/605013"}],"wp:attachment":[{"href":"https:\/\/www.europesays.com\/fr\/wp-json\/wp\/v2\/media?parent=605012"}],"wp:term":[{"taxonomy":"category","embeddable":true,"href":"https:\/\/www.europesays.com\/fr\/wp-json\/wp\/v2\/categories?post=605012"},{"taxonomy":"post_tag","embeddable":true,"href":"https:\/\/www.europesays.com\/fr\/wp-json\/wp\/v2\/tags?post=605012"}],"curies":[{"name":"wp","href":"https:\/\/api.w.org\/{rel}","templated":true}]}}