{"id":605017,"date":"2025-12-17T10:46:17","date_gmt":"2025-12-17T10:46:17","guid":{"rendered":"https:\/\/www.europesays.com\/fr\/605017\/"},"modified":"2025-12-17T10:46:17","modified_gmt":"2025-12-17T10:46:17","slug":"rose-festival-premieres-tetes-daffiche-et-ambiance-fete-foraine-pour-un-anniversaire-hautement-symbolique","status":"publish","type":"post","link":"https:\/\/www.europesays.com\/fr\/605017\/","title":{"rendered":"Rose Festival : premi\u00e8res t\u00eates d&rsquo;affiche et ambiance f\u00eate foraine pour un anniversaire \u00ab\u00a0hautement symbolique\u00a0\u00bb"},"content":{"rendered":"<p><strong>Cinq ans<\/strong>, d\u00e9j\u00e0 ! Et ce n&rsquo;est pas peu dire que le Rose Festival est <strong>fier <\/strong>de passer ce cap.\u00a0Rendez-vous <strong>du 27 au 29 ao\u00fbt 2026<\/strong> pour u<strong>n anniversaire festif<\/strong>, avec<strong> l&rsquo;annonce de t\u00eates d&rsquo;affiche <\/strong>qui ont provoqu\u00e9\u00a0l&rsquo;enthousiasme du public. Psst : <strong>la billetterie est ouverte<\/strong>, mieux vaut ne pas tarder pour prendre ses places&#8230;\u00a0<\/p>\n<p>\u00a0<\/p>\n<p>Trois stars dans la Ville Rose<\/p>\n<p><strong>Aya Nakamura, DJ Snake, Kungs, Charlotte Cardin, Macklemore, Josman, Iliona et Ino Casablanca<\/strong>. Le ton est pos\u00e9 : les <strong>premiers noms d&rsquo;artistes<\/strong>, d\u00e9voil\u00e9s en cette fin d&rsquo;ann\u00e9e, promettent <strong>un 5\u1d49\u00a0Rose Festival largement \u00e0 la hauteur des pr\u00e9c\u00e9dents.<\/strong><\/p>\n<p>        <img decoding=\"async\" class=\"std-img__img responsive-img\" src=\"https:\/\/www.europesays.com\/fr\/wp-content\/uploads\/2025\/12\/1765968375_755_image.jpg\" alt=\"Aya Nakamura, une sacr\u00e9e t\u00eate d'affiche pour le Rose Festival.\"\/><\/p>\n<p>                Aya Nakamura, une sacr\u00e9e t\u00eate d&rsquo;affiche pour le Rose Festival.<br \/>\n                                    \/ \u00a9 Rose Festival<\/p>\n<p>\u00ab\u00a0Nous sommes <strong>ravis d&rsquo;accueillir Aya Nakamura, DJ Snake et Macklemore<\/strong>, se r\u00e9jouit <strong>Samuel Capus, directeur de Bleu Citron Productions et coorganisateur\u00a0du festival.<\/strong> Ce sont trois t\u00eates d&rsquo;affiche que l&rsquo;on d\u00e9sirait depuis la toute premi\u00e8re \u00e9dition, et l\u00e0, nous les avons <strong>tous les trois en m\u00eame temps <\/strong>!\u00a0\u00bb\u00a0<\/p>\n<p class=\"std-elt__inline\">\n        <strong>\u00c0 lire aussi :<\/strong><br \/>\n        <a href=\"https:\/\/www.toulouscope.fr\/2024\/12\/10\/nouvel-an-a-toulouse-que-faire-pour-celebrer-2025-pendant-le-reveillon-12380584.php\" target=\"_blank\" rel=\"noopener\">Nouvel an 2026 \u00e0 Toulouse : que faire pour pour le r\u00e9veillon ?<\/a>\n    <\/p>\n<p>Un succ\u00e8s qui ne se d\u00e9ment pas<\/p>\n<p>Si de nombreux noms d&rsquo;artistes restent encore \u00e0 d\u00e9voiler au fil des mois, Samuel Capus sait d\u00e9j\u00e0 que<strong> la programmation sera tr\u00e8s \u00e9clectique<\/strong>, avec des genres musicaux qui parlent \u00e0 tou.te.s, et <strong>surtout aux jeunes<\/strong>. \u00ab\u00a0Pour nous, <strong>ces 5 ans sont hautement symboliques<\/strong>, car beaucoup de nouveaux\u00a0festivals ne durent pas aussi longtemps&#8230;<strong> Le\u00a0march\u00e9 est compliqu\u00e9<\/strong><strong>,<\/strong> conc\u00e8de le producteur. C&rsquo;est donc <strong>un \u00e9norme succ\u00e8s d&rsquo;\u00eatre encore l\u00e0 <\/strong>en 2026&Prime;.\u00a0<\/p>\n<p>        <img decoding=\"async\" class=\"std-img__img responsive-img\" src=\"https:\/\/www.europesays.com\/fr\/wp-content\/uploads\/2025\/12\/1765968376_791_image.jpg\" alt=\"Samuel Capus, directeur associ\u00e9 de Bleu Citron Productions.\"\/><\/p>\n<p>                Samuel Capus, directeur associ\u00e9 de Bleu Citron Productions.<br \/>\n                                    \/ \u00a9 Onlywann &#8211; Pierre FAITOT<\/p>\n<p>Une r\u00e9ussite que\u00a0le directeur de Bleu Citron explique notamment par <strong>la collaboration fructueuse entre la production et les cr\u00e9ateurs, Big Flo et Oli<\/strong>, \u00ab\u00a0qui s&rsquo;impliquent vraiment\u00a0\u00bb.\u00a0L&rsquo;ambiance de cet anniversaire ? <strong>L&rsquo;univers de la f\u00eate foraine<\/strong> sera \u00e0 l&rsquo;honneur, avec <strong>man\u00e8ges, barbes \u00e0 baba <\/strong>et tutti quanti ! Une <strong>atmosph\u00e8re joyeuse et r\u00e9gressive <\/strong>qui devrait plaire aux spectateur.rice.s.<\/p>\n<p class=\"std-elt__inline\">\n        <strong>\u00c0 lire aussi :<\/strong><br \/>\n        <a href=\"https:\/\/www.toulouscope.fr\/2025\/12\/10\/nouvel-an-a-toulouse-ces-bars-et-clubs-organisent-des-soirees-a-theme-immersives-pour-commencer-2026-en-beaute-13094937.php\" target=\"_blank\" rel=\"noopener\">Nouvel An \u00e0 Toulouse\u00a0: ces bars et clubs organisent des soir\u00e9es \u00e0 th\u00e8me immersives pour commencer 2026 en beaut\u00e9<\/a>\n    <\/p>\n<p>La billetterie est\u00a0ouverte<\/p>\n<p>Il faut dire que le Rose Festival n&rsquo;a pas \u00e0 rougir de sa fr\u00e9quentation\u00a0: :<strong> 115 000 festivalier.\u00e8re.s<\/strong> en 2025 et un classement parmi<strong> les 10 plus grands festivals de France<\/strong>. \u00ab\u00a0On esp\u00e8re faire encore une fois<strong> salle comble<\/strong>,\u00a0sourit M. Capus.\u00a0<strong>Beaucoup de places ont d\u00e9j\u00e0 \u00e9t\u00e9 vendues<\/strong> et la jauge est la m\u00eame que celle de l&rsquo;an dernier, alors il vaut mieux <strong><a href=\"https:\/\/sites.weezevent.com\/rosefestival-2026\/\" target=\"_self\" rel=\"noopener\">r\u00e9server rapidement<\/a>.<\/strong><strong>\u00ab\u00a0<\/strong><\/p>\n<p>        <img decoding=\"async\" class=\"std-img__img responsive-img\" src=\"https:\/\/www.europesays.com\/fr\/wp-content\/uploads\/2025\/12\/1765968377_91_image.jpg\" alt=\"5 ans, d\u00e9j\u00e0 !\"\/><\/p>\n<p>                5 ans, d\u00e9j\u00e0 !<br \/>\n                                    \/ \u00a9 Rose Festival<\/p>\n<p>\n            Lieu :<br \/>\n            MEETT- Parc des Expositions et Centre de Conventions &amp; Congr\u00e8s de Toulouse M\u00e9tropole\n        <\/p>\n<p>\n            Adresse :<br \/>\n            Avenue Concorde, 31840 Aussonne\n        <\/p>\n<p>\n            Tarif :<br \/>\n            Pass 1 jour : 69\u20ac regular, 79\u20ac hurry-up, Pass 3 jours : 169\u20ac regular, 179\u20ac hurry-up\n        <\/p>\n<p>\n            Contact :<br \/>\n            contact@rosefestival.fr\n        <\/p>\n","protected":false},"excerpt":{"rendered":"Cinq ans, d\u00e9j\u00e0 ! Et ce n&rsquo;est pas peu dire que le Rose Festival est fier de passer&hellip;\n","protected":false},"author":2,"featured_media":605018,"comment_status":"","ping_status":"","sticky":false,"template":"","format":"standard","meta":{"footnotes":""},"categories":[2816],"tags":[1111,11,1777,674,1011,27,12,2680,25,4251,2312],"class_list":{"0":"post-605017","1":"post","2":"type-post","3":"status-publish","4":"format-standard","5":"has-post-thumbnail","7":"category-toulouse","8":"tag-actu","9":"tag-actualites","10":"tag-eu","11":"tag-europe","12":"tag-fr","13":"tag-france","14":"tag-news","15":"tag-occitanie","16":"tag-republique-francaise","17":"tag-sortir","18":"tag-toulouse"},"share_on_mastodon":{"url":"https:\/\/pubeurope.com\/@fr\/115734511864798637","error":""},"_links":{"self":[{"href":"https:\/\/www.europesays.com\/fr\/wp-json\/wp\/v2\/posts\/605017","targetHints":{"allow":["GET"]}}],"collection":[{"href":"https:\/\/www.europesays.com\/fr\/wp-json\/wp\/v2\/posts"}],"about":[{"href":"https:\/\/www.europesays.com\/fr\/wp-json\/wp\/v2\/types\/post"}],"author":[{"embeddable":true,"href":"https:\/\/www.europesays.com\/fr\/wp-json\/wp\/v2\/users\/2"}],"replies":[{"embeddable":true,"href":"https:\/\/www.europesays.com\/fr\/wp-json\/wp\/v2\/comments?post=605017"}],"version-history":[{"count":0,"href":"https:\/\/www.europesays.com\/fr\/wp-json\/wp\/v2\/posts\/605017\/revisions"}],"wp:featuredmedia":[{"embeddable":true,"href":"https:\/\/www.europesays.com\/fr\/wp-json\/wp\/v2\/media\/605018"}],"wp:attachment":[{"href":"https:\/\/www.europesays.com\/fr\/wp-json\/wp\/v2\/media?parent=605017"}],"wp:term":[{"taxonomy":"category","embeddable":true,"href":"https:\/\/www.europesays.com\/fr\/wp-json\/wp\/v2\/categories?post=605017"},{"taxonomy":"post_tag","embeddable":true,"href":"https:\/\/www.europesays.com\/fr\/wp-json\/wp\/v2\/tags?post=605017"}],"curies":[{"name":"wp","href":"https:\/\/api.w.org\/{rel}","templated":true}]}}