{"id":605021,"date":"2025-12-17T10:48:15","date_gmt":"2025-12-17T10:48:15","guid":{"rendered":"https:\/\/www.europesays.com\/fr\/605021\/"},"modified":"2025-12-17T10:48:15","modified_gmt":"2025-12-17T10:48:15","slug":"les-polettes-vitrine-vintage","status":"publish","type":"post","link":"https:\/\/www.europesays.com\/fr\/605021\/","title":{"rendered":"Les Polettes : vitrine vintage"},"content":{"rendered":"<p class=\"introduction\">Depuis juin 2025, l\u2019enseigne lumineuse rose et orange des \u00ab Polettes \u00bb brille au 47 bis avenue Jean Lebas. Une friperie bien rang\u00e9e aux allures de concept-store vintage, des ann\u00e9es 60 aux ann\u00e9es 90.<\/p>\n<p>C\u2019est Amandine Mahieux qui est derri\u00e8re le comptoir de cette boutique aux allures r\u00e9tro, form\u00e9e \u00e0 ESMOD \u00e0 Roubaix et passionn\u00e9e de chine. \u00ab J\u2019ai donc d\u00e9cid\u00e9 de melancer et d\u2019ouvrir ma boutique \u00bb sourit-elle. Elle a choisi le nom \u00ab Les Polettes \u00bb, en souvenir de sa grand-m\u00e8re qui s\u2019appelait Paulette, mais aussi pour le jeu de mot avec \u00ab \u00e9paulette \u00bb, clin d\u2019oeil \u00e0 un accessoire \u00ab d\u2019\u00e9poque \u00bb.<\/p>\n<p>A l\u2019int\u00e9rieur de la jolie boutique au parquet ancien, plusieurs univers se c\u00f4toient : le vestiaire-friperie vintage, les arts de la table, et des cr\u00e9ations up-cycl\u00e9es. En ce moment, Amandine, cr\u00e9e des boucles d\u2019oreilles avec des papilles de lustre, des bougies coul\u00e9es dans des tasses anciennes et des gilets molletonn\u00e9s \u00e0 partir de tissus vintage.<\/p>\n<p>C\u00f4t\u00e9 v\u00eatements, tout est bien ordonn\u00e9 : les manteaux d\u2019un c\u00f4t\u00e9, les robes de soir\u00e9e, les pulls, les accessoires comme les foulards ou les sacs. La forte demande du moment ? \u00ab Les manteaux en fourrure synth\u00e9tique ! \u00bb Sa client\u00e8le brasse tous les \u00e2ges mais regroupe des passionn\u00e9es de mode qui \u00ab arrivent \u00e0 s\u2019approprier les pi\u00e8ces. \u00bb Et si on l\u2019interroge sur sa pi\u00e8ce ma\u00eetresse, elle nous pr\u00e9sente un magnifique manteau en cuir blanc Guy Laroche des ann\u00e9es 80.<\/p>\n","protected":false},"excerpt":{"rendered":"Depuis juin 2025, l\u2019enseigne lumineuse rose et orange des \u00ab Polettes \u00bb brille au 47 bis avenue Jean&hellip;\n","protected":false},"author":2,"featured_media":605022,"comment_status":"","ping_status":"","sticky":false,"template":"","format":"standard","meta":{"footnotes":""},"categories":[2815],"tags":[1111,11,215,1777,674,1011,27,811,1307,12,25],"class_list":{"0":"post-605021","1":"post","2":"type-post","3":"status-publish","4":"format-standard","5":"has-post-thumbnail","7":"category-lille","8":"tag-actu","9":"tag-actualites","10":"tag-commerce","11":"tag-eu","12":"tag-europe","13":"tag-fr","14":"tag-france","15":"tag-hauts-de-france","16":"tag-lille","17":"tag-news","18":"tag-republique-francaise"},"share_on_mastodon":{"url":"https:\/\/pubeurope.com\/@fr\/115734518667344458","error":""},"_links":{"self":[{"href":"https:\/\/www.europesays.com\/fr\/wp-json\/wp\/v2\/posts\/605021","targetHints":{"allow":["GET"]}}],"collection":[{"href":"https:\/\/www.europesays.com\/fr\/wp-json\/wp\/v2\/posts"}],"about":[{"href":"https:\/\/www.europesays.com\/fr\/wp-json\/wp\/v2\/types\/post"}],"author":[{"embeddable":true,"href":"https:\/\/www.europesays.com\/fr\/wp-json\/wp\/v2\/users\/2"}],"replies":[{"embeddable":true,"href":"https:\/\/www.europesays.com\/fr\/wp-json\/wp\/v2\/comments?post=605021"}],"version-history":[{"count":0,"href":"https:\/\/www.europesays.com\/fr\/wp-json\/wp\/v2\/posts\/605021\/revisions"}],"wp:featuredmedia":[{"embeddable":true,"href":"https:\/\/www.europesays.com\/fr\/wp-json\/wp\/v2\/media\/605022"}],"wp:attachment":[{"href":"https:\/\/www.europesays.com\/fr\/wp-json\/wp\/v2\/media?parent=605021"}],"wp:term":[{"taxonomy":"category","embeddable":true,"href":"https:\/\/www.europesays.com\/fr\/wp-json\/wp\/v2\/categories?post=605021"},{"taxonomy":"post_tag","embeddable":true,"href":"https:\/\/www.europesays.com\/fr\/wp-json\/wp\/v2\/tags?post=605021"}],"curies":[{"name":"wp","href":"https:\/\/api.w.org\/{rel}","templated":true}]}}