{"id":605027,"date":"2025-12-17T10:51:16","date_gmt":"2025-12-17T10:51:16","guid":{"rendered":"https:\/\/www.europesays.com\/fr\/605027\/"},"modified":"2025-12-17T10:51:16","modified_gmt":"2025-12-17T10:51:16","slug":"un-refus-dobtemperer-provoque-un-accident-quatre-blesses-dont-trois-policiers","status":"publish","type":"post","link":"https:\/\/www.europesays.com\/fr\/605027\/","title":{"rendered":"Un refus d\u2019obtemp\u00e9rer provoque un accident, quatre bless\u00e9s dont trois policiers"},"content":{"rendered":"<p>Une course-poursuite, quatre bless\u00e9s et un chauffard en fuite\u00a0: la nuit a \u00e9t\u00e9 agit\u00e9e mardi dans le secteur du Prado, \u00e0 <a href=\"https:\/\/www.20minutes.fr\/marseille\/\" class=\"c-link c-link--is-underlined\" rel=\"nofollow noopener\" target=\"_blank\">Marseille<\/a>, alors qu\u2019un <a href=\"https:\/\/www.20minutes.fr\/faits_divers\/refus-obtemperer\/\" class=\"c-link c-link--is-underlined\" rel=\"nofollow noopener\" target=\"_blank\">refus d\u2019obtemp\u00e9rer<\/a> a provoqu\u00e9 un accident entre un v\u00e9hicule de <a href=\"https:\/\/www.20minutes.fr\/dossier\/police\" class=\"c-link c-link--is-underlined\" rel=\"nofollow noopener\" target=\"_blank\">police<\/a> et une voiture tierce.<\/p>\n<p>En tentant de rattraper un conducteur qui avait refus\u00e9 de s\u2019arr\u00eater, les policiers ont ainsi <a href=\"https:\/\/www.20minutes.fr\/dossier\/accident_de_la_route\" class=\"c-link c-link--is-underlined\" rel=\"nofollow noopener\" target=\"_blank\">percut\u00e9 une voiture<\/a>, en franchissant un feu tricolore. Le gyrophare \u00e9tait activ\u00e9, pr\u00e9cise la pr\u00e9fecture de police des Bouches-du-Rh\u00f4ne. La conductrice du v\u00e9hicule ainsi que deux policiers ont \u00e9t\u00e9 bless\u00e9s dans la collision et transport\u00e9s \u00e0 l\u2019h\u00f4pital.<\/p>\n<\/p>\n<p>Un troisi\u00e8me policier bless\u00e9<\/p>\n<p>Mais la course-poursuite n\u2019est pas termin\u00e9e. Le chauffard est pris en chasse par un deuxi\u00e8me \u00e9quipage de police, qui tente d\u2019interpeller le v\u00e9hicule. Le conducteur force \u00e0 nouveau le passage, en blessant dans la man\u0153uvre un troisi\u00e8me fonctionnaire de police, \u00e9galement transport\u00e9 \u00e0 l\u2019h\u00f4pital.<\/p>\n<p>Le conducteur mis en cause n\u2019a pas \u00e9t\u00e9 interpell\u00e9 mais reste \u00ab\u00a0activement recherch\u00e9\u00a0\u00bb, selon la pr\u00e9fecture de police. Son v\u00e9hicule a \u00e9t\u00e9 identifi\u00e9 et les d\u00e9partements voisins des <a href=\"https:\/\/www.20minutes.fr\/dossier\/bouches-rhone\" class=\"c-link c-link--is-underlined\" rel=\"nofollow noopener\" target=\"_blank\">Bouches-du-Rh\u00f4ne<\/a> ont \u00e9galement \u00e9t\u00e9 alert\u00e9s. Sur les quatre bless\u00e9s, aucun pronostic vital n\u2019est \u00e0 d\u00e9plorer. La pr\u00e9f\u00e8te de police d\u00e9l\u00e9gu\u00e9e, Corinne Simon, indique souhaiter un \u00ab\u00a0prompt r\u00e9tablissement\u00a0\u00bb aux bless\u00e9s.<\/p>\n","protected":false},"excerpt":{"rendered":"Une course-poursuite, quatre bless\u00e9s et un chauffard en fuite\u00a0: la nuit a \u00e9t\u00e9 agit\u00e9e mardi dans le secteur&hellip;\n","protected":false},"author":2,"featured_media":605028,"comment_status":"","ping_status":"","sticky":false,"template":"","format":"standard","meta":{"footnotes":""},"categories":[2814],"tags":[4376,1111,47,11,885,19462,1777,674,118,7505,1011,27,884,12,883,1072,882,2852,25,4752],"class_list":{"0":"post-605027","1":"post","2":"type-post","3":"status-publish","4":"format-standard","5":"has-post-thumbnail","7":"category-marseille","8":"tag-accident-de-la-route","9":"tag-actu","10":"tag-actualite","11":"tag-actualites","12":"tag-bouches-du-rhone","13":"tag-delit-de-fuite","14":"tag-eu","15":"tag-europe","16":"tag-faits-divers","17":"tag-faits-divers-marseille","18":"tag-fr","19":"tag-france","20":"tag-marseille","21":"tag-news","22":"tag-paca","23":"tag-police","24":"tag-provence-alpes-cote-dazur","25":"tag-refus-dobtemperer","26":"tag-republique-francaise","27":"tag-voiture"},"share_on_mastodon":{"url":"https:\/\/pubeurope.com\/@fr\/115734530269467395","error":""},"_links":{"self":[{"href":"https:\/\/www.europesays.com\/fr\/wp-json\/wp\/v2\/posts\/605027","targetHints":{"allow":["GET"]}}],"collection":[{"href":"https:\/\/www.europesays.com\/fr\/wp-json\/wp\/v2\/posts"}],"about":[{"href":"https:\/\/www.europesays.com\/fr\/wp-json\/wp\/v2\/types\/post"}],"author":[{"embeddable":true,"href":"https:\/\/www.europesays.com\/fr\/wp-json\/wp\/v2\/users\/2"}],"replies":[{"embeddable":true,"href":"https:\/\/www.europesays.com\/fr\/wp-json\/wp\/v2\/comments?post=605027"}],"version-history":[{"count":0,"href":"https:\/\/www.europesays.com\/fr\/wp-json\/wp\/v2\/posts\/605027\/revisions"}],"wp:featuredmedia":[{"embeddable":true,"href":"https:\/\/www.europesays.com\/fr\/wp-json\/wp\/v2\/media\/605028"}],"wp:attachment":[{"href":"https:\/\/www.europesays.com\/fr\/wp-json\/wp\/v2\/media?parent=605027"}],"wp:term":[{"taxonomy":"category","embeddable":true,"href":"https:\/\/www.europesays.com\/fr\/wp-json\/wp\/v2\/categories?post=605027"},{"taxonomy":"post_tag","embeddable":true,"href":"https:\/\/www.europesays.com\/fr\/wp-json\/wp\/v2\/tags?post=605027"}],"curies":[{"name":"wp","href":"https:\/\/api.w.org\/{rel}","templated":true}]}}