{"id":605043,"date":"2025-12-17T11:00:15","date_gmt":"2025-12-17T11:00:15","guid":{"rendered":"https:\/\/www.europesays.com\/fr\/605043\/"},"modified":"2025-12-17T11:00:15","modified_gmt":"2025-12-17T11:00:15","slug":"guerre-en-ukraine-trump-va-t-il-reussir-a-tordre-le-bras-de-poutine-la-russie-menacee-par-les-etats-unis-de-nouvelles-sanctions-contre-son-secteur-energique-si-elle-refuse-la-paix","status":"publish","type":"post","link":"https:\/\/www.europesays.com\/fr\/605043\/","title":{"rendered":"Guerre en Ukraine\u00a0: Trump va-t-il r\u00e9ussir \u00e0 tordre le bras de Poutine\u00a0? La Russie menac\u00e9e par les \u00c9tats-Unis de nouvelles sanctions contre son secteur \u00e9nergique si elle refuse la paix"},"content":{"rendered":"<p>\n                                                                Les \u00c9tats-Unis pr\u00e9pareraient une nouvelle s\u00e9rie de sanctions contre le secteur \u00e9nerg\u00e9tique russe telles que le ciblage des p\u00e9troliers de la flotte \u00ab\u00a0fant\u00f4me\u00a0\u00bb russe, ainsi que des interm\u00e9diaires qui facilitent l\u2019achat de brut russe.\n                            <\/p>\n<p>Les \u00c9tats-Unis pr\u00e9parent une nouvelle s\u00e9rie de sanctions contre le secteur \u00e9nerg\u00e9tique russe afin d\u2019accro\u00eetre la pression sur Moscou si Vladimir Poutine devait rejeter l\u2019accord de paix en cours d\u2019\u00e9laboration avec l\u2019Ukraine, rapporte l\u2019agence Bloomberg mercredi.<\/p>\n<p>Les \u00c9tats-Unis envisagent des options telles que le ciblage des p\u00e9troliers de la flotte \u00ab\u00a0fant\u00f4me\u00a0\u00bb russe, ainsi que des interm\u00e9diaires qui facilitent l\u2019achat de brut russe, pr\u00e9cise l\u2019agence en citant des sources au fait du dossier.<\/p>\n<p>Reuters n\u2019a pu confirmer imm\u00e9diatement cette information. La Maison Blanche et le d\u00e9partement d\u2019\u00c9tat am\u00e9ricain n\u2019ont pas r\u00e9pondu imm\u00e9diatement aux demandes de commentaires.<\/p>\n<p>Les nouvelles mesures pourraient \u00eatre annonc\u00e9es d\u00e8s cette semaine, selon Bloomberg. Le secr\u00e9taire am\u00e9ricain au Tr\u00e9sor, Scott Bessent, a \u00e9voqu\u00e9 cette mesure lors de sa rencontre avec un groupe d\u2019ambassadeurs europ\u00e9ens en d\u00e9but de semaine, indique l\u2019agence.<\/p>\n","protected":false},"excerpt":{"rendered":"Les \u00c9tats-Unis pr\u00e9pareraient une nouvelle s\u00e9rie de sanctions contre le secteur \u00e9nerg\u00e9tique russe telles que le ciblage des&hellip;\n","protected":false},"author":2,"featured_media":605044,"comment_status":"","ping_status":"","sticky":false,"template":"","format":"standard","meta":{"footnotes":""},"categories":[1591],"tags":[1111,11,1887,131,14,12,1885,1886,132],"class_list":{"0":"post-605043","1":"post","2":"type-post","3":"status-publish","4":"format-standard","5":"has-post-thumbnail","7":"category-russie","8":"tag-actu","9":"tag-actualites","10":"tag-federation-de-russie","11":"tag-guerre-en-ukraine","12":"tag-international","13":"tag-news","14":"tag-russia","15":"tag-russian-federation","16":"tag-russie"},"share_on_mastodon":{"url":"https:\/\/pubeurope.com\/@fr\/115734565637977420","error":""},"_links":{"self":[{"href":"https:\/\/www.europesays.com\/fr\/wp-json\/wp\/v2\/posts\/605043","targetHints":{"allow":["GET"]}}],"collection":[{"href":"https:\/\/www.europesays.com\/fr\/wp-json\/wp\/v2\/posts"}],"about":[{"href":"https:\/\/www.europesays.com\/fr\/wp-json\/wp\/v2\/types\/post"}],"author":[{"embeddable":true,"href":"https:\/\/www.europesays.com\/fr\/wp-json\/wp\/v2\/users\/2"}],"replies":[{"embeddable":true,"href":"https:\/\/www.europesays.com\/fr\/wp-json\/wp\/v2\/comments?post=605043"}],"version-history":[{"count":0,"href":"https:\/\/www.europesays.com\/fr\/wp-json\/wp\/v2\/posts\/605043\/revisions"}],"wp:featuredmedia":[{"embeddable":true,"href":"https:\/\/www.europesays.com\/fr\/wp-json\/wp\/v2\/media\/605044"}],"wp:attachment":[{"href":"https:\/\/www.europesays.com\/fr\/wp-json\/wp\/v2\/media?parent=605043"}],"wp:term":[{"taxonomy":"category","embeddable":true,"href":"https:\/\/www.europesays.com\/fr\/wp-json\/wp\/v2\/categories?post=605043"},{"taxonomy":"post_tag","embeddable":true,"href":"https:\/\/www.europesays.com\/fr\/wp-json\/wp\/v2\/tags?post=605043"}],"curies":[{"name":"wp","href":"https:\/\/api.w.org\/{rel}","templated":true}]}}