{"id":605047,"date":"2025-12-17T11:02:12","date_gmt":"2025-12-17T11:02:12","guid":{"rendered":"https:\/\/www.europesays.com\/fr\/605047\/"},"modified":"2025-12-17T11:02:12","modified_gmt":"2025-12-17T11:02:12","slug":"donald-trump-annonce-un-blocus-americain-au-venezuela-pour-les-petroliers-sous-sanctions","status":"publish","type":"post","link":"https:\/\/www.europesays.com\/fr\/605047\/","title":{"rendered":"Donald Trump annonce un blocus am\u00e9ricain au Venezuela pour les p\u00e9troliers sous sanctions"},"content":{"rendered":"<p>Les \u00c9tats-Unis accentuent leur pression sur <a target=\"_self\" href=\"https:\/\/www.lanouvellerepublique.fr\/a-la-une\/venezuela-maduro-un-president-genereux-avec-une-armee-qui-le-lui-rend-bien\" rel=\"noopener\">le pr\u00e9sident v\u00e9n\u00e9zu\u00e9lien, Nicol\u00e1s Maduro<\/a>. \u00ab\u00a0Aujourd\u2019hui, j\u2019ordonne un blocus total et complet de tous les p\u00e9troliers sanctionn\u00e9s entrant et sortant du Venezuela\u00a0\u00bb, a \u00e9crit Donald Trump, sur son r\u00e9seau Truth Social mardi 16\u00a0d\u00e9cembre. Le gouvernement de son homologue v\u00e9n\u00e9zu\u00e9lien utilise le p\u00e9trole pour financer \u00ab\u00a0le narcoterrorisme, la traite d\u2019\u00eatres humains, les meurtres et les enl\u00e8vements\u00a0\u00bb, a justifi\u00e9 le pr\u00e9sident am\u00e9ricain, reprenant sa rh\u00e9torique habituelle. Dans son message, il a aussi affirm\u00e9 que \u00ab\u00a0le r\u00e9gime v\u00e9n\u00e9zu\u00e9lien avait \u00e9t\u00e9 d\u00e9sign\u00e9 comme une organisation terroriste internationale\u00a0\u00bb par son administration.<\/p>\n<p>Caracas a r\u00e9pondu en qualifiant de \u00ab\u00a0menace grotesque\u00a0\u00bb cette annonce. \u00ab\u00a0Le pr\u00e9sident des \u00c9tats-Unis tente d\u2019imposer de mani\u00e8re absolument irrationnelle un pr\u00e9tendu blocus naval militaire au Venezuela dans le but de voler les richesses qui appartiennent \u00e0 notre patrie\u00a0\u00bb, a r\u00e9torqu\u00e9 le gouvernement v\u00e9n\u00e9zu\u00e9lien dans un communiqu\u00e9.<\/p>\n<p>Pour\u00a0Mar\u00eda Corina Machado, Nicol\u00e1s Maduro \u00ab\u00a0doit partir\u00a0\u00bb<\/p>\n<p>L\u2019administration Trump accuse Nicol\u00e1s Maduro d\u2019\u00eatre \u00e0 la t\u00eate d\u2019un vaste r\u00e9seau de narcotrafic. L\u2019int\u00e9ress\u00e9 d\u00e9ment cat\u00e9goriquement, affirmant que Washington cherche \u00e0 le renverser pour s\u2019emparer du p\u00e9trole v\u00e9n\u00e9zu\u00e9lien, la principale ressource de son pays.<\/p>\n<p>Les \u00c9tats-Unis ont d\u00e9ploy\u00e9 depuis cet \u00e9t\u00e9 <a target=\"_self\" href=\"https:\/\/www.lanouvellerepublique.fr\/a-la-une\/la-france-preoccupee-par-les-operations-militaires-americaines-dans-les-caraibes-1762948455\" rel=\"noopener\">un important dispositif militaire dans les Cara\u00efbes<\/a>\u00a0et bombard\u00e9 des embarcations en provenance du Venezuela au nom de la lutte contre le narcotrafic. \u00ab\u00a0Le Venezuela est enti\u00e8rement encercl\u00e9 par la plus grande armada jamais assembl\u00e9e dans l\u2019histoire de l\u2019Am\u00e9rique du Sud\u00a0\u00bb, a affirm\u00e9 Donald Trump. Le d\u00e9ploiement am\u00e9ricain \u00ab\u00a0ne fera que s\u2019accro\u00eetre et le choc qu\u2019ils subiront sera sans pr\u00e9c\u00e9dent\u00a0\u2013 jusqu\u2019\u00e0 ce qu\u2019ils rendent aux \u00c9tats-Unis d\u2019Am\u00e9rique le p\u00e9trole, les terres et les autres actifs qu\u2019ils nous ont pr\u00e9c\u00e9demment vol\u00e9s\u00a0\u00bb, a ajout\u00e9 le pr\u00e9sident am\u00e9ricain, qui a toujours maintenu le flou sur la possibilit\u00e9 d\u2019une intervention terrestre sur le sol v\u00e9n\u00e9zu\u00e9lien.<\/p>\n<p>Donald Trump n\u2019a pas d\u00e9velopp\u00e9 ses accusations de vols de p\u00e9trole et de terres. Dans les ann\u00e9es 1970, le Venezuela a nationalis\u00e9 son industrie p\u00e9troli\u00e8re et sous la pr\u00e9sidence d\u2019Hugo Chavez (1999-2013), les \u00ab\u00a0majors\u00a0\u00bb \u00e9trang\u00e8res ont \u00e9t\u00e9 oblig\u00e9es, pour rester dans le pays, d\u2019accepter des coentreprises majoritairement d\u00e9tenues par la compagnie d\u2019\u00c9tat PDVSA.\u00a0La compagnie am\u00e9ricaine Chevron, qui continue \u00e0 travailler au Venezuela au b\u00e9n\u00e9fice d\u2019une dispense de sanctions, a indiqu\u00e9 mardi que ses op\u00e9rations \u00ab\u00a0continuent sans interruption et dans le plein respect des lois\u00a0\u00bb.\u00a0Soumis \u00e0 un embargo am\u00e9ricain depuis 2019, le p\u00e9trole v\u00e9n\u00e9zu\u00e9lien est \u00e9coul\u00e9 sur le march\u00e9 noir \u00e0 des prix nettement plus bas, \u00e0 destination en particulier de la Chine.<\/p>\n<p>L\u2019administration Trump face aux questions du Congr\u00e8s<\/p>\n<p>Le durcissement de la politique am\u00e9ricaine contre Caracas a \u00e9t\u00e9 salu\u00e9 par <a target=\"_self\" href=\"https:\/\/www.lanouvellerepublique.fr\/a-la-une\/le-prix-nobel-de-la-paix-a-ete-remis-a-la-fille-de-l-opposante-venezuelienne-maria-corina-machado-en-l-absence-de-la-laureate-1765377166\" rel=\"noopener\">l\u2019opposante v\u00e9n\u00e9zu\u00e9lienne Mar\u00eda Corina Machado, prix Nobel de la paix 2025<\/a>. Elle a m\u00eame appel\u00e9 ce week-end, sur la cha\u00eene am\u00e9ricaine CBS, \u00e0 exercer plus de \u00ab\u00a0pression\u00a0\u00bb afin que \u00ab\u00a0Maduro comprenne qu\u2019il doit partir\u00a0\u00bb.<\/p>\n<p>La semaine derni\u00e8re, les forces am\u00e9ricaines ont saisi en mer des Cara\u00efbes un p\u00e9trolier \u00e0 destination de Cuba, le Skipper.\u00a0Le navire transportait entre un et deux millions de barils de brut v\u00e9n\u00e9zu\u00e9lien, selon plusieurs sources, pour une valeur de 50 \u00e0 100\u00a0millions de dollars.\u00a0Selon Washington, le navire \u00e9tait sous sanctions am\u00e9ricaines depuis 2022 pour des liens pr\u00e9sum\u00e9s avec le Corps des Gardiens de la R\u00e9volution islamique iranienne et le Hezbollah libanais.\u00a0Selon la Maison-Blanche, les \u00c9tats-Unis entendent \u00ab\u00a0saisir le p\u00e9trole\u00a0\u00bb du Skipper, reconnaissant cependant que cela posait des questions juridiques.<\/p>\n<p>L\u2019annonce de blocus Donald Trump survient alors que les ministres am\u00e9ricains de la D\u00e9fense et des Affaires \u00e9trang\u00e8res ont d\u00e9fendu mardi au Congr\u00e8s les frappes men\u00e9es contre des embarcations soup\u00e7onn\u00e9es de narcotrafic dans les Cara\u00efbes.\u00a0Depuis d\u00e9but septembre, le pr\u00e9sident am\u00e9ricain a ordonn\u00e9 des frappes contre au moins 26 navires dans les Cara\u00efbes ou l\u2019est du Pacifique, tuant au moins 95 personnes, sans jamais fournir de preuve de leur implication dans le trafic de drogues.\u00a0Le sujet a soulev\u00e9 de vifs d\u00e9bats \u00e0 Washington, notamment une op\u00e9ration datant de d\u00e9but septembre au cours de laquelle l\u2019arm\u00e9e a tir\u00e9 deux salves, la seconde achevant les deux survivants d\u2019un bateau d\u00e9j\u00e0 en flammes.<\/p>\n","protected":false},"excerpt":{"rendered":"Les \u00c9tats-Unis accentuent leur pression sur le pr\u00e9sident v\u00e9n\u00e9zu\u00e9lien, Nicol\u00e1s Maduro. \u00ab\u00a0Aujourd\u2019hui, j\u2019ordonne un blocus total et complet&hellip;\n","protected":false},"author":2,"featured_media":605048,"comment_status":"","ping_status":"","sticky":false,"template":"","format":"standard","meta":{"footnotes":""},"categories":[1589],"tags":[328,11,5165,75,893,73,1866,329,74,12,316,1864,1865,1863,308],"class_list":{"0":"post-605047","1":"post","2":"type-post","3":"status-publish","4":"format-standard","5":"has-post-thumbnail","7":"category-etats-unis","8":"tag-a-la-une","9":"tag-actualites","10":"tag-amerique-du-sud","11":"tag-donald-trump","12":"tag-energie","13":"tag-etats-unis","14":"tag-etats-unis-damerique","15":"tag-france-monde","16":"tag-monde","17":"tag-news","18":"tag-politique","19":"tag-united-states","20":"tag-united-states-of-america","21":"tag-us","22":"tag-usa"},"share_on_mastodon":{"url":"https:\/\/pubeurope.com\/@fr\/115734573584796451","error":""},"_links":{"self":[{"href":"https:\/\/www.europesays.com\/fr\/wp-json\/wp\/v2\/posts\/605047","targetHints":{"allow":["GET"]}}],"collection":[{"href":"https:\/\/www.europesays.com\/fr\/wp-json\/wp\/v2\/posts"}],"about":[{"href":"https:\/\/www.europesays.com\/fr\/wp-json\/wp\/v2\/types\/post"}],"author":[{"embeddable":true,"href":"https:\/\/www.europesays.com\/fr\/wp-json\/wp\/v2\/users\/2"}],"replies":[{"embeddable":true,"href":"https:\/\/www.europesays.com\/fr\/wp-json\/wp\/v2\/comments?post=605047"}],"version-history":[{"count":0,"href":"https:\/\/www.europesays.com\/fr\/wp-json\/wp\/v2\/posts\/605047\/revisions"}],"wp:featuredmedia":[{"embeddable":true,"href":"https:\/\/www.europesays.com\/fr\/wp-json\/wp\/v2\/media\/605048"}],"wp:attachment":[{"href":"https:\/\/www.europesays.com\/fr\/wp-json\/wp\/v2\/media?parent=605047"}],"wp:term":[{"taxonomy":"category","embeddable":true,"href":"https:\/\/www.europesays.com\/fr\/wp-json\/wp\/v2\/categories?post=605047"},{"taxonomy":"post_tag","embeddable":true,"href":"https:\/\/www.europesays.com\/fr\/wp-json\/wp\/v2\/tags?post=605047"}],"curies":[{"name":"wp","href":"https:\/\/api.w.org\/{rel}","templated":true}]}}