{"id":605051,"date":"2025-12-17T11:04:14","date_gmt":"2025-12-17T11:04:14","guid":{"rendered":"https:\/\/www.europesays.com\/fr\/605051\/"},"modified":"2025-12-17T11:04:14","modified_gmt":"2025-12-17T11:04:14","slug":"lue-propose-de-renoncer-a-linterdiction-des-vehicules-thermique-pour-2035-lallemagne-se-rejouit","status":"publish","type":"post","link":"https:\/\/www.europesays.com\/fr\/605051\/","title":{"rendered":"L&rsquo;UE propose de renoncer \u00e0 l&rsquo;interdiction des v\u00e9hicules thermique pour 2035, l&rsquo;Allemagne se r\u00e9jouit"},"content":{"rendered":"<p>Face \u00e0 la crise que traverse le secteur automobile en Europe, l&rsquo;Union europ\u00e9enne a renonc\u00e9 mardi \u00e0 imposer aux constructeurs de v\u00e9hicules de passer au tout-\u00e9lectrique \u00e0 partir de 2035, qui \u00e9tait une mesure environnementale phare.<\/p>\n<p>Les constructeurs pourront continuer \u00e0 vendre une part limit\u00e9e de voitures neuves \u00e9quip\u00e9es de moteurs thermiques ou hybrides, sous r\u00e9serve de respecter de multiples conditions, notamment de <a href=\"https:\/\/www.geo.fr\/environnement\/utilise-a-mauvais-escient-depuis-20-ans-le-piege-de-la-captation-carbone-se-referme-sur-l-humanite-229482\" target=\"_blank\" rel=\"noopener\">compenser<\/a> les \u00e9missions de CO2 qui d\u00e9couleront de ces \u00ab\u00a0flexibilit\u00e9s\u00a0\u00bb, a pr\u00e9cis\u00e9 la Commission europ\u00e9enne.<\/p>\n<p>En assouplissant l&rsquo;objectif pour 2035, l&rsquo;UE ne renonce pas \u00e0 ses ambitions climatiques, mais adopte une approche \u00ab\u00a0pragmatique\u00a0\u00bb face aux difficult\u00e9s rencontr\u00e9es par l&rsquo;industrie automobile, a d\u00e9fendu le commissaire europ\u00e9en St\u00e9phane S\u00e9journ\u00e9, qui a pilot\u00e9 ce plan.<\/p>\n<p>\u00ab\u00a0L&rsquo;objectif reste le m\u00eame, les flexibilit\u00e9s sont des r\u00e9alit\u00e9s pragmatiques au vu de l&rsquo;adh\u00e9sion des consommateurs, de la difficult\u00e9 des constructeurs \u00e0 proposer sur le march\u00e9 du 100% \u00e9lectrique pour 2035\u00a0\u00bb, a-t-il affirm\u00e9, dans un entretien \u00e0 l&rsquo;AFP.<\/p>\n<p>Avec cette mesure, l&rsquo;UE est sur le \u00ab\u00a0bon chemin\u00a0\u00bb, a approuv\u00e9 le chancelier allemand Friedrich Merz.<\/p>\n<p>De son c\u00f4t\u00e9, le pr\u00e9sident fran\u00e7ais Emmanuel Macron a salu\u00e9 \u00ab\u00a0l&rsquo;\u00e9quilibre de la proposition de la Commission\u00a0\u00bb, qui tient compte de plusieurs demandes fran\u00e7aises.<\/p>\n<p>L&rsquo;interdiction de vendre des voitures \u00e0 moteur thermique ou hybride \u00e0 partir de 2035 \u00e9tait une mesure embl\u00e9matique du grand \u00ab\u00a0Pacte vert europ\u00e9en\u00a0\u00bb, pour aider l&rsquo;UE \u00e0 tenir son engagement d&rsquo;atteindre la neutralit\u00e9 carbone en 2050.<\/p>\n<p>Mais l&rsquo;Europe, face \u00e0 la concurrence de la Chine et aux tensions commerciales avec les <a href=\"https:\/\/www.geo.fr\/geopolitique\/voiture-electrique-les-etats-unis-et-la-chine-menent-une-guerre-du-graphite-et-washington-pourrait-perdre-220651\" target=\"_blank\" rel=\"noopener\">\u00c9tats-Unis<\/a>, a d\u00e9j\u00e0 repouss\u00e9 ou \u00e9lagu\u00e9 ces derniers mois plusieurs mesures environnementales, dans un virage pro-business assum\u00e9.<\/p>\n<p>L&rsquo;Allemagne a fait entendre la voix de son industrie automobile<\/p>\n<p>\u00c0 la place de l&rsquo;interdiction des voitures neuves \u00e0 moteur thermique ou hybride qui \u00e9tait pr\u00e9vue, les constructeurs devront r\u00e9duire de 90% les \u00e9missions de CO2 de leurs ventes par rapport aux niveaux de 2021, et <a href=\"https:\/\/www.geo.fr\/environnement\/bruler-les-reserves-fossiles-et-compenser-en-plantant-des-forets-la-surface-a-convertir-serait-tout-simplement-hors-d-atteinte-227179\" target=\"_blank\" rel=\"noopener\">compenser<\/a> les 10% d&rsquo;\u00e9missions restantes. Bruxelles assure ainsi que le secteur sera bien d\u00e9carbon\u00e9 \u00e0 100% \u00e0 l&rsquo;horizon 2050.<\/p>\n<p>Les constructeurs du Vieux Continent r\u00e9clamaient des \u00ab\u00a0flexibilit\u00e9s\u00a0\u00bb depuis des mois, alors qu&rsquo;ils sont plomb\u00e9s par des ventes durablement atones, tandis que leurs <a href=\"https:\/\/www.geo.fr\/environnement\/le-dumping-de-pekin-ue-ouvre-une-enquete-sur-les-subventions-aux-voitures-electriques-en-chine-216619\" target=\"_blank\" rel=\"noopener\">rivaux chinois<\/a>, dont <a href=\"https:\/\/www.geo.fr\/geopolitique\/le-geant-chinois-byd-pret-a-terrasser-tesla-dans-la-course-aux-voitures-electriques-227606\" target=\"_blank\" rel=\"noopener\">BYD<\/a>, voient leurs parts de march\u00e9 s&rsquo;envoler avec leurs mod\u00e8les \u00e9lectriques aux prix attractifs.<\/p>\n<p>Pourtant, les r\u00e9actions \u00e9taient mitig\u00e9es mardi du c\u00f4t\u00e9 des constructeurs.<\/p>\n<p>Si le groupe allemand Volkswagen a salu\u00e9 une d\u00e9cision \u00ab\u00a0pragmatique\u00a0\u00bb et \u00ab\u00a0\u00e9conomique saine\u00a0\u00bb, la principale f\u00e9d\u00e9ration de l&rsquo;industrie automobile allemande, VDA, a jug\u00e9 le plan de Bruxelles \u00ab\u00a0funeste\u00a0\u00bb et assorti de trop d&rsquo;obstacles pour \u00eatre efficace.<\/p>\n<p>L&rsquo;ONG Greenpeace a pourfendu une \u00ab\u00a0mauvaise nouvelle\u00a0\u00bb, tandis que pour le R\u00e9seau action climat, \u00ab\u00a0il s&rsquo;agit d&rsquo;un recul aussi symbolique que mortif\u00e8re pour l&rsquo;industrie automobile europ\u00e9enne, ses emplois et le climat\u00a0\u00bb.<\/p>\n<p>Ces assouplissements ont fait l&rsquo;objet d&rsquo;intenses tractations entre la Commission et les \u00c9tats membres, qui cherchaient \u00e0 d\u00e9fendre au mieux les int\u00e9r\u00eats de leurs industries respectives, jusqu&rsquo;au dernier moment.<\/p>\n<p>D&rsquo;un c\u00f4t\u00e9, un bloc de pays dont l&rsquo;<a href=\"https:\/\/www.geo.fr\/environnement\/l-allemagne-demande-a-l-ue-de-revoir-l-interdiction-des-vehicules-non-electriques-neufs-prevue-en-2035-229767\" target=\"_blank\" rel=\"noopener\">Allemagne<\/a> et l&rsquo;Italie d\u00e9fendaient \u00e0 cor et \u00e0 cri la \u00ab\u00a0neutralit\u00e9 technologique\u00a0\u00bb, c&rsquo;est-\u00e0-dire le maintien \u00e0 partir de 2035 des moteurs thermiques, en mettant en avant des technologies plus \u00e9conomes en CO2 (hybrides rechargeables, v\u00e9hicules <a href=\"https:\/\/www.geo.fr\/sciences\/invention-de-nouvelles-batteries-au-sodium-elles-pourraient-rendre-les-vehicules-electriques-plus-securises-et-moins-couteux-230024\" target=\"_blank\" rel=\"noopener\">\u00e9lectriques<\/a> \u00e9quip\u00e9s de prolongateurs d&rsquo;autonomie&#8230;) et le recours aux carburants alternatifs.<\/p>\n<p>Un soutien aux batteries<\/p>\n<p>\u00c0 l&rsquo;inverse, France et Espagne appelaient l&rsquo;UE \u00e0 d\u00e9vier le moins possible de l&rsquo;objectif 2035, afin de ne pas saper les efforts de certains constructeurs pour se convertir au tout-\u00e9lectrique, et ne pas d\u00e9truire la fili\u00e8re en pleine \u00e9closion des batteries de voitures \u00e9lectriques.<\/p>\n<p>Pour r\u00e9pondre \u00e0 ces craintes, la Commission a d\u00e9voil\u00e9 mardi une s\u00e9rie de mesures de soutien \u00e0 l&rsquo;\u00e9lectrification du secteur, passant par l&rsquo;encouragement au \u00ab\u00a0verdissement\u00a0\u00bb des flottes d&rsquo;entreprises et des pr\u00eats \u00e0 taux z\u00e9ro pour la production de batteries.<\/p>\n<p>M. S\u00e9journ\u00e9 a \u00e9galement confirm\u00e9 l&rsquo;instauration d&rsquo;une \u00ab\u00a0pr\u00e9f\u00e9rence europ\u00e9enne\u00a0\u00bb dans l&rsquo;automobile, c&rsquo;est-\u00e0-dire l&rsquo;obligation pour les industriels b\u00e9n\u00e9ficiant de financements publics de se fournir en composants \u00ab\u00a0made in Europe\u00a0\u00bb.<\/p>\n<p>Une fa\u00e7on tr\u00e8s concr\u00e8te de soutenir toute la cha\u00eene des \u00e9quipementiers, fournisseurs et sous-traitants.<\/p>\n<p>Pour la France, cette mesure sur la pr\u00e9f\u00e9rence europ\u00e9enne \u00ab\u00a0est une \u00e9norme victoire\u00a0\u00bb, a estim\u00e9 la ministre fran\u00e7aise de la Transition \u00e9cologique Monique Barbut aupr\u00e8s de l&rsquo;AFP.<\/p>\n<p>Celle-ci a cependant regrett\u00e9 la flexibilit\u00e9 accord\u00e9e aux v\u00e9hicules thermiques, \u00e0 laquelle elle entend s&rsquo;opposer lors des n\u00e9gociations qui vont s&rsquo;ouvrir au sein des Vingt-Sept.<\/p>\n<p>Car ces propositions devront encore \u00eatre approuv\u00e9es par les \u00c9tats membres et le Parlement europ\u00e9en.<\/p>\n<p>Enfin, la Commission veut encourager le d\u00e9veloppement de petits v\u00e9hicules \u00e9lectriques europ\u00e9ens aux tarifs \u00ab\u00a0abordables\u00a0\u00bb.<\/p>\n","protected":false},"excerpt":{"rendered":"Face \u00e0 la crise que traverse le secteur automobile en Europe, l&rsquo;Union europ\u00e9enne a renonc\u00e9 mardi \u00e0 imposer&hellip;\n","protected":false},"author":2,"featured_media":605052,"comment_status":"","ping_status":"","sticky":false,"template":"","format":"standard","meta":{"footnotes":""},"categories":[1587],"tags":[11,672,646,1804,1129,1805,1803,1777,674,1801,12,1800,1802,1778,18162],"class_list":{"0":"post-605051","1":"post","2":"type-post","3":"status-publish","4":"format-standard","5":"has-post-thumbnail","7":"category-allemagne","8":"tag-actualites","9":"tag-allemagne","10":"tag-automobile","11":"tag-bundesrepublik-deutschland","12":"tag-climat","13":"tag-de","14":"tag-deutschland","15":"tag-eu","16":"tag-europe","17":"tag-germany","18":"tag-news","19":"tag-pollution","20":"tag-republique-federale-dallemagne","21":"tag-ue","22":"tag-voiture-u00e9lectrique"},"share_on_mastodon":{"url":"https:\/\/pubeurope.com\/@fr\/115734581353964372","error":""},"_links":{"self":[{"href":"https:\/\/www.europesays.com\/fr\/wp-json\/wp\/v2\/posts\/605051","targetHints":{"allow":["GET"]}}],"collection":[{"href":"https:\/\/www.europesays.com\/fr\/wp-json\/wp\/v2\/posts"}],"about":[{"href":"https:\/\/www.europesays.com\/fr\/wp-json\/wp\/v2\/types\/post"}],"author":[{"embeddable":true,"href":"https:\/\/www.europesays.com\/fr\/wp-json\/wp\/v2\/users\/2"}],"replies":[{"embeddable":true,"href":"https:\/\/www.europesays.com\/fr\/wp-json\/wp\/v2\/comments?post=605051"}],"version-history":[{"count":0,"href":"https:\/\/www.europesays.com\/fr\/wp-json\/wp\/v2\/posts\/605051\/revisions"}],"wp:featuredmedia":[{"embeddable":true,"href":"https:\/\/www.europesays.com\/fr\/wp-json\/wp\/v2\/media\/605052"}],"wp:attachment":[{"href":"https:\/\/www.europesays.com\/fr\/wp-json\/wp\/v2\/media?parent=605051"}],"wp:term":[{"taxonomy":"category","embeddable":true,"href":"https:\/\/www.europesays.com\/fr\/wp-json\/wp\/v2\/categories?post=605051"},{"taxonomy":"post_tag","embeddable":true,"href":"https:\/\/www.europesays.com\/fr\/wp-json\/wp\/v2\/tags?post=605051"}],"curies":[{"name":"wp","href":"https:\/\/api.w.org\/{rel}","templated":true}]}}